{"id":996,"date":"2022-06-28T20:20:13","date_gmt":"2022-06-28T20:20:13","guid":{"rendered":"http:\/\/insideamateurfussball-ffm.de\/?p=996"},"modified":"2025-01-04T12:41:24","modified_gmt":"2025-01-04T11:41:24","slug":"kla1-vier-kol-absteiger-in-einer-staffel","status":"publish","type":"post","link":"https:\/\/insideamateurfussball-ffm.de\/?p=996","title":{"rendered":"KLA1: Vier KOL-Absteiger in einer Staffel!"},"content":{"rendered":"<h5>Die Einteilung der beiden Staffeln der A-Klasse ist vollzogen und auch die Spielpl\u00e4ne sind raus. Heute werfen wir einen Blick in die Zusammensetzung der Gruppe 1 der A-Klasse, der fr\u00fcher sogenannten Nordwest-Gruppe. Mit dem FC Maroc, dem SV Griesheim Tarik, der TSG Nieder-Erlenbach und dem FV Saz-Rock landen gleich vier der f\u00fcnf KOL-Absteiger in einer Staffel! Schon jetzt ist klar, dass maximal zwei dieser vier Vereine den direkten Wiederaufstieg schaffen werden, vorausgesetzt die Relegation wird wieder eingef\u00fchrt. Aber da sind ja noch ambitionierte Clubs wie der BSC SW 19, FC R\u00f6delheim, die TSG 51 und der VfR Bockenheim. Dazu noch Traditionsvereine wie Germania Ginnheim, SG Praunheim, SV Niederursel, FV 09 Eschersheim und SV Bonames. Aus der B-Klasse wurde mit der SG Harheim II nur ein Aufsteiger aufgenommen. Die schwache Reserve des FFV Sportfreunde (nur 13 Saisonpunkte) wurde in die Gruppe 2 verschoben.<\/h5>\n<figure id=\"attachment_744\" aria-describedby=\"caption-attachment-744\" style=\"width: 300px\" class=\"wp-caption alignnone\"><img loading=\"lazy\" decoding=\"async\" class=\"wp-image-744 size-medium\" src=\"http:\/\/insideamateurfussball-ffm.de\/wp-content\/uploads\/2022\/06\/Maroc-Griesh11-300x219.jpg\" alt=\"\" width=\"300\" height=\"219\" \/><figcaption id=\"caption-attachment-744\" class=\"wp-caption-text\">Will der FC Maroc direkt wieder aufsteigen, muss er sich gegen viel Tradition durchsetzen. Allerdings ohne Trainer Said Houlich, der f\u00fcr die neue Runde nicht zur Verf\u00fcgung steht. Foto: Mithat G\u00fcrser.<\/figcaption><\/figure>\n<h5>1. Spieltag (7. August):<\/h5>\n<p>SG Harheim II &#8211; SV Blau-Gelb<\/p>\n<p>FV Saz-Rock &#8211; SV Griesheim Tarik<\/p>\n<p>R\u00f6delheimer FC &#8211; FC Tempo II<\/p>\n<p>SG Praunheim &#8211; SV Niederursel<\/p>\n<p>VfR Bockenheim &#8211; FV 09 Eschersheim<\/p>\n<p>Germania Ginnheim &#8211; SG 28<\/p>\n<p>SV Bonames &#8211; FC Maroc<\/p>\n<p>TSG 51 &#8211; TSG Nieder-Erlenbach<\/p>\n<p>BSC SW 19 &#8211; TuS Nieder-Eschbach<\/p>\n<h5>2. Spieltag (14. August):<\/h5>\n<p>FC Tempo II &#8211; SG Harheim II<\/p>\n<p>SV Niederursel &#8211; R\u00f6delheimer FC<\/p>\n<p>TSG Nieder-Erlenbach &#8211; SV Bonames<\/p>\n<p>FC Maroc &#8211; Germania Ginnheim<\/p>\n<p>SG 28 &#8211; VfR Bockenheim<\/p>\n<p>FV 09 Eschersheim &#8211; SG Praunheim<\/p>\n<p>SV Blau-Gelb &#8211; BSC SW 19<\/p>\n<p>TuS Nieder-Eschbach &#8211; FV Saz-Rock<\/p>\n<p>SV Griesheim Tarik &#8211; TSG 51<\/p>\n<h5>3. Spieltag (21. August):<\/h5>\n<p>SG Harheim II &#8211; SV Niederursel<\/p>\n<p>FV Saz-Rock &#8211; TSG 51<\/p>\n<p>SV Bonames &#8211; SV Griesheim Tarik<\/p>\n<p>TuS Nieder-Eschbach &#8211; SV Blau-Gelb<\/p>\n<p>R\u00f6delheimer FC &#8211; FV 09 Eschersheim<\/p>\n<p>SG Praunheim &#8211; SG 28<\/p>\n<p>VfR Bockenheim &#8211; FC Maroc<\/p>\n<p>Germania Ginnheim &#8211; TSG Nieder-Erlenbach<\/p>\n<p>BSC SW 19 &#8211; FC Tempo II<\/p>\n<h5>4. Spieltag (28. August):<\/h5>\n<p>FC Tempo II &#8211; TuS Nieder-Eschbach<\/p>\n<p>SV Niederursel &#8211; BSC SW 19<\/p>\n<p>SV Blau-Gelb &#8211; FV Saz-Rock<\/p>\n<p>TSG Nieder-Erlenbach &#8211; VfR Bockenheim<\/p>\n<p>FC Maroc &#8211; SG Praunheim<\/p>\n<p>SG 28 &#8211; R\u00f6delheimer FC<\/p>\n<p>FV 09 Eschersheim &#8211; SG Harheim II<\/p>\n<p>TSG 51 &#8211; SV Bonames<\/p>\n<p>SV Griesheim Tarik &#8211; Germania Ginnheim<\/p>\n<h5>5. Spieltag (4. September):<\/h5>\n<p>SG Harheim II &#8211; SG 28<\/p>\n<p>FV Saz-Rock &#8211; SV Bonames<\/p>\n<p>R\u00f6delheimer FC &#8211; FC Maroc<\/p>\n<p>SG Praunheim &#8211; TSG Nieder-Erlenbach<\/p>\n<p>VfR Bockenheim &#8211; SV Griesheim Tarik<\/p>\n<p>Germania Ginnheim &#8211; TSG 51<\/p>\n<p>SV Blau-Gelb &#8211; FC Tempo II<\/p>\n<p>TuS Nieder-Eschbach &#8211; SV Niederursel<\/p>\n<p>BSC SW 19 &#8211; FV 09 Eschersheim<\/p>\n","protected":false},"excerpt":{"rendered":"<p>Die Einteilung der beiden Staffeln der A-Klasse ist vollzogen und auch die Spielpl\u00e4ne sind raus. Heute werfen wir einen Blick in die Zusammensetzung der Gruppe 1 der A-Klasse, der fr\u00fcher sogenannten Nordwest-Gruppe. Mit dem FC Maroc, dem SV Griesheim Tarik, der TSG Nieder-Erlenbach und dem FV Saz-Rock landen gleich vier der f\u00fcnf KOL-Absteiger in einer [&hellip;]<\/p>\n","protected":false},"author":1,"featured_media":0,"comment_status":"open","ping_status":"open","sticky":false,"template":"","format":"standard","meta":{"footnotes":""},"categories":[26],"tags":[],"class_list":["post-996","post","type-post","status-publish","format-standard","hentry","category-spielplaene"],"_links":{"self":[{"href":"https:\/\/insideamateurfussball-ffm.de\/index.php?rest_route=\/wp\/v2\/posts\/996","targetHints":{"allow":["GET"]}}],"collection":[{"href":"https:\/\/insideamateurfussball-ffm.de\/index.php?rest_route=\/wp\/v2\/posts"}],"about":[{"href":"https:\/\/insideamateurfussball-ffm.de\/index.php?rest_route=\/wp\/v2\/types\/post"}],"author":[{"embeddable":true,"href":"https:\/\/insideamateurfussball-ffm.de\/index.php?rest_route=\/wp\/v2\/users\/1"}],"replies":[{"embeddable":true,"href":"https:\/\/insideamateurfussball-ffm.de\/index.php?rest_route=%2Fwp%2Fv2%2Fcomments&post=996"}],"version-history":[{"count":4,"href":"https:\/\/insideamateurfussball-ffm.de\/index.php?rest_route=\/wp\/v2\/posts\/996\/revisions"}],"predecessor-version":[{"id":1002,"href":"https:\/\/insideamateurfussball-ffm.de\/index.php?rest_route=\/wp\/v2\/posts\/996\/revisions\/1002"}],"wp:attachment":[{"href":"https:\/\/insideamateurfussball-ffm.de\/index.php?rest_route=%2Fwp%2Fv2%2Fmedia&parent=996"}],"wp:term":[{"taxonomy":"category","embeddable":true,"href":"https:\/\/insideamateurfussball-ffm.de\/index.php?rest_route=%2Fwp%2Fv2%2Fcategories&post=996"},{"taxonomy":"post_tag","embeddable":true,"href":"https:\/\/insideamateurfussball-ffm.de\/index.php?rest_route=%2Fwp%2Fv2%2Ftags&post=996"}],"curies":[{"name":"wp","href":"https:\/\/api.w.org\/{rel}","templated":true}]}}