{"id":985,"date":"2022-06-28T18:25:04","date_gmt":"2022-06-28T18:25:04","guid":{"rendered":"http:\/\/insideamateurfussball-ffm.de\/?p=985"},"modified":"2025-01-04T12:41:41","modified_gmt":"2025-01-04T11:41:41","slug":"aufstiegscheck-sg-harheim","status":"publish","type":"post","link":"https:\/\/insideamateurfussball-ffm.de\/?p=985","title":{"rendered":"Aufstiegscheck: SG Harheim"},"content":{"rendered":"<h5>Die SG Harheim ist erstmals in die Kreisoberliga Frankfurt aufgestiegen. Als Meister der Kreisliga A (Gruppe 1) lief der Verein aus dem n\u00f6rdlichen Stadtteil mit zehn Punkten Vorsprung vor Vizemeister BSC Schwarz-Wei\u00df 19 \u00fcber die Ziellinie. Die Frage nach den Gr\u00fcnden f\u00fcr den gr\u00f6\u00dften Erfolg der 76-j\u00e4hrigen Vereinsgeschichte ist auf den ersten Blick fr\u00fch beantwortet: Es war die Konstanz in den Ergebnissen, denn die Harheimer mussten in den 30 Saisonspielen nur eine Niederlage hinnehmen.<\/h5>\n<figure id=\"attachment_986\" aria-describedby=\"caption-attachment-986\" style=\"width: 300px\" class=\"wp-caption alignnone\"><img loading=\"lazy\" decoding=\"async\" class=\"wp-image-986 size-medium\" src=\"http:\/\/insideamateurfussball-ffm.de\/wp-content\/uploads\/2022\/06\/SGH-I-300x225.jpg\" alt=\"\" width=\"300\" height=\"225\" \/><figcaption id=\"caption-attachment-986\" class=\"wp-caption-text\">Wandbild am Sportplatz der SG Harheim. Foto: PA.<\/figcaption><\/figure>\n<p><img loading=\"lazy\" decoding=\"async\" class=\"alignnone size-full wp-image-284\" src=\"http:\/\/insideamateurfussball-ffm.de\/wp-content\/uploads\/2022\/05\/Harheim.jpg\" alt=\"\" width=\"78\" height=\"80\" \/><\/p>\n<p>Ende August wurde beim FC Tempo II mit 1:2 verloren, seitdem blieb Harheim in 27 Spielen ungeschlagen. Bis zur Winterpause wurde die Mannschaft von Ex-Profi Thomas Zampach trainiert. Dem ehemaligen Spieler von Eintracht Frankfurt assistierte Tomas Pelayo, der sich nebenbei um die Zweite Mannschaft in der B-Klasse k\u00fcmmerte, die am Saisonende als Tabellenzweiter in die A-Klasse aufstieg und somit das Super-Jahr der SG Harheim komplettierte.<\/p>\n<figure id=\"attachment_987\" aria-describedby=\"caption-attachment-987\" style=\"width: 300px\" class=\"wp-caption alignnone\"><img loading=\"lazy\" decoding=\"async\" class=\"wp-image-987 size-medium\" src=\"http:\/\/insideamateurfussball-ffm.de\/wp-content\/uploads\/2022\/06\/Harhi-300x200.jpg\" alt=\"\" width=\"300\" height=\"200\" \/><figcaption id=\"caption-attachment-987\" class=\"wp-caption-text\">Nur 22 Gegentore in 30 Spielen kassierte die SG Harheim. Foto: Dagobert Reinprecht (RFC).<\/figcaption><\/figure>\n<p>Ungew\u00f6hnlicherweise gab es auf den wichtigen Trainerpositionen in der Winterpause einen Rollentausch. Zampach bat darum, aus gesundheitlichen Gr\u00fcnden etwas k\u00fcrzer zu treten und die Reserve zu \u00fcbernehmen. Pelayo, im Main-Taunus-Kreis aus seinen Trainert\u00e4tigkeiten bei Germania Schwanheim, Viktoria Sindlingen und dem SV Zeilsheim bekannt, bekam die Verantwortung f\u00fcr die Erste Mannschaft \u00fcbertragen. Der 51-j\u00e4hrige Spanier rechtfertigte seine Besetzung als Chefcoach mit 13 Siegen in Folge und dem souver\u00e4nen Aufstieg. &#8222;Im Laufe der Saison sind wir zu einer Einheit geworden. Die Mannschaft hat sich weiterentwickelt. Dass wir die Qualit\u00e4t haben, wussten wir&#8220;, erkl\u00e4rt Pelayo die Erfolge. Vor allem die Mentalit\u00e4t der Spieler habe den erfahrenen Trainer stark beeindruckt. Die Mischung aus jungen Fu\u00dfballern wie Torj\u00e4ger Jonas Kaulich, der aus der eigenen A-Jugend aufr\u00fcckte und mit 22 Toren interner Torsch\u00fctzenk\u00f6nig wurde und routinierten Kr\u00e4ften wie den G\u00e4rtner-Br\u00fcdern Tobias als Torh\u00fcter und Lukas als St\u00fcrmer stimmte. Dazu gab es mit Fabian Urban, Julian Waschkau und dem im Winter von Gruppenligist SKV Beienheim geholten Angreifer Ante Paradzik eine weitere Reihe an wichtigen Stammkr\u00e4ften.<\/p>\n<h5>Vizemeister BSC SW 19 mit 8:1 besiegt<\/h5>\n<div>Ein wichtiger Baustein war \u00fcberraschend der zentrale Mittelfeldspieler Yassine Wahman, der vor drei Jahren einige Kurzeins\u00e4tze f\u00fcr Viktoria Preu\u00dfen in der Kreisoberliga aufweist. Direkt nach der Winterpause sei der 3:2-Sieg gegen Verfolger TSG 51 wegweisend f\u00fcr die Meisterschaft gewesen. Drei Wochen zuvor waren die Harheimer beim gleichen Gegner noch aus dem Kreispokal ausgeschieden. Die exzellente Defensivarbeit, aber auch die Offensivwucht &#8211; nur 22 Gegentore, aber vor allem 153 erzielte Toren bedeuten die Bestwerte der Liga &#8211; waren nat\u00fcrlich auch fundamental f\u00fcr den Aufstieg. Dass nebenbei Vizemeister BSC Schwarz-Wei\u00df 19 (8:1) und der Dritte R\u00f6delheimer FC (4:0) deutlich besiegt wurden, war ein weiterer Beweis f\u00fcr die Harheimer St\u00e4rke. &#8222;Wir haben defensiv sehr gut gegen den Ball gearbeitet, waren den Gegnern nach 60 Minuten k\u00f6rperlich \u00fcberlegen&#8220;, h\u00e4lt Pelayo gro\u00dfe St\u00fccke auf die Mannschaft und den Verein. &#8222;Es war eine tolle Meisterschaft. Die vom Club organisierte Feier war beeindruckend. Ich bin schon in vielen Vereinen gewesen, aber der Zusammenhalt in Harheim ist etwas besonderes&#8220;, unterstreicht der Spanier.<\/div>\n<div><\/div>\n<blockquote>\n<div>&#8222;Die anspruchsvolle Klasse mit vielen etablierten Clubs im Kreis ist eine Herausforderung, die wir annehmen. Unser Ziel kann im ersten Jahr aber nur Klassenerhalt lauten&#8220; (Harheims Trainer Tomas Pelayo).<\/div>\n<\/blockquote>\n<div><\/div>\n<div>Dazu geh\u00f6rte, dass sich die Rhodes-Br\u00fcder Michael und Patrick bereit erkl\u00e4rten, in der Endphase der Runde konstant bei der &#8222;Zweiten&#8220; mitzuwirken. Bei der Reserve hat es im \u00fcbrigen einen erneuten Trainerwechsel gegeben. Zampach kam mit den Verantwortlichen nicht \u00fcber eine weitere Zusammenarbeit \u00fcberein. Seinen Posten \u00fcbernimmt fortan Florian Marburger, der aus dem benachbarten Friedberger Kreis vom FC Hessen Massenheim an die Riedhalsstra\u00dfe kommt. In der Kreisoberliga setzt Harheim derweil auf Kontinuit\u00e4t. Neben Coach Pelayo hat die gesamte Mannschaft f\u00fcr das Abenteuer zugesagt, un\u00fcblicherweise gebe es \u00fcberhaupt keine Zu- oder Abg\u00e4nge. &#8222;Die anspruchsvolle Klasse mit vielen etablierten Clubs im Kreis ist eine gro\u00dfe Herausforderung, die wir annehmen. Unser Ziel kann im ersten Jahr aber nur Klassenerhalt lauten&#8220;, sagt Pelayo.<\/div>\n","protected":false},"excerpt":{"rendered":"<p>Die SG Harheim ist erstmals in die Kreisoberliga Frankfurt aufgestiegen. Als Meister der Kreisliga A (Gruppe 1) lief der Verein aus dem n\u00f6rdlichen Stadtteil mit zehn Punkten Vorsprung vor Vizemeister BSC Schwarz-Wei\u00df 19 \u00fcber die Ziellinie. Die Frage nach den Gr\u00fcnden f\u00fcr den gr\u00f6\u00dften Erfolg der 76-j\u00e4hrigen Vereinsgeschichte ist auf den ersten Blick fr\u00fch beantwortet: [&hellip;]<\/p>\n","protected":false},"author":1,"featured_media":0,"comment_status":"open","ping_status":"open","sticky":false,"template":"","format":"standard","meta":{"footnotes":""},"categories":[2],"tags":[],"class_list":["post-985","post","type-post","status-publish","format-standard","hentry","category-kreisoberliga-frankfurt"],"_links":{"self":[{"href":"https:\/\/insideamateurfussball-ffm.de\/index.php?rest_route=\/wp\/v2\/posts\/985","targetHints":{"allow":["GET"]}}],"collection":[{"href":"https:\/\/insideamateurfussball-ffm.de\/index.php?rest_route=\/wp\/v2\/posts"}],"about":[{"href":"https:\/\/insideamateurfussball-ffm.de\/index.php?rest_route=\/wp\/v2\/types\/post"}],"author":[{"embeddable":true,"href":"https:\/\/insideamateurfussball-ffm.de\/index.php?rest_route=\/wp\/v2\/users\/1"}],"replies":[{"embeddable":true,"href":"https:\/\/insideamateurfussball-ffm.de\/index.php?rest_route=%2Fwp%2Fv2%2Fcomments&post=985"}],"version-history":[{"count":2,"href":"https:\/\/insideamateurfussball-ffm.de\/index.php?rest_route=\/wp\/v2\/posts\/985\/revisions"}],"predecessor-version":[{"id":989,"href":"https:\/\/insideamateurfussball-ffm.de\/index.php?rest_route=\/wp\/v2\/posts\/985\/revisions\/989"}],"wp:attachment":[{"href":"https:\/\/insideamateurfussball-ffm.de\/index.php?rest_route=%2Fwp%2Fv2%2Fmedia&parent=985"}],"wp:term":[{"taxonomy":"category","embeddable":true,"href":"https:\/\/insideamateurfussball-ffm.de\/index.php?rest_route=%2Fwp%2Fv2%2Fcategories&post=985"},{"taxonomy":"post_tag","embeddable":true,"href":"https:\/\/insideamateurfussball-ffm.de\/index.php?rest_route=%2Fwp%2Fv2%2Ftags&post=985"}],"curies":[{"name":"wp","href":"https:\/\/api.w.org\/{rel}","templated":true}]}}