{"id":980,"date":"2022-06-27T20:02:57","date_gmt":"2022-06-27T20:02:57","guid":{"rendered":"http:\/\/insideamateurfussball-ffm.de\/?p=980"},"modified":"2025-01-04T12:41:49","modified_gmt":"2025-01-04T11:41:49","slug":"sommerfahrplan-von-rot-weiss","status":"publish","type":"post","link":"https:\/\/insideamateurfussball-ffm.de\/?p=980","title":{"rendered":"&#8222;Sommerfahrplan&#8220; von Rot-Weiss"},"content":{"rendered":"<h5>Verbandsligist Rot-Weiss Frankfurt hat seinen &#8222;Sommerfahrplan&#8220; bekanntgegeben. Unter der Regie des neuen Cheftrainers Jonel Goncalves sind sechs Testheimpiele bis zum ersten Pflichtspiel am 31. Juli geplant. Dann treten die &#8222;Roten&#8220; in der 1. Kreispokal-Runde bei Kreisoberligist FC Gudesding an.<\/h5>\n<p><img loading=\"lazy\" decoding=\"async\" class=\"alignnone size-full wp-image-120\" src=\"http:\/\/insideamateurfussball-ffm.de\/wp-content\/uploads\/2022\/05\/rot-weiss.png\" alt=\"\" width=\"80\" height=\"70\" \/><\/p>\n<p><img loading=\"lazy\" decoding=\"async\" class=\"alignnone size-medium wp-image-981\" src=\"http:\/\/insideamateurfussball-ffm.de\/wp-content\/uploads\/2022\/06\/final9-1-300x197.jpg\" alt=\"\" width=\"300\" height=\"197\" \/><\/p>\n<p>Der erste Test geht an einem Donnerstagabend \u00fcber die B\u00fchne. Am 7. Juli (19.30 Uhr) geht es am heimischen Kunstrasen am Brentanobad gegen Gruppenligist Spvgg. 03 Fechenheim. Drei Tage sp\u00e4ter am Sonntag (10. Juli) gastiert die Spvgg. Eltville aus der Verbandsliga Mitte am R\u00f6delheimer Parkweg (13 Uhr). Weiter geht es erneut unter der Woche, wenn Gruppenligist 1. FC-TSG K\u00f6nigstein am 14. Juli (19.30 Uhr) aufkreuzt. Drei Tage sp\u00e4ter kommt dann der SV Zeilsheim aus der Verbandsliga Mitte (17. Juli, 15.30 Uhr). Gegen Kreisoberliga-Meister und Neu-Gruppenligist FC Kalbach werden dann wiederum an einem Donnerstag (21. Juli, 19.30 Uhr) die Kr\u00e4fte gemessen, ehe zum Abschluss der Vorbereitung der SV Niedernhausen aus der Verbandsliga Mitte seine Visitenkarte abgibt (24. Juli, 15.30 Uhr).<\/p>\n","protected":false},"excerpt":{"rendered":"<p>Verbandsligist Rot-Weiss Frankfurt hat seinen &#8222;Sommerfahrplan&#8220; bekanntgegeben. Unter der Regie des neuen Cheftrainers Jonel Goncalves sind sechs Testheimpiele bis zum ersten Pflichtspiel am 31. Juli geplant. Dann treten die &#8222;Roten&#8220; in der 1. Kreispokal-Runde bei Kreisoberligist FC Gudesding an. Der erste Test geht an einem Donnerstagabend \u00fcber die B\u00fchne. Am 7. Juli (19.30 Uhr) geht [&hellip;]<\/p>\n","protected":false},"author":1,"featured_media":0,"comment_status":"open","ping_status":"open","sticky":false,"template":"","format":"standard","meta":{"footnotes":""},"categories":[10],"tags":[],"class_list":["post-980","post","type-post","status-publish","format-standard","hentry","category-verbandsliga-sued"],"_links":{"self":[{"href":"https:\/\/insideamateurfussball-ffm.de\/index.php?rest_route=\/wp\/v2\/posts\/980","targetHints":{"allow":["GET"]}}],"collection":[{"href":"https:\/\/insideamateurfussball-ffm.de\/index.php?rest_route=\/wp\/v2\/posts"}],"about":[{"href":"https:\/\/insideamateurfussball-ffm.de\/index.php?rest_route=\/wp\/v2\/types\/post"}],"author":[{"embeddable":true,"href":"https:\/\/insideamateurfussball-ffm.de\/index.php?rest_route=\/wp\/v2\/users\/1"}],"replies":[{"embeddable":true,"href":"https:\/\/insideamateurfussball-ffm.de\/index.php?rest_route=%2Fwp%2Fv2%2Fcomments&post=980"}],"version-history":[{"count":3,"href":"https:\/\/insideamateurfussball-ffm.de\/index.php?rest_route=\/wp\/v2\/posts\/980\/revisions"}],"predecessor-version":[{"id":984,"href":"https:\/\/insideamateurfussball-ffm.de\/index.php?rest_route=\/wp\/v2\/posts\/980\/revisions\/984"}],"wp:attachment":[{"href":"https:\/\/insideamateurfussball-ffm.de\/index.php?rest_route=%2Fwp%2Fv2%2Fmedia&parent=980"}],"wp:term":[{"taxonomy":"category","embeddable":true,"href":"https:\/\/insideamateurfussball-ffm.de\/index.php?rest_route=%2Fwp%2Fv2%2Fcategories&post=980"},{"taxonomy":"post_tag","embeddable":true,"href":"https:\/\/insideamateurfussball-ffm.de\/index.php?rest_route=%2Fwp%2Fv2%2Ftags&post=980"}],"curies":[{"name":"wp","href":"https:\/\/api.w.org\/{rel}","templated":true}]}}