{"id":973,"date":"2022-06-27T19:02:31","date_gmt":"2022-06-27T19:02:31","guid":{"rendered":"http:\/\/insideamateurfussball-ffm.de\/?p=973"},"modified":"2025-01-04T12:42:02","modified_gmt":"2025-01-04T11:42:02","slug":"nieder-erlenbach-sucht-torhueter","status":"publish","type":"post","link":"https:\/\/insideamateurfussball-ffm.de\/?p=973","title":{"rendered":"Nieder-Erlenbach sucht Torh\u00fcter"},"content":{"rendered":"<h5>Kreisoberliga-Absteiger TSG Nieder-Erlenbach sucht h\u00e4nderingend einen Torh\u00fcter f\u00fcr die neue Saison, nachdem der bisherige Stammkeeper wenige Tage vor der Wechselfrist seine Zusage zur\u00fcckgenommen hat und den Verein wechselt.<\/h5>\n<h5><img loading=\"lazy\" decoding=\"async\" class=\"alignnone size-full wp-image-21\" src=\"http:\/\/insideamateurfussball-ffm.de\/wp-content\/uploads\/2021\/11\/Nieder-Erlenbach.jpg\" alt=\"\" width=\"80\" height=\"80\"><\/h5>\n<p><img loading=\"lazy\" decoding=\"async\" class=\"alignnone size-medium wp-image-974\" src=\"http:\/\/insideamateurfussball-ffm.de\/wp-content\/uploads\/2022\/06\/TW-TRAINER-BILD-300x218.jpg\" alt=\"\" width=\"300\" height=\"218\"><\/p>\n<p>F\u00fcr die Kreisliga A (Gruppe 1) hat Trainer Andreas Ludwig nach eigenen Worten &#8222;eine schlagkr\u00e4ftige Truppe beisammen, die den sofortigen Wiederaufstieg anpeilen soll.&#8220; Ein Mosaikst\u00fcck fehlt allerdings noch und das ist die Position des Schlussmannes. Interessierte Fu\u00dfballer k\u00f6nnen sich direkt beim Trainer unter der Rufnummer 0151-54383221 melden.<\/p>\n","protected":false},"excerpt":{"rendered":"<p>Kreisoberliga-Absteiger TSG Nieder-Erlenbach sucht h\u00e4nderingend einen Torh\u00fcter f\u00fcr die neue Saison, nachdem der bisherige Stammkeeper wenige Tage vor der Wechselfrist seine Zusage zur\u00fcckgenommen hat und den Verein wechselt. F\u00fcr die Kreisliga A (Gruppe 1) hat Trainer Andreas Ludwig nach eigenen Worten &#8222;eine schlagkr\u00e4ftige Truppe beisammen, die den sofortigen Wiederaufstieg anpeilen soll.&#8220; Ein Mosaikst\u00fcck fehlt allerdings [&hellip;]<\/p>\n","protected":false},"author":1,"featured_media":0,"comment_status":"open","ping_status":"open","sticky":false,"template":"","format":"standard","meta":{"footnotes":""},"categories":[12],"tags":[],"class_list":["post-973","post","type-post","status-publish","format-standard","hentry","category-kreisliga-a1"],"_links":{"self":[{"href":"https:\/\/insideamateurfussball-ffm.de\/index.php?rest_route=\/wp\/v2\/posts\/973","targetHints":{"allow":["GET"]}}],"collection":[{"href":"https:\/\/insideamateurfussball-ffm.de\/index.php?rest_route=\/wp\/v2\/posts"}],"about":[{"href":"https:\/\/insideamateurfussball-ffm.de\/index.php?rest_route=\/wp\/v2\/types\/post"}],"author":[{"embeddable":true,"href":"https:\/\/insideamateurfussball-ffm.de\/index.php?rest_route=\/wp\/v2\/users\/1"}],"replies":[{"embeddable":true,"href":"https:\/\/insideamateurfussball-ffm.de\/index.php?rest_route=%2Fwp%2Fv2%2Fcomments&post=973"}],"version-history":[{"count":2,"href":"https:\/\/insideamateurfussball-ffm.de\/index.php?rest_route=\/wp\/v2\/posts\/973\/revisions"}],"predecessor-version":[{"id":976,"href":"https:\/\/insideamateurfussball-ffm.de\/index.php?rest_route=\/wp\/v2\/posts\/973\/revisions\/976"}],"wp:attachment":[{"href":"https:\/\/insideamateurfussball-ffm.de\/index.php?rest_route=%2Fwp%2Fv2%2Fmedia&parent=973"}],"wp:term":[{"taxonomy":"category","embeddable":true,"href":"https:\/\/insideamateurfussball-ffm.de\/index.php?rest_route=%2Fwp%2Fv2%2Fcategories&post=973"},{"taxonomy":"post_tag","embeddable":true,"href":"https:\/\/insideamateurfussball-ffm.de\/index.php?rest_route=%2Fwp%2Fv2%2Ftags&post=973"}],"curies":[{"name":"wp","href":"https:\/\/api.w.org\/{rel}","templated":true}]}}