{"id":960,"date":"2022-06-27T18:33:24","date_gmt":"2022-06-27T18:33:24","guid":{"rendered":"http:\/\/insideamateurfussball-ffm.de\/?p=960"},"modified":"2025-01-04T12:42:22","modified_gmt":"2025-01-04T11:42:22","slug":"innovativer-fc-gudesding-feiert-im-montez","status":"publish","type":"post","link":"https:\/\/insideamateurfussball-ffm.de\/?p=960","title":{"rendered":"Innovativer FC Gudesding feiert im Montez"},"content":{"rendered":"<h5>Mit einer Open-Air-Party hat Kreisoberligist FC Gudesding am Samstagabend am Mainufer im &#8222;Montez&#8220; sein 10-j\u00e4hriges Bestehen gefeiert. Im Rahmen der akademischen Feier wurden der Erste Vorsitzende Rainer Weiss sowie die aktiven Mannschaften und einige verdiente Spieler mit einem Bembel geehrt.&nbsp;<\/h5>\n<p><img loading=\"lazy\" decoding=\"async\" class=\"alignnone size-full wp-image-10\" src=\"http:\/\/insideamateurfussball-ffm.de\/wp-content\/uploads\/2021\/11\/Gudesding.jpg\" alt=\"\" width=\"64\" height=\"80\"><\/p>\n<figure id=\"attachment_961\" aria-describedby=\"caption-attachment-961\" style=\"width: 300px\" class=\"wp-caption alignnone\"><img loading=\"lazy\" decoding=\"async\" class=\"wp-image-961 size-medium\" src=\"http:\/\/insideamateurfussball-ffm.de\/wp-content\/uploads\/2022\/06\/10-Jahre-FCG-300x225.jpg\" alt=\"\" width=\"300\" height=\"225\"><figcaption id=\"caption-attachment-961\" class=\"wp-caption-text\">Der FC Gudesding blickte auf seine ersten zehn Jahre der jungen Vereinsgeschichte zur\u00fcck.<\/figcaption><\/figure>\n<p>In die Saison 2012\/13 war Gudesding in der B-Klasse mit einer Seniorenmannschaft gestartet, der auf Anhieb der Aufstieg in die Kreisliga A gelang. Damals spielte der FCG noch in Niederursel, ehe ein Jahr sp\u00e4ter der Umzug in den Ostpark vollzogen wurde. \u00dcber die Jahre hinweg hat sich Gudesding zu einem festen Bestandteil der Amateurfu\u00dfballszene in Frankfurt entwickelt und innovative Ideen f\u00fcr die Vereinsstruktur eingebracht. In sportlicher Hinsicht war der Aufstieg in die Kreisoberliga im Sommer 2019 ein Meilenstein, seitdem haben sich die &#8222;Guden&#8220; in der h\u00f6chsten Liga des Kreises etabliert.<\/p>\n<p>Mittlerweile gehen sogar drei Seniorenteams an den Start, dazu wurden drei Jugendteams, eine Frauenmannschaft (Aufstieg in die Kreisoberliga) und ein Basketballteam an den Start gebracht. Durch das Programm f\u00fchrten Vereinsgr\u00f6\u00dfen wie Bela Cohn-Bendit und Luis Engelhardt. Sie ehrten nicht nur beispielsweise den &#8222;besten Spieler aller Zeiten&#8220; der Ersten Mannschaft Lorenzo Dolce sowie sein Pendant bei der Zweiten Marco di Muccio.<\/p>\n<h5>Keine Abl\u00f6sesummen f\u00fcr Spieler&nbsp;<\/h5>\n<p>Anhand der Pr\u00e4sentation einer filmischen Dokumentation durch Marin Berthoud wurde der Werdegang und das soziale Engagement des Vereins dargestellt. Eine wichtige Besonderheit ist sicherlich, dass der Club die Kommerzialisierung des Amateurfu\u00dfballs konsequent ablehnt und folgerichtig keine Aufwandsentsch\u00e4digungen oder Abl\u00f6sesummen f\u00fcr Spieler bezahlt. Gudesding tritt f\u00fcr Werte ein. Ob es um den Kampf gegen Antisemitismus und Rassismus geht, um die Integration Gefl\u00fcchteter, darum, dass der FCG als einziger deutscher Amateurverein Flagge gegen Kindesmissbrauch im Sport zeigt.<\/p>\n<p>Respekt, Toleranz, Fair Play, Freundschaft und Zuverl\u00e4ssigkeit spielen auch weiterhin eine \u00fcbergeordnete Rolle im innovativen Vereinsleben. So wurde am Samstag bei angenehmen Temperaturen nicht nur mit Fu\u00dfballg\u00e4sten am Main gefeiert. Auch die Partyszene schloss sich der Feier an, die bis tief in die Morgenstunden des Sonntags andauerte. Auf die n\u00e4chsten 10 Jahre FC Gudesding!&nbsp;&nbsp;<\/p>\n<p><\/p>\n\n\n<div class=\"wp-block-columns is-layout-flex wp-container-core-columns-is-layout-28f84493 wp-block-columns-is-layout-flex\">\n<div class=\"wp-block-column is-layout-flow wp-block-column-is-layout-flow\" style=\"flex-basis:100%\">\n<figure class=\"wp-block-gallery has-nested-images columns-default is-cropped wp-block-gallery-1 is-layout-flex wp-block-gallery-is-layout-flex\">\n<figure class=\"wp-block-image size-large is-style-default\"><img decoding=\"async\" data-id=\"962\" src=\"http:\/\/insideamateurfussball-ffm.de\/wp-content\/uploads\/2022\/06\/Gude1-1024x768.jpg\" alt=\"\" class=\"wp-image-962\"\/><\/figure>\n<\/figure>\n<\/div>\n<\/div>\n\n\n\n<div class=\"wp-block-columns is-layout-flex wp-container-core-columns-is-layout-28f84493 wp-block-columns-is-layout-flex\">\n<div class=\"wp-block-column is-layout-flow wp-block-column-is-layout-flow\">\n<figure class=\"wp-block-image size-large is-style-default\"><img decoding=\"async\" src=\"http:\/\/insideamateurfussball-ffm.de\/wp-content\/uploads\/2022\/06\/gude2-1024x768.jpg\" alt=\"\" class=\"wp-image-963\"\/><\/figure>\n<\/div>\n\n\n\n<div class=\"wp-block-column is-layout-flow wp-block-column-is-layout-flow\">\n<figure class=\"wp-block-image size-large is-style-default\"><img decoding=\"async\" src=\"http:\/\/insideamateurfussball-ffm.de\/wp-content\/uploads\/2022\/06\/gude3-1024x768.jpg\" alt=\"\" class=\"wp-image-964\"\/><\/figure>\n<\/div>\n\n\n\n<div class=\"wp-block-column is-layout-flow wp-block-column-is-layout-flow\">\n<figure class=\"wp-block-image size-large is-style-default\"><img decoding=\"async\" src=\"http:\/\/insideamateurfussball-ffm.de\/wp-content\/uploads\/2022\/06\/gude4-1024x768.jpg\" alt=\"\" class=\"wp-image-965\"\/><\/figure>\n<\/div>\n<\/div>\n\n\n\n<figure class=\"wp-block-image size-large is-style-default\"><img decoding=\"async\" src=\"http:\/\/insideamateurfussball-ffm.de\/wp-content\/uploads\/2022\/06\/gude5-1024x768.jpg\" alt=\"\" class=\"wp-image-966\"\/><\/figure>\n","protected":false},"excerpt":{"rendered":"<p>Mit einer Open-Air-Party hat Kreisoberligist FC Gudesding am Samstagabend am Mainufer im &#8222;Montez&#8220; sein 10-j\u00e4hriges Bestehen gefeiert. Im Rahmen der akademischen Feier wurden der Erste Vorsitzende Rainer Weiss sowie die aktiven Mannschaften und einige verdiente Spieler mit einem Bembel geehrt.&nbsp; In die Saison 2012\/13 war Gudesding in der B-Klasse mit einer Seniorenmannschaft gestartet, der auf [&hellip;]<\/p>\n","protected":false},"author":1,"featured_media":0,"comment_status":"open","ping_status":"open","sticky":false,"template":"","format":"standard","meta":{"footnotes":""},"categories":[23],"tags":[],"class_list":["post-960","post","type-post","status-publish","format-standard","hentry","category-vereinsjubilaeum"],"_links":{"self":[{"href":"https:\/\/insideamateurfussball-ffm.de\/index.php?rest_route=\/wp\/v2\/posts\/960","targetHints":{"allow":["GET"]}}],"collection":[{"href":"https:\/\/insideamateurfussball-ffm.de\/index.php?rest_route=\/wp\/v2\/posts"}],"about":[{"href":"https:\/\/insideamateurfussball-ffm.de\/index.php?rest_route=\/wp\/v2\/types\/post"}],"author":[{"embeddable":true,"href":"https:\/\/insideamateurfussball-ffm.de\/index.php?rest_route=\/wp\/v2\/users\/1"}],"replies":[{"embeddable":true,"href":"https:\/\/insideamateurfussball-ffm.de\/index.php?rest_route=%2Fwp%2Fv2%2Fcomments&post=960"}],"version-history":[{"count":2,"href":"https:\/\/insideamateurfussball-ffm.de\/index.php?rest_route=\/wp\/v2\/posts\/960\/revisions"}],"predecessor-version":[{"id":968,"href":"https:\/\/insideamateurfussball-ffm.de\/index.php?rest_route=\/wp\/v2\/posts\/960\/revisions\/968"}],"wp:attachment":[{"href":"https:\/\/insideamateurfussball-ffm.de\/index.php?rest_route=%2Fwp%2Fv2%2Fmedia&parent=960"}],"wp:term":[{"taxonomy":"category","embeddable":true,"href":"https:\/\/insideamateurfussball-ffm.de\/index.php?rest_route=%2Fwp%2Fv2%2Fcategories&post=960"},{"taxonomy":"post_tag","embeddable":true,"href":"https:\/\/insideamateurfussball-ffm.de\/index.php?rest_route=%2Fwp%2Fv2%2Ftags&post=960"}],"curies":[{"name":"wp","href":"https:\/\/api.w.org\/{rel}","templated":true}]}}