{"id":899,"date":"2022-06-24T22:14:24","date_gmt":"2022-06-24T22:14:24","guid":{"rendered":"http:\/\/insideamateurfussball-ffm.de\/?p=899"},"modified":"2025-01-04T12:44:09","modified_gmt":"2025-01-04T11:44:09","slug":"fv-bad-vilbel-startet-die-vorbereitung","status":"publish","type":"post","link":"https:\/\/insideamateurfussball-ffm.de\/?p=899","title":{"rendered":"FV Bad Vilbel startet die Vorbereitung"},"content":{"rendered":"<h5 style=\"text-align: left;\"><\/h5>\n<h5>Kommende Woche beginnt Hessenliga-Absteiger FV Bad Vilbel die Vorbereitung f\u00fcr die Saison 2022\/23 in der Verbandsliga Hessen S\u00fcd. Trainer Amir Mustafic bittet am Montag, 27. Juni 2022 seine \u00fcberwiegend neu zusammengestellte Mannschaft zum ersten Training. Bis zum Rundenstart am Wochenende des 7.\/8. August 2022 stehen sechs Testspiele auf dem Programm.<\/h5>\n<p><!--more--><\/p>\n<p><img loading=\"lazy\" decoding=\"async\" class=\"alignnone size-full wp-image-146\" src=\"http:\/\/insideamateurfussball-ffm.de\/wp-content\/uploads\/2022\/05\/FV-Bad-Vilbel.jpg\" alt=\"\" width=\"80\" height=\"80\"><\/p>\n<figure id=\"attachment_913\" aria-describedby=\"caption-attachment-913\" style=\"width: 300px\" class=\"wp-caption aligncenter\"><img loading=\"lazy\" decoding=\"async\" class=\"wp-image-913 size-medium\" src=\"http:\/\/insideamateurfussball-ffm.de\/wp-content\/uploads\/2022\/06\/20220529_142806-300x225.jpg\" alt=\"\" width=\"300\" height=\"225\"><figcaption id=\"caption-attachment-913\" class=\"wp-caption-text\">Bald \u00f6ffnen wieder die T\u00fcren am Nidda-Sportfeld. <em>Foto: jw<\/em><\/figcaption><\/figure>\n<p>Zum Abschluss der ersten Trainingswoche ist am Samstag, den 2. Juli 2022 (15 Uhr) mit RW Walldorf gleich ein ehemaliger Hessenliga-Konkurrent zu Gast am Nidda-Sportfeld.<\/p>\n<p>Bereits vier Tage sp\u00e4ter geht es weiter, denn in der Folgewoche wird ebenso gegen zwei Hessenligisten gespielt: Zun\u00e4chst zuhause am Mittwoch, 6. Juli 2022 (19:30 Uhr) gegen den 1. FC Erlensee, mit dem sich die Wege in der Vorsaison nicht kreuzten. Anschlie\u00dfend geht es dann am Samstag, 9. Juli 2022 zur neuformierten zweiten Mannschaft von Eintracht Frankfurt. Ansto\u00df im Sportpark Dreieich, wo die U21 ihre Lager aufschl\u00e4gt und die Heimspiele austr\u00e4gt, ist um 15 Uhr.<\/p>\n<figure id=\"attachment_921\" aria-describedby=\"caption-attachment-921\" style=\"width: 450px\" class=\"wp-caption aligncenter\"><img loading=\"lazy\" decoding=\"async\" class=\"wp-image-921\" src=\"http:\/\/insideamateurfussball-ffm.de\/wp-content\/uploads\/2022\/06\/fvbadvilbel-post-2022_06_23_15_18-2-1024x913.jpg\" alt=\"\" width=\"450\" height=\"401\"><figcaption id=\"caption-attachment-921\" class=\"wp-caption-text\"><em>Quelle: FV Bad Vilbel<\/em><\/figcaption><\/figure>\n<h5>Weitere drei Tests jeweils am Samstag<\/h5>\n<p>Anschlie\u00dfend wird im Wochentakt und immer samstags gespielt: Nach einer weiteren Trainingswoche sind die Gr\u00fcn-Wei\u00dfen am Samstag, 16. Juli 2022 beim Gruppenligisten SpVgg. 03 Fechenheim zu Gast (15:30 Uhr). Die letzten beiden Vorbereitungsspiele werden am heimischen Nidda-Sportfeld ausgetragen. Zuerst gibt sich der Wetterauer Konkurrent T\u00fcrk G\u00fcc\u00fc Friedberg die Ehre (Samstag, 23. Juli 2022 um 15:00 Uhr) und eine Woche vor Rundenstart kommt der ebenso aus der Hessenliga abgestiegene SV Zeilsheim vorbei (Samstag, 30. Juli 2022 um 15:00 Uhr).<\/p>\n<figure id=\"attachment_923\" aria-describedby=\"caption-attachment-923\" style=\"width: 450px\" class=\"wp-caption aligncenter\"><img loading=\"lazy\" decoding=\"async\" class=\"wp-image-923\" src=\"http:\/\/insideamateurfussball-ffm.de\/wp-content\/uploads\/2022\/06\/fvbadvilbel-post-2022_06_23_15_18-1-1-1024x913.jpg\" alt=\"\" width=\"450\" height=\"401\"><figcaption id=\"caption-attachment-923\" class=\"wp-caption-text\"><\/em> <em>Quelle: FV Bad Vilbel<\/em><\/figcaption><\/figure>\n<p>Zu den Zu- und Abg\u00e4ngen wird der FV Bad Vilbel w\u00e4hrend der Vorbereitung gesondert informieren.<\/p>\n","protected":false},"excerpt":{"rendered":"<p>Kommende Woche beginnt Hessenliga-Absteiger FV Bad Vilbel die Vorbereitung f\u00fcr die Saison 2022\/23 in der Verbandsliga Hessen S\u00fcd. Trainer Amir Mustafic bittet am Montag, 27. Juni 2022 seine \u00fcberwiegend neu zusammengestellte Mannschaft zum ersten Training. Bis zum Rundenstart am Wochenende des 7.\/8. August 2022 stehen sechs Testspiele auf dem Programm.<\/p>\n","protected":false},"author":2,"featured_media":0,"comment_status":"open","ping_status":"open","sticky":false,"template":"","format":"standard","meta":{"footnotes":""},"categories":[10],"tags":[],"class_list":["post-899","post","type-post","status-publish","format-standard","hentry","category-verbandsliga-sued"],"_links":{"self":[{"href":"https:\/\/insideamateurfussball-ffm.de\/index.php?rest_route=\/wp\/v2\/posts\/899","targetHints":{"allow":["GET"]}}],"collection":[{"href":"https:\/\/insideamateurfussball-ffm.de\/index.php?rest_route=\/wp\/v2\/posts"}],"about":[{"href":"https:\/\/insideamateurfussball-ffm.de\/index.php?rest_route=\/wp\/v2\/types\/post"}],"author":[{"embeddable":true,"href":"https:\/\/insideamateurfussball-ffm.de\/index.php?rest_route=\/wp\/v2\/users\/2"}],"replies":[{"embeddable":true,"href":"https:\/\/insideamateurfussball-ffm.de\/index.php?rest_route=%2Fwp%2Fv2%2Fcomments&post=899"}],"version-history":[{"count":16,"href":"https:\/\/insideamateurfussball-ffm.de\/index.php?rest_route=\/wp\/v2\/posts\/899\/revisions"}],"predecessor-version":[{"id":927,"href":"https:\/\/insideamateurfussball-ffm.de\/index.php?rest_route=\/wp\/v2\/posts\/899\/revisions\/927"}],"wp:attachment":[{"href":"https:\/\/insideamateurfussball-ffm.de\/index.php?rest_route=%2Fwp%2Fv2%2Fmedia&parent=899"}],"wp:term":[{"taxonomy":"category","embeddable":true,"href":"https:\/\/insideamateurfussball-ffm.de\/index.php?rest_route=%2Fwp%2Fv2%2Fcategories&post=899"},{"taxonomy":"post_tag","embeddable":true,"href":"https:\/\/insideamateurfussball-ffm.de\/index.php?rest_route=%2Fwp%2Fv2%2Ftags&post=899"}],"curies":[{"name":"wp","href":"https:\/\/api.w.org\/{rel}","templated":true}]}}