{"id":898,"date":"2022-06-24T21:05:05","date_gmt":"2022-06-24T21:05:05","guid":{"rendered":"http:\/\/insideamateurfussball-ffm.de\/?p=898"},"modified":"2025-01-04T12:44:18","modified_gmt":"2025-01-04T11:44:18","slug":"dortelweil-testet-nur-gegen-gruppenligisten","status":"publish","type":"post","link":"https:\/\/insideamateurfussball-ffm.de\/?p=898","title":{"rendered":"Dortelweil testet nur gegen Gruppenligisten"},"content":{"rendered":"<h5>Der SC Dortelweil, Aufsteiger in die Fu\u00dfball-Verbandsliga S\u00fcd, steigt nach der kurzen Sommerpause am Dienstag, den 5. Juli in die Vorbereitungsphase ein. Neben einem Fitnesscheck und den normalen Trainingseinheiten wartet auf die Sch\u00fctzlinge von Trainer Frank Ziegler bis zum Rundenbeginn am 7. August immer Freitags ein spezielles Athletiktraining.<\/h5>\n<p><img loading=\"lazy\" decoding=\"async\" class=\"alignnone size-full wp-image-598\" src=\"http:\/\/insideamateurfussball-ffm.de\/wp-content\/uploads\/2022\/06\/Dortelweil.jpg\" alt=\"\" width=\"80\" height=\"80\" \/><\/p>\n<figure id=\"attachment_900\" aria-describedby=\"caption-attachment-900\" style=\"width: 300px\" class=\"wp-caption alignnone\"><img loading=\"lazy\" decoding=\"async\" class=\"wp-image-900 size-medium\" src=\"http:\/\/insideamateurfussball-ffm.de\/wp-content\/uploads\/2022\/06\/Dortelweil-SCD-300x225.jpg\" alt=\"\" width=\"300\" height=\"225\" \/><figcaption id=\"caption-attachment-900\" class=\"wp-caption-text\">Neu in der Verbandsliga S\u00fcd: Der SC Dortelweil. Foto: PA.<\/figcaption><\/figure>\n<p>Der Gruppenliga-Meister hat f\u00fcnf Testspiele vereinbart, in denen nur gegen Vereine gespielt wird, die auch k\u00fcnftig in den diversen Gruppenliga-Staffeln vertreten sein werden. Dabei stehen vier Ausw\u00e4rtspartien und ein Heimspiel auf dem Programm.<\/p>\n<p>Los geht der Testreigen am 10. Juli mit dem Ausw\u00e4rtsmatch im Kreis Offenbach bei den Kickers Obertshausen (Gruppenliga Frankfurt Ost). Weiter geht\u00b4s vier Tage sp\u00e4ter Donnerstags bei der SG Ober-Erlenbach, einem der Aufsteiger in die Gruppenliga Frankfurt West.<\/p>\n<h5>Dreimal in Folge gegen Gruppenliga Wiesbaden<\/h5>\n<p>Weiter getestet wird dann dreimal in Folge gegen Vereine aus der Wiesbadener Staffel. Am 17. Juli gastieren die Dortelweiler bei TuRa Niederh\u00f6chstadt (15 Uhr), am 24. Juli reist der SCD zur SG Oberliederbach (15 Uhr) und die Generalprobe geht dann vor heimischer Kulisse gegen Germania Okriftel am 31. Juli (15 Uhr) \u00fcber die B\u00fchne.<\/p>\n","protected":false},"excerpt":{"rendered":"<p>Der SC Dortelweil, Aufsteiger in die Fu\u00dfball-Verbandsliga S\u00fcd, steigt nach der kurzen Sommerpause am Dienstag, den 5. Juli in die Vorbereitungsphase ein. Neben einem Fitnesscheck und den normalen Trainingseinheiten wartet auf die Sch\u00fctzlinge von Trainer Frank Ziegler bis zum Rundenbeginn am 7. August immer Freitags ein spezielles Athletiktraining. Der Gruppenliga-Meister hat f\u00fcnf Testspiele vereinbart, in [&hellip;]<\/p>\n","protected":false},"author":1,"featured_media":0,"comment_status":"open","ping_status":"open","sticky":false,"template":"","format":"standard","meta":{"footnotes":""},"categories":[10],"tags":[],"class_list":["post-898","post","type-post","status-publish","format-standard","hentry","category-verbandsliga-sued"],"_links":{"self":[{"href":"https:\/\/insideamateurfussball-ffm.de\/index.php?rest_route=\/wp\/v2\/posts\/898","targetHints":{"allow":["GET"]}}],"collection":[{"href":"https:\/\/insideamateurfussball-ffm.de\/index.php?rest_route=\/wp\/v2\/posts"}],"about":[{"href":"https:\/\/insideamateurfussball-ffm.de\/index.php?rest_route=\/wp\/v2\/types\/post"}],"author":[{"embeddable":true,"href":"https:\/\/insideamateurfussball-ffm.de\/index.php?rest_route=\/wp\/v2\/users\/1"}],"replies":[{"embeddable":true,"href":"https:\/\/insideamateurfussball-ffm.de\/index.php?rest_route=%2Fwp%2Fv2%2Fcomments&post=898"}],"version-history":[{"count":1,"href":"https:\/\/insideamateurfussball-ffm.de\/index.php?rest_route=\/wp\/v2\/posts\/898\/revisions"}],"predecessor-version":[{"id":901,"href":"https:\/\/insideamateurfussball-ffm.de\/index.php?rest_route=\/wp\/v2\/posts\/898\/revisions\/901"}],"wp:attachment":[{"href":"https:\/\/insideamateurfussball-ffm.de\/index.php?rest_route=%2Fwp%2Fv2%2Fmedia&parent=898"}],"wp:term":[{"taxonomy":"category","embeddable":true,"href":"https:\/\/insideamateurfussball-ffm.de\/index.php?rest_route=%2Fwp%2Fv2%2Fcategories&post=898"},{"taxonomy":"post_tag","embeddable":true,"href":"https:\/\/insideamateurfussball-ffm.de\/index.php?rest_route=%2Fwp%2Fv2%2Ftags&post=898"}],"curies":[{"name":"wp","href":"https:\/\/api.w.org\/{rel}","templated":true}]}}