{"id":894,"date":"2022-06-24T20:49:20","date_gmt":"2022-06-24T20:49:20","guid":{"rendered":"http:\/\/insideamateurfussball-ffm.de\/?p=894"},"modified":"2025-01-04T12:44:26","modified_gmt":"2025-01-04T11:44:26","slug":"aufstiegscheck-fc-kalbach","status":"publish","type":"post","link":"https:\/\/insideamateurfussball-ffm.de\/?p=894","title":{"rendered":"Aufstiegscheck: FC Kalbach"},"content":{"rendered":"<h5>Nach drei Jahren Abwesenheit kehrt der FC Kalbach als Meister der Fu\u00dfball-Kreisoberliga Frankfurt in die Gruppenliga Frankfurt West zur\u00fcck. In einer sehr intensiven und spannenden Saison 2021\/22 lieferte sich das Team von Trainer Aaz-Dine Zarioh ein langes Kopf-an-Kopf-Rennen mit der Spvgg. Griesheim, das erst am letzten Spieltag entschieden wurde.<\/h5>\n<figure id=\"attachment_895\" aria-describedby=\"caption-attachment-895\" style=\"width: 300px\" class=\"wp-caption alignnone\"><img loading=\"lazy\" decoding=\"async\" class=\"wp-image-895 size-medium\" src=\"http:\/\/insideamateurfussball-ffm.de\/wp-content\/uploads\/2022\/06\/FCK-Meister-300x300.jpg\" alt=\"\" width=\"300\" height=\"300\" \/><figcaption id=\"caption-attachment-895\" class=\"wp-caption-text\">Grafik: FC Kalbach.\u00a0<\/figcaption><\/figure>\n<p>93 von m\u00f6glichen 108 Punkten holten die Kalbacher und setzten damit Ma\u00dfst\u00e4be in der h\u00f6chsten Liga des Kreises. Der hartn\u00e4ckigste Widersacher aus Griesheim kam sportlich auf 88 Z\u00e4hler (die sechs Punkte Abzug aus dem Sportgerichtsurteil aus der abgebrochenen Partie beim FC Posavina waren f\u00fcr die Meisterschaftsfrage nicht mehr relevant). Kalbachs Sportlicher Leiter Manfred Meyer findet sogar, &#8222;dass der FC Tempo auf Rang drei mit 82 Punkten auch eine \u00fcberragende Saison gespielt hat. Insgesamt war das gezeigte Niveau dieser drei Spitzenteams sehr hoch.&#8220; Zwar verlor Kalbach beide Duelle gegen Griesheim (0:2\/2:3), zeigte sich aber in den Duellen mit den \u00fcbrigen Clubs deutlich konstanter. Ausw\u00e4rts wurden alle restlichen Spiele gewonnen, vor heimischer Kulisse gab es nur noch eine Niederlage gegen den TSKV T\u00fcrkg\u00fcc\u00fc (1:3) sowie drei 2:2-Unentschieden gegen Croatia, Heddernheim und Posavina. &#8222;Der Schl\u00fcssel zum Erfolg und zur hochverdienten Meisterschaft waren die Konstanz, der Wille, das Engagement und die Leidenschaft&#8220;, hebt Meyer hervor.<\/p>\n<p>Das Trainerteam bestehend aus Zarioh und Assistent Eloy Merens habe die &#8222;Art und Weise, wie wir den Fu\u00dfball verk\u00f6rpern, an die Mannschaft gut vermittelt.&#8220; Gest\u00e4rkt durch den \u00fcberraschenden Gewinn des im letzten Sommer nachtr\u00e4glich ausgetragenen Kreispokals startete Kalbach mit f\u00fcnf Siegen in die Saison und setzte sich in der Spitzengruppe fest. Dabei begann die Saison mit personellen Problemen. Die Offensivspieler Soufiane Moussaoui (SV Griesheim Tarik) und Stefano Amore (Sportfreunde Oberau) verlie\u00dfen den Club Ende August mit Amateurvertr\u00e4gen ausgestattet. Teilweise mussten schwere Verletzungen von Spielern kompensiert werden. Der als Stammtorh\u00fcter eingeplante Maximilian Strauss half aus Personalnot auf der Position des Au\u00dfenverteidigers aus und mauserte sich zum Stammspieler auf der Au\u00dfenposition. Gleichzeitig wuchs Ersatzkeeper Fabian Lanthaler \u00fcber sich hinaus und spielte eine starke Saison als Stammtorh\u00fcter.<\/p>\n<h5>Druck auf den Rivalen hoch gehalten<\/h5>\n<p>Trotz aller R\u00fcckschl\u00e4ge blieb Kalbach mit einem kleinen Kader 16 Spiele ungeschlagen. Der Kern des Teams um die absoluten Leistungstr\u00e4ger Oliver Pauls, Denis Fliess, Ricardo Harrabi, Moritz Uppenkamp, Achraf Gara Ali und Kapit\u00e4n Alexander Azimpour war entscheidend, da diese die jungen und noch unerfahrenen Spieler mit zogen. &#8222;Gerade Pauls, Harrabi und Uppenkamp haben im Mittelfeld die F\u00e4den gezogen&#8220;, unterstreicht Meyer. Die R\u00fcckrunde begann mit sieben Siegen in Folge und Kalbach lie\u00df sich auch nicht von der ungl\u00fccklichen Heimniederlage gegen Griesheim vom Erfolgsweg abbringen. Obwohl die Tabellenf\u00fchrung zwischenzeitlich an die &#8222;Schleifer&#8220; abgegeben werden musste, hielt der FCK den Druck auf den Rivalen mit acht weiteren Siegen in Folge hoch und profitierte dann von einigen unerwarteten Patzern des Tabellenzweiten. Dabei ist Meyer froh, dass sich die Aufstiegsfrage letztlich auf sportlichem Wege entschied und man durch einen theoretisch m\u00f6glichen Einspruch der Griesheimer hinsichtlich des Sportgerichtsurteils nicht &#8222;wochenlang in der Luft&#8220; h\u00e4ngen musste.<\/p>\n<blockquote><p>&#8222;Jetzt wollen wir die Gruppenliga mit ihren tollen Spielorten genie\u00dfen und dort unseren Fu\u00dfball pr\u00e4sentieren (Kalbachs Sportlicher Leiter Manfred Meyer).<\/p><\/blockquote>\n<p>Gro\u00dfen Anteil an der Meisterschaft hatte Torsch\u00fctzenk\u00f6nig Achraf Gara Ali, der 56 Treffer beisteuerte. Es h\u00e4tten wahrscheinlich weit \u00fcber 60 Treffer sein k\u00f6nnen, wenn Absteiger wie Saz-Rock und Nieder-Erlenbach nicht von ihrem Recht zum Nichtantritt Gebrauch gemacht h\u00e4tten. Dann h\u00e4tte sich Gara Ali auch die bundesweite Torj\u00e4gerkanone f\u00fcr die 8. Liga alleine sichern k\u00f6nnen, da sein Kontrahent Kai Hoffmann vom Essener SC Preu\u00dfen am letzten Spieltag noch mit Gara Ali durch acht Tore gleich zog. Trotz h\u00f6herklassiger Angebote bleibt Gara Ali dem FC Kalbach treu und freut sich nun wie der gesamte Verein auf die Gruppenliga. &#8222;Die Freude \u00fcber die Meisterschaft war im Umfeld und in der Mannschaft riesengro\u00df. Die letzten drei Spiele haben uns alles abverlangt. Jetzt wollen wir die Gruppenliga mit ihren tollen Spielorten genie\u00dfen und dort unseren Fu\u00dfball pr\u00e4sentieren&#8220;, erkl\u00e4rt Meyer, der mit einigen Neuzug\u00e4ngen planen kann. Nach dem Vorbereitungsstart warten mit Hessenligist FC Bayern Alzenau (3. Juli, 14 Uhr) und Regionalligist FSV Frankfurt (6. Juli, 19.30 Uhr) sofort gro\u00dfe Kaliber in den ersten Testspielen.<\/p>\n<h5><\/h5>\n","protected":false},"excerpt":{"rendered":"<p>Nach drei Jahren Abwesenheit kehrt der FC Kalbach als Meister der Fu\u00dfball-Kreisoberliga Frankfurt in die Gruppenliga Frankfurt West zur\u00fcck. In einer sehr intensiven und spannenden Saison 2021\/22 lieferte sich das Team von Trainer Aaz-Dine Zarioh ein langes Kopf-an-Kopf-Rennen mit der Spvgg. Griesheim, das erst am letzten Spieltag entschieden wurde. 93 von m\u00f6glichen 108 Punkten holten [&hellip;]<\/p>\n","protected":false},"author":1,"featured_media":0,"comment_status":"open","ping_status":"open","sticky":false,"template":"","format":"standard","meta":{"footnotes":""},"categories":[13],"tags":[],"class_list":["post-894","post","type-post","status-publish","format-standard","hentry","category-gruppenliga-frankfurt-west"],"_links":{"self":[{"href":"https:\/\/insideamateurfussball-ffm.de\/index.php?rest_route=\/wp\/v2\/posts\/894","targetHints":{"allow":["GET"]}}],"collection":[{"href":"https:\/\/insideamateurfussball-ffm.de\/index.php?rest_route=\/wp\/v2\/posts"}],"about":[{"href":"https:\/\/insideamateurfussball-ffm.de\/index.php?rest_route=\/wp\/v2\/types\/post"}],"author":[{"embeddable":true,"href":"https:\/\/insideamateurfussball-ffm.de\/index.php?rest_route=\/wp\/v2\/users\/1"}],"replies":[{"embeddable":true,"href":"https:\/\/insideamateurfussball-ffm.de\/index.php?rest_route=%2Fwp%2Fv2%2Fcomments&post=894"}],"version-history":[{"count":3,"href":"https:\/\/insideamateurfussball-ffm.de\/index.php?rest_route=\/wp\/v2\/posts\/894\/revisions"}],"predecessor-version":[{"id":930,"href":"https:\/\/insideamateurfussball-ffm.de\/index.php?rest_route=\/wp\/v2\/posts\/894\/revisions\/930"}],"wp:attachment":[{"href":"https:\/\/insideamateurfussball-ffm.de\/index.php?rest_route=%2Fwp%2Fv2%2Fmedia&parent=894"}],"wp:term":[{"taxonomy":"category","embeddable":true,"href":"https:\/\/insideamateurfussball-ffm.de\/index.php?rest_route=%2Fwp%2Fv2%2Fcategories&post=894"},{"taxonomy":"post_tag","embeddable":true,"href":"https:\/\/insideamateurfussball-ffm.de\/index.php?rest_route=%2Fwp%2Fv2%2Ftags&post=894"}],"curies":[{"name":"wp","href":"https:\/\/api.w.org\/{rel}","templated":true}]}}