{"id":889,"date":"2022-06-24T19:23:38","date_gmt":"2022-06-24T19:23:38","guid":{"rendered":"http:\/\/insideamateurfussball-ffm.de\/?p=889"},"modified":"2025-01-04T12:44:34","modified_gmt":"2025-01-04T11:44:34","slug":"ffc-victoria-ii-verzichtet-auf-aufstieg","status":"publish","type":"post","link":"https:\/\/insideamateurfussball-ffm.de\/?p=889","title":{"rendered":"FFC Victoria II verzichtet auf Aufstieg"},"content":{"rendered":"<h5>Aus der Kreisliga C (Gruppe 2) steigt nur Meister SG Praunheim II in die B-Klasse auf. Da die dahinter platzierten Dritten Mannschaften des FC Gudesding und des SV Sachsenhausen nicht aufstiegsberechtigt sind, weil ihre Zweiten Mannschaften schon eine Klasse h\u00f6her vertreten sind, h\u00e4tte der FFC Victoria II als Vierter nachr\u00fccken k\u00f6nnen. Doch die Victorianer teilten nun mit, dass sie ihr Aufstiegsrecht nicht wahrnehmen m\u00f6chten.<\/h5>\n<h5><img loading=\"lazy\" decoding=\"async\" class=\"alignnone size-full wp-image-890\" src=\"http:\/\/insideamateurfussball-ffm.de\/wp-content\/uploads\/2022\/06\/Victoria-II.png\" alt=\"\" width=\"80\" height=\"80\" \/><\/h5>\n<figure id=\"attachment_891\" aria-describedby=\"caption-attachment-891\" style=\"width: 300px\" class=\"wp-caption alignnone\"><img loading=\"lazy\" decoding=\"async\" class=\"wp-image-891 size-medium\" src=\"http:\/\/insideamateurfussball-ffm.de\/wp-content\/uploads\/2022\/06\/Victoria-300x225.jpg\" alt=\"\" width=\"300\" height=\"225\" \/><figcaption id=\"caption-attachment-891\" class=\"wp-caption-text\">Die Reserve des FFC Victoria f\u00fchlt sich in der C-Klasse besser aufgehoben. Foto: PA.<\/figcaption><\/figure>\n<p>59 Punkte und 106:73 Tore hatte die Mannschaft von Trainer Malte Schmitt, der auch die Erste Mannschaft in der A-Klasse coacht, im Saisonverlauf erzielt. Allerdings h\u00e4uften sich in der untersten Spielklasse auch elf Niederlagen an. &#8222;Wir sind \u00fcberraschend in das Aufstiegsrennen gerutscht, weil die vor uns liegenden Teams nicht aufsteigen durften. Nach dem letzten Spieltag sind wir zum Entschluss gekommen, dass wir nur formell aufsteigen w\u00fcrden und die sportlichen Voraussetzungen f\u00fcr die B-Liga nicht erf\u00fcllen&#8220;, erkl\u00e4rte Schmitt den Aufstiegsverzicht des Vereins, der sich \u00fcberwiegend aus Mitgliedern der aktiven Fanszene von Europa League-Gewinner Eintracht Frankfurt rekrutiert.<\/p>\n<h5><\/h5>\n","protected":false},"excerpt":{"rendered":"<p>Aus der Kreisliga C (Gruppe 2) steigt nur Meister SG Praunheim II in die B-Klasse auf. Da die dahinter platzierten Dritten Mannschaften des FC Gudesding und des SV Sachsenhausen nicht aufstiegsberechtigt sind, weil ihre Zweiten Mannschaften schon eine Klasse h\u00f6her vertreten sind, h\u00e4tte der FFC Victoria II als Vierter nachr\u00fccken k\u00f6nnen. Doch die Victorianer teilten [&hellip;]<\/p>\n","protected":false},"author":1,"featured_media":0,"comment_status":"open","ping_status":"open","sticky":false,"template":"","format":"standard","meta":{"footnotes":""},"categories":[25],"tags":[],"class_list":["post-889","post","type-post","status-publish","format-standard","hentry","category-kreisliga-c"],"_links":{"self":[{"href":"https:\/\/insideamateurfussball-ffm.de\/index.php?rest_route=\/wp\/v2\/posts\/889","targetHints":{"allow":["GET"]}}],"collection":[{"href":"https:\/\/insideamateurfussball-ffm.de\/index.php?rest_route=\/wp\/v2\/posts"}],"about":[{"href":"https:\/\/insideamateurfussball-ffm.de\/index.php?rest_route=\/wp\/v2\/types\/post"}],"author":[{"embeddable":true,"href":"https:\/\/insideamateurfussball-ffm.de\/index.php?rest_route=\/wp\/v2\/users\/1"}],"replies":[{"embeddable":true,"href":"https:\/\/insideamateurfussball-ffm.de\/index.php?rest_route=%2Fwp%2Fv2%2Fcomments&post=889"}],"version-history":[{"count":3,"href":"https:\/\/insideamateurfussball-ffm.de\/index.php?rest_route=\/wp\/v2\/posts\/889\/revisions"}],"predecessor-version":[{"id":905,"href":"https:\/\/insideamateurfussball-ffm.de\/index.php?rest_route=\/wp\/v2\/posts\/889\/revisions\/905"}],"wp:attachment":[{"href":"https:\/\/insideamateurfussball-ffm.de\/index.php?rest_route=%2Fwp%2Fv2%2Fmedia&parent=889"}],"wp:term":[{"taxonomy":"category","embeddable":true,"href":"https:\/\/insideamateurfussball-ffm.de\/index.php?rest_route=%2Fwp%2Fv2%2Fcategories&post=889"},{"taxonomy":"post_tag","embeddable":true,"href":"https:\/\/insideamateurfussball-ffm.de\/index.php?rest_route=%2Fwp%2Fv2%2Ftags&post=889"}],"curies":[{"name":"wp","href":"https:\/\/api.w.org\/{rel}","templated":true}]}}