{"id":885,"date":"2022-06-24T17:45:47","date_gmt":"2022-06-24T17:45:47","guid":{"rendered":"http:\/\/insideamateurfussball-ffm.de\/?p=885"},"modified":"2025-01-04T12:44:41","modified_gmt":"2025-01-04T11:44:41","slug":"kreis-frankfurt-tagt-am-2-juli","status":"publish","type":"post","link":"https:\/\/insideamateurfussball-ffm.de\/?p=885","title":{"rendered":"Kreis Frankfurt tagt am 2. Juli"},"content":{"rendered":"<h5>Kreisfu\u00dfballwart Rainer Nagel hat die Frankfurter Vereine auf Kreisebene zur traditionellen Vorrundenbesprechung eingeladen. Besprochen wird das Spielgeschehen in drei Bl\u00f6cken nach Klassenzugeh\u00f6rigkeit geordnet.<\/h5>\n<figure id=\"attachment_886\" aria-describedby=\"caption-attachment-886\" style=\"width: 300px\" class=\"wp-caption alignnone\"><img loading=\"lazy\" decoding=\"async\" class=\"wp-image-886 size-medium\" src=\"http:\/\/insideamateurfussball-ffm.de\/wp-content\/uploads\/2022\/06\/hau-1-1-300x189.jpg\" alt=\"\" width=\"300\" height=\"189\" \/><figcaption id=\"caption-attachment-886\" class=\"wp-caption-text\">Die Vereinsvertreter treffen sich am 2. Juli beim FV Hausen. Foto: Mithat G\u00fcrser.<\/figcaption><\/figure>\n<p>Am Samstag, den 2. Juli treffen sich die Vereinsvertreter im Vereinsheim des FV Hausen &#8222;Zur M\u00fchlwiese&#8220;. Ab 12 Uhr kommen zun\u00e4chst die 17 Vereine der Kreisoberliga zusammen. Um 13 Uhr geht es weiter mit den beiden Staffeln der Kreisliga A und ab 14 Uhr sind dann die zwei B-Liga-Staffeln an der Reihe. Die beiden Gruppen der C-Klasse erhalten keine eigenst\u00e4ndige Besprechung, sondern werden im Rahmen der oben genannten Besprechungen mit abgehandelt. Der Kreisfu\u00dfballausschuss weist darauf hin, dass es sich um eine Pflichtsitzung handelt und jeder Verein einen entscheidungsbefugten Vertreter zu entsenden hat, der beispielsweise bei Spielverlegungen sofort entscheiden kann.<\/p>\n<h5><\/h5>\n","protected":false},"excerpt":{"rendered":"<p>Kreisfu\u00dfballwart Rainer Nagel hat die Frankfurter Vereine auf Kreisebene zur traditionellen Vorrundenbesprechung eingeladen. Besprochen wird das Spielgeschehen in drei Bl\u00f6cken nach Klassenzugeh\u00f6rigkeit geordnet. Am Samstag, den 2. Juli treffen sich die Vereinsvertreter im Vereinsheim des FV Hausen &#8222;Zur M\u00fchlwiese&#8220;. Ab 12 Uhr kommen zun\u00e4chst die 17 Vereine der Kreisoberliga zusammen. Um 13 Uhr geht es [&hellip;]<\/p>\n","protected":false},"author":1,"featured_media":0,"comment_status":"open","ping_status":"open","sticky":false,"template":"","format":"standard","meta":{"footnotes":""},"categories":[24],"tags":[],"class_list":["post-885","post","type-post","status-publish","format-standard","hentry","category-besprechungen"],"_links":{"self":[{"href":"https:\/\/insideamateurfussball-ffm.de\/index.php?rest_route=\/wp\/v2\/posts\/885","targetHints":{"allow":["GET"]}}],"collection":[{"href":"https:\/\/insideamateurfussball-ffm.de\/index.php?rest_route=\/wp\/v2\/posts"}],"about":[{"href":"https:\/\/insideamateurfussball-ffm.de\/index.php?rest_route=\/wp\/v2\/types\/post"}],"author":[{"embeddable":true,"href":"https:\/\/insideamateurfussball-ffm.de\/index.php?rest_route=\/wp\/v2\/users\/1"}],"replies":[{"embeddable":true,"href":"https:\/\/insideamateurfussball-ffm.de\/index.php?rest_route=%2Fwp%2Fv2%2Fcomments&post=885"}],"version-history":[{"count":2,"href":"https:\/\/insideamateurfussball-ffm.de\/index.php?rest_route=\/wp\/v2\/posts\/885\/revisions"}],"predecessor-version":[{"id":888,"href":"https:\/\/insideamateurfussball-ffm.de\/index.php?rest_route=\/wp\/v2\/posts\/885\/revisions\/888"}],"wp:attachment":[{"href":"https:\/\/insideamateurfussball-ffm.de\/index.php?rest_route=%2Fwp%2Fv2%2Fmedia&parent=885"}],"wp:term":[{"taxonomy":"category","embeddable":true,"href":"https:\/\/insideamateurfussball-ffm.de\/index.php?rest_route=%2Fwp%2Fv2%2Fcategories&post=885"},{"taxonomy":"post_tag","embeddable":true,"href":"https:\/\/insideamateurfussball-ffm.de\/index.php?rest_route=%2Fwp%2Fv2%2Ftags&post=885"}],"curies":[{"name":"wp","href":"https:\/\/api.w.org\/{rel}","templated":true}]}}