{"id":876,"date":"2022-06-23T19:03:41","date_gmt":"2022-06-23T19:03:41","guid":{"rendered":"http:\/\/insideamateurfussball-ffm.de\/?p=876"},"modified":"2025-01-04T12:44:55","modified_gmt":"2025-01-04T11:44:55","slug":"kritik-am-fruehen-saisonstart","status":"publish","type":"post","link":"https:\/\/insideamateurfussball-ffm.de\/?p=876","title":{"rendered":"Kritik am fr\u00fchen Saisonstart"},"content":{"rendered":"<h5>Nachdem die erste vollst\u00e4ndige Fu\u00dfball-Saison im Amateurbereich nach zwei abgebrochenen Spielzeiten im Kreis Frankfurt erst am 12. Juni abgeschlossen wurde, soll die neue Runde bereits am 7. August starten. Einige Trainer aus der Kreisoberliga Frankfurt kritisieren diese Terminplanung und sind davon alles andere als begeistert. Inside Amateurfu\u00dfball Ffm hat einige Stimmen zu diesem heiklen Thema gesammelt.<\/h5>\n<figure id=\"attachment_877\" aria-describedby=\"caption-attachment-877\" style=\"width: 300px\" class=\"wp-caption alignnone\"><img loading=\"lazy\" decoding=\"async\" class=\"wp-image-877 size-medium\" src=\"http:\/\/insideamateurfussball-ffm.de\/wp-content\/uploads\/2022\/06\/con8-300x207.jpg\" alt=\"\" width=\"300\" height=\"207\" \/><figcaption id=\"caption-attachment-877\" class=\"wp-caption-text\">Preu\u00dfen-Trainer Artur Rissling vermisst die Flexibilit\u00e4t bei den Verbands-Funktion\u00e4ren. Foto: Mithat G\u00fcrser.<\/figcaption><\/figure>\n<h5>Artur Rissling (Trainer SV Viktoria Preu\u00dfen):<\/h5>\n<p><img loading=\"lazy\" decoding=\"async\" class=\"alignnone size-full wp-image-12\" src=\"http:\/\/insideamateurfussball-ffm.de\/wp-content\/uploads\/2021\/11\/preussen.jpg\" alt=\"\" width=\"72\" height=\"80\" \/><\/p>\n<blockquote><p>&#8222;Im Hochtaunus-Kreis haben sich die Vertreter des Fu\u00dfball-Ausschusses mit den Spielf\u00fchrern getroffen und einen runden Tisch gebildet. Dort wurde \u00fcber den Beginn der neuen Saison debattiert, um eine vern\u00fcnftige L\u00f6sung zu finden. Das wird im Kreis Frankfurt gar nicht gemacht. Was spricht dagegen im September eine englische Woche zu machen und n\u00e4chstes Jahr im April noch eine? Dann k\u00f6nnten wir am 21. August beginnen. Die Jungs haben 36 Punktspiele absolviert plus Pokalspiele. Jetzt haben wir eine so kurze Sommerpause wie noch nie. Das ist ein Unding, dass hier einfach bestimmt wird und fertig. Ende Juli ist schon die erste Pokalrunde. Wann sollen die Spieler denn Pause machen? Man kann doch mal die Vereine einfach mal fragen, bevor man den Terminplan macht.&#8220;<\/p><\/blockquote>\n<h5>Andreas Berggold (Trainer SV 07 Heddernheim):<\/h5>\n<p><img loading=\"lazy\" decoding=\"async\" class=\"alignnone size-full wp-image-302\" src=\"http:\/\/insideamateurfussball-ffm.de\/wp-content\/uploads\/2022\/05\/1sv07_news2_4511-1.jpg\" alt=\"\" width=\"80\" height=\"80\" \/><\/p>\n<figure id=\"attachment_878\" aria-describedby=\"caption-attachment-878\" style=\"width: 300px\" class=\"wp-caption alignnone\"><img loading=\"lazy\" decoding=\"async\" class=\"wp-image-878 size-medium\" src=\"http:\/\/insideamateurfussball-ffm.de\/wp-content\/uploads\/2022\/06\/hd-11-1-300x255.jpg\" alt=\"\" width=\"300\" height=\"255\" \/><figcaption id=\"caption-attachment-878\" class=\"wp-caption-text\">Heddernheims Trainer Andreas Berggold. Foto: Mithat G\u00fcrser.<\/figcaption><\/figure>\n<blockquote><p>&#8222;Ich h\u00f6re von vielen Trainern, dass das ganz schlecht terminiert ist. Der Saisonstart am 7. August ist viel zu fr\u00fch. Ich verstehe nicht warum man nicht sagt, dass man die ersten beiden Spieltage unter der Woche absolviert. Das sollte doch machbar sein, um dann zwei Wochen l\u00e4nger Pause zu haben. Genauso verstehe ich nicht, warum wir als Amateure nicht f\u00fcnfmal wechseln d\u00fcrfen, die Profis aber schon. Mir ist schleierhaft, wer und wo diese Entscheidungen trifft.&#8220;<\/p><\/blockquote>\n<h5>Federico da Costa Coutinho (Trainer FV 1920 Hausen):<\/h5>\n<p><img loading=\"lazy\" decoding=\"async\" class=\"alignnone size-full wp-image-283\" src=\"http:\/\/insideamateurfussball-ffm.de\/wp-content\/uploads\/2022\/05\/Hausen.jpg\" alt=\"\" width=\"80\" height=\"60\" \/><\/p>\n<blockquote><p>&#8222;Meiner Ansicht nach kann man nicht am 12.6. aufh\u00f6ren und am 7.8. wieder die neue Saison beginnen. Unabh\u00e4ngig von der kurzen Pause z\u00e4hlt auch der emotionale Aspekt. Die Mannschaften haben 36 Spiele plus Pokal absolviert und dann soll die Vorbereitung zwei Wochen sp\u00e4ter direkt schon beginnen. Da kann keiner abschalten, das finde ich sehr schade. Wir haben zum Ende der Runde das Trainingspensum schon stark gedrosselt, um die Spieler auf andere Gedanken zu bringen. Dazu finde ich es schade, wenn zu Saisonbeginn auch bei den anderen Mannschaften viele Spieler fehlen, weil sie im August in der Heimat Urlaub machen.&#8220;<\/p><\/blockquote>\n","protected":false},"excerpt":{"rendered":"<p>Nachdem die erste vollst\u00e4ndige Fu\u00dfball-Saison im Amateurbereich nach zwei abgebrochenen Spielzeiten im Kreis Frankfurt erst am 12. Juni abgeschlossen wurde, soll die neue Runde bereits am 7. August starten. Einige Trainer aus der Kreisoberliga Frankfurt kritisieren diese Terminplanung und sind davon alles andere als begeistert. Inside Amateurfu\u00dfball Ffm hat einige Stimmen zu diesem heiklen Thema [&hellip;]<\/p>\n","protected":false},"author":1,"featured_media":0,"comment_status":"open","ping_status":"open","sticky":false,"template":"","format":"standard","meta":{"footnotes":""},"categories":[2],"tags":[],"class_list":["post-876","post","type-post","status-publish","format-standard","hentry","category-kreisoberliga-frankfurt"],"_links":{"self":[{"href":"https:\/\/insideamateurfussball-ffm.de\/index.php?rest_route=\/wp\/v2\/posts\/876","targetHints":{"allow":["GET"]}}],"collection":[{"href":"https:\/\/insideamateurfussball-ffm.de\/index.php?rest_route=\/wp\/v2\/posts"}],"about":[{"href":"https:\/\/insideamateurfussball-ffm.de\/index.php?rest_route=\/wp\/v2\/types\/post"}],"author":[{"embeddable":true,"href":"https:\/\/insideamateurfussball-ffm.de\/index.php?rest_route=\/wp\/v2\/users\/1"}],"replies":[{"embeddable":true,"href":"https:\/\/insideamateurfussball-ffm.de\/index.php?rest_route=%2Fwp%2Fv2%2Fcomments&post=876"}],"version-history":[{"count":2,"href":"https:\/\/insideamateurfussball-ffm.de\/index.php?rest_route=\/wp\/v2\/posts\/876\/revisions"}],"predecessor-version":[{"id":880,"href":"https:\/\/insideamateurfussball-ffm.de\/index.php?rest_route=\/wp\/v2\/posts\/876\/revisions\/880"}],"wp:attachment":[{"href":"https:\/\/insideamateurfussball-ffm.de\/index.php?rest_route=%2Fwp%2Fv2%2Fmedia&parent=876"}],"wp:term":[{"taxonomy":"category","embeddable":true,"href":"https:\/\/insideamateurfussball-ffm.de\/index.php?rest_route=%2Fwp%2Fv2%2Fcategories&post=876"},{"taxonomy":"post_tag","embeddable":true,"href":"https:\/\/insideamateurfussball-ffm.de\/index.php?rest_route=%2Fwp%2Fv2%2Ftags&post=876"}],"curies":[{"name":"wp","href":"https:\/\/api.w.org\/{rel}","templated":true}]}}