{"id":873,"date":"2022-06-23T18:08:23","date_gmt":"2022-06-23T18:08:23","guid":{"rendered":"http:\/\/insideamateurfussball-ffm.de\/?p=873"},"modified":"2025-01-04T12:45:03","modified_gmt":"2025-01-04T11:45:03","slug":"kelsterbacher-torjaeger-vildan-islami-nach-zeilsheim","status":"publish","type":"post","link":"https:\/\/insideamateurfussball-ffm.de\/?p=873","title":{"rendered":"Kelsterbacher Torj\u00e4ger Vildan Islami nach Zeilsheim"},"content":{"rendered":"<h5>Wie Viktoria Kelsterbachs Sportlicher Leiter Daniel Niedermann best\u00e4tigt, muss der Aufsteiger in die Kreisoberliga Maintaunus k\u00fcnftig ohne die Dienste seines Torj\u00e4gers Vildan Islami auskommen. Der Nordmazedonier wechselt zum Mitte-Verbandsligisten SV Zeilsheim.<\/h5>\n<figure id=\"attachment_874\" aria-describedby=\"caption-attachment-874\" style=\"width: 300px\" class=\"wp-caption alignnone\"><img loading=\"lazy\" decoding=\"async\" class=\"wp-image-874 size-medium\" src=\"http:\/\/insideamateurfussball-ffm.de\/wp-content\/uploads\/2022\/06\/islami-300x300.jpg\" alt=\"\" width=\"300\" height=\"300\" srcset=\"https:\/\/insideamateurfussball-ffm.de\/wp-content\/uploads\/2022\/06\/islami-300x300.jpg 300w, https:\/\/insideamateurfussball-ffm.de\/wp-content\/uploads\/2022\/06\/islami-150x150.jpg 150w, https:\/\/insideamateurfussball-ffm.de\/wp-content\/uploads\/2022\/06\/islami-768x768.jpg 768w, https:\/\/insideamateurfussball-ffm.de\/wp-content\/uploads\/2022\/06\/islami.jpg 900w\" sizes=\"auto, (max-width: 300px) 100vw, 300px\" \/><figcaption id=\"caption-attachment-874\" class=\"wp-caption-text\">Grafik: Viktoria Kelsterbach.<\/figcaption><\/figure>\n<p>Mit 46 Saisontoren in der A-Klasse Maintaunus spielte sich Islami in den Blickpunkt h\u00f6herklassiger Vereine. Insgesamt hat der St\u00fcrmer f\u00fcr die Kelsterbacher in den vergangenen Spielzeiten in 37 Spielen 61 Treffer markiert. Den Zuschlag f\u00fcr den Klassemann erhielt nun Hessenliga-Absteiger SV Zeilsheim. An der Lenzenbergstra\u00dfe soll der 26-j\u00e4hrige in der Verbandsliga Mitte im Team von Trainer Max Martin f\u00fcr m\u00f6glichst viele Tore sorgen. Sicherlich wird es Islami drei Klassen h\u00f6her etwas schwerer fallen, aber das Potenzial bringt er auf jeden Fall schon mal mit.<\/p>\n","protected":false},"excerpt":{"rendered":"<p>Wie Viktoria Kelsterbachs Sportlicher Leiter Daniel Niedermann best\u00e4tigt, muss der Aufsteiger in die Kreisoberliga Maintaunus k\u00fcnftig ohne die Dienste seines Torj\u00e4gers Vildan Islami auskommen. Der Nordmazedonier wechselt zum Mitte-Verbandsligisten SV Zeilsheim. Mit 46 Saisontoren in der A-Klasse Maintaunus spielte sich Islami in den Blickpunkt h\u00f6herklassiger Vereine. Insgesamt hat der St\u00fcrmer f\u00fcr die Kelsterbacher in den [&hellip;]<\/p>\n","protected":false},"author":1,"featured_media":874,"comment_status":"open","ping_status":"open","sticky":false,"template":"","format":"standard","meta":{"footnotes":""},"categories":[22],"tags":[],"class_list":["post-873","post","type-post","status-publish","format-standard","has-post-thumbnail","hentry","category-spielerwechsel"],"_links":{"self":[{"href":"https:\/\/insideamateurfussball-ffm.de\/index.php?rest_route=\/wp\/v2\/posts\/873","targetHints":{"allow":["GET"]}}],"collection":[{"href":"https:\/\/insideamateurfussball-ffm.de\/index.php?rest_route=\/wp\/v2\/posts"}],"about":[{"href":"https:\/\/insideamateurfussball-ffm.de\/index.php?rest_route=\/wp\/v2\/types\/post"}],"author":[{"embeddable":true,"href":"https:\/\/insideamateurfussball-ffm.de\/index.php?rest_route=\/wp\/v2\/users\/1"}],"replies":[{"embeddable":true,"href":"https:\/\/insideamateurfussball-ffm.de\/index.php?rest_route=%2Fwp%2Fv2%2Fcomments&post=873"}],"version-history":[{"count":1,"href":"https:\/\/insideamateurfussball-ffm.de\/index.php?rest_route=\/wp\/v2\/posts\/873\/revisions"}],"predecessor-version":[{"id":875,"href":"https:\/\/insideamateurfussball-ffm.de\/index.php?rest_route=\/wp\/v2\/posts\/873\/revisions\/875"}],"wp:featuredmedia":[{"embeddable":true,"href":"https:\/\/insideamateurfussball-ffm.de\/index.php?rest_route=\/wp\/v2\/media\/874"}],"wp:attachment":[{"href":"https:\/\/insideamateurfussball-ffm.de\/index.php?rest_route=%2Fwp%2Fv2%2Fmedia&parent=873"}],"wp:term":[{"taxonomy":"category","embeddable":true,"href":"https:\/\/insideamateurfussball-ffm.de\/index.php?rest_route=%2Fwp%2Fv2%2Fcategories&post=873"},{"taxonomy":"post_tag","embeddable":true,"href":"https:\/\/insideamateurfussball-ffm.de\/index.php?rest_route=%2Fwp%2Fv2%2Ftags&post=873"}],"curies":[{"name":"wp","href":"https:\/\/api.w.org\/{rel}","templated":true}]}}