{"id":870,"date":"2022-06-22T20:59:13","date_gmt":"2022-06-22T20:59:13","guid":{"rendered":"http:\/\/insideamateurfussball-ffm.de\/?p=870"},"modified":"2025-01-04T12:45:12","modified_gmt":"2025-01-04T11:45:12","slug":"blau-gelb-eckerl-nachfolger-von-alik","status":"publish","type":"post","link":"https:\/\/insideamateurfussball-ffm.de\/?p=870","title":{"rendered":"Blau-Gelb: Eckerl Nachfolger von Alik"},"content":{"rendered":"<h5>A-Ligist SV Blau-Gelb geht mit einem neuen Trainer in die Saison 2022\/23. Nachdem der bisherige Coach \u00d6zkan Alik zum Saisonende sein Amt niederlegte und zum SC Opel R\u00fcsselsheim in die Kreisoberliga Darmstadt\/Gro\u00df-Gerau wechselt, pr\u00e4sentierte der Club vom Ginnheimer W\u00e4ldchen mit Uwe Eckerl bereits seinen Nachfolger.<\/h5>\n<h5><img loading=\"lazy\" decoding=\"async\" class=\"alignnone size-full wp-image-355\" src=\"http:\/\/insideamateurfussball-ffm.de\/wp-content\/uploads\/2022\/05\/Blau-Gelb.jpg\" alt=\"\" width=\"79\" height=\"80\" \/><\/h5>\n<p><img loading=\"lazy\" decoding=\"async\" class=\"wp-image-871 size-medium\" src=\"http:\/\/insideamateurfussball-ffm.de\/wp-content\/uploads\/2022\/06\/Eckerl-300x217.jpg\" alt=\"\" width=\"300\" height=\"217\" srcset=\"https:\/\/insideamateurfussball-ffm.de\/wp-content\/uploads\/2022\/06\/Eckerl-300x217.jpg 300w, https:\/\/insideamateurfussball-ffm.de\/wp-content\/uploads\/2022\/06\/Eckerl-1024x740.jpg 1024w, https:\/\/insideamateurfussball-ffm.de\/wp-content\/uploads\/2022\/06\/Eckerl-768x555.jpg 768w, https:\/\/insideamateurfussball-ffm.de\/wp-content\/uploads\/2022\/06\/Eckerl.jpg 1280w\" sizes=\"auto, (max-width: 300px) 100vw, 300px\" \/><span style=\"font-size: revert; color: revert; font-weight: revert;\">Trainer Uwe Eckerl \u00fcbernimmt den SV Blau-Gelb. Foto: privat.<\/span><\/p>\n<p>Nach einem Jahr bei den Blau-Gelben, in dem Alik die Saison mit 52 Punkten und 100:78 Toren auf Rang sechs abschloss, hat der Coach den Verein nach dem letzten Spieltag in Richtung Opel R\u00fcsselsheim verlassen. &#8222;Zeitlich war mir der Aufwand mit 30 Kilometer Anreise f\u00fcr einen A-Ligisten zu hoch, obwohl ich mich im Verein sehr wohlgef\u00fchlt habe&#8220;, begr\u00fcndet Alik seinen Ausstieg.<\/p>\n<p>Nachfolger Uwe Eckerl, im Frankfurter Kreis noch als Trainer des VfR Bockenheim und des FFV Sportfreunde ein Begriff, trainierte zuletzt den Hochtaunus-Kreisoberligisten FC Wei\u00dfkirchen, pausierte aber in den vergangenen beiden Jahren.<\/p>\n<blockquote><p>&#8222;Es steckt viel Potenzial drin&#8220; (Blau-Gelbs Trainer Uwe Eckerl)<\/p><\/blockquote>\n<p>Eckerl sieht Blau-Gelb als &#8222;schlafenden Riesen, der mit seiner sehr guten Jugendarbeit \u00fcberzeugt. Die Mannschaft ist jung, aus dem Nachwuchs kommen wieder Leute raus. Es steckt viel Potenzial drin, deswegen ist mittelfristig die Kreisoberliga das Ziel&#8220;, so Eckerls Projekt, der gro\u00dfen Wert auf die Bindung zwischen A-Jugend und Seniorenbereich legt.<\/p>\n<p>Da die Planungen bez\u00fcglich der Vorbereitungsphase noch nicht vollst\u00e4ndig sind, sucht Blau-Gelb noch f\u00fcr folgende Termine Testspielpartner bis Kreisoberliga:<\/p>\n<h5>17.07.2022 15 oder 15.30 Uhr und 24.07.2022 15 oder 15.30 Uhr.<\/h5>\n<p>Gespielt werden kann zu Hause auf Kunstrasen oder in der Ferne. &#8222;Sollte f\u00fcr die 1B noch was gesucht werden, w\u00e4re das nach R\u00fccksprache kein Problem&#8220;, erkl\u00e4rt Eckerl, der als Ansprechpartner unter der Rufnummer 0173 &#8211; 7440442 zur Verf\u00fcgung steht.<\/p>\n","protected":false},"excerpt":{"rendered":"<p>A-Ligist SV Blau-Gelb geht mit einem neuen Trainer in die Saison 2022\/23. Nachdem der bisherige Coach \u00d6zkan Alik zum Saisonende sein Amt niederlegte und zum SC Opel R\u00fcsselsheim in die Kreisoberliga Darmstadt\/Gro\u00df-Gerau wechselt, pr\u00e4sentierte der Club vom Ginnheimer W\u00e4ldchen mit Uwe Eckerl bereits seinen Nachfolger. Trainer Uwe Eckerl \u00fcbernimmt den SV Blau-Gelb. Foto: privat. Nach [&hellip;]<\/p>\n","protected":false},"author":1,"featured_media":871,"comment_status":"open","ping_status":"open","sticky":false,"template":"","format":"standard","meta":{"footnotes":""},"categories":[12],"tags":[],"class_list":["post-870","post","type-post","status-publish","format-standard","has-post-thumbnail","hentry","category-kreisliga-a1"],"_links":{"self":[{"href":"https:\/\/insideamateurfussball-ffm.de\/index.php?rest_route=\/wp\/v2\/posts\/870","targetHints":{"allow":["GET"]}}],"collection":[{"href":"https:\/\/insideamateurfussball-ffm.de\/index.php?rest_route=\/wp\/v2\/posts"}],"about":[{"href":"https:\/\/insideamateurfussball-ffm.de\/index.php?rest_route=\/wp\/v2\/types\/post"}],"author":[{"embeddable":true,"href":"https:\/\/insideamateurfussball-ffm.de\/index.php?rest_route=\/wp\/v2\/users\/1"}],"replies":[{"embeddable":true,"href":"https:\/\/insideamateurfussball-ffm.de\/index.php?rest_route=%2Fwp%2Fv2%2Fcomments&post=870"}],"version-history":[{"count":1,"href":"https:\/\/insideamateurfussball-ffm.de\/index.php?rest_route=\/wp\/v2\/posts\/870\/revisions"}],"predecessor-version":[{"id":872,"href":"https:\/\/insideamateurfussball-ffm.de\/index.php?rest_route=\/wp\/v2\/posts\/870\/revisions\/872"}],"wp:featuredmedia":[{"embeddable":true,"href":"https:\/\/insideamateurfussball-ffm.de\/index.php?rest_route=\/wp\/v2\/media\/871"}],"wp:attachment":[{"href":"https:\/\/insideamateurfussball-ffm.de\/index.php?rest_route=%2Fwp%2Fv2%2Fmedia&parent=870"}],"wp:term":[{"taxonomy":"category","embeddable":true,"href":"https:\/\/insideamateurfussball-ffm.de\/index.php?rest_route=%2Fwp%2Fv2%2Fcategories&post=870"},{"taxonomy":"post_tag","embeddable":true,"href":"https:\/\/insideamateurfussball-ffm.de\/index.php?rest_route=%2Fwp%2Fv2%2Ftags&post=870"}],"curies":[{"name":"wp","href":"https:\/\/api.w.org\/{rel}","templated":true}]}}