{"id":865,"date":"2022-06-22T20:16:44","date_gmt":"2022-06-22T20:16:44","guid":{"rendered":"http:\/\/insideamateurfussball-ffm.de\/?p=865"},"modified":"2025-01-04T12:40:55","modified_gmt":"2025-01-04T11:40:55","slug":"roedelheimer-fc-feiert-120-jaehriges","status":"publish","type":"post","link":"https:\/\/insideamateurfussball-ffm.de\/?p=865","title":{"rendered":"R\u00f6delheimer FC feiert 120-j\u00e4hriges"},"content":{"rendered":"<h5>Am Wochenende feiert Traditionsverein 1. FC 02 R\u00f6delheim auf dem Sportgel\u00e4nde am Bottenhorner Weg sein 120-j\u00e4hriges Bestehen. Der A-Ligist l\u00e4dt an drei Tagen zu einem vielf\u00e4ltigen und bunten Programm ein. RFC-Pressesprecher Volker Flauaus schickte uns dazu eine ausf\u00fchrliche Ank\u00fcndigung.<\/h5>\n<p><img loading=\"lazy\" decoding=\"async\" class=\"alignnone size-full wp-image-333\" src=\"http:\/\/insideamateurfussball-ffm.de\/wp-content\/uploads\/2022\/05\/Roedelheim.jpg\" alt=\"\" width=\"80\" height=\"73\"><\/p>\n<figure id=\"attachment_866\" aria-describedby=\"caption-attachment-866\" style=\"width: 300px\" class=\"wp-caption alignnone\"><img loading=\"lazy\" decoding=\"async\" class=\"wp-image-866 size-medium\" src=\"http:\/\/insideamateurfussball-ffm.de\/wp-content\/uploads\/2022\/06\/RFCII-300x225.jpg\" alt=\"\" width=\"300\" height=\"225\"><figcaption id=\"caption-attachment-866\" class=\"wp-caption-text\">Die Fassade des R\u00f6delheimer Vereinshauses. Foto: Daniel Abend.<\/figcaption><\/figure>\n<div data-canvas-width=\"602.672\">Der 1. R\u00f6delheimer Fu\u00dfballclub 02 e.V. feiert in diesem Jahr sein 120-j\u00e4hriges Jubil\u00e4um und l\u00e4dt alle Fu\u00dfballbegeisterten ein, vom Freitag, den 24.6.2022 bis zum Sonntag, den 26.6.2022 mitzufeiern.<\/p>\n<div data-canvas-width=\"571.4053333333336\">Auf unserer Sportanlage \u201eAn der Westerbach\u201c, Bottenhorner Weg, 60489 Frankfurt-R\u00f6delheim starten die Festlichkeiten am Freitag, den 24.6.2022 um 19.30 Uhr mit dem Spiel der R\u00f6delheimer Tradi gegen die Alten Herren des ASV S\u00fcchteln aus dem Kreis Viersen in Nordrhein-Westfalen.<\/div>\n<div data-canvas-width=\"571.4053333333336\"><\/div>\n<div data-canvas-width=\"571.4053333333336\">Ein gem\u00fctliches Zusammensein nach dem Spiel bei Speis und Trank l\u00e4sst den Tag ausklingen. Am Samstag, den 25.6.2022 von 13.00 bis 19.00 Uhr steigt dann das gro\u00dfe \u201eSchoppe\u201c- Turnier der Seniorenmannschaften. Wir freuen uns auf die Teilnahme der 1. und 2. Mannschaft des RFC, einer R\u00f6delheimer Eltern- und Trainermannschaft, aber im Besonderen auf unsere G\u00e4ste des TuS Nieder-Eschbach und der 1. Mannschaften des ASV S\u00fcchteln (NRW) und des KIT SC Karlsruhe (BW).<\/div>\n<div data-canvas-width=\"571.4053333333336\"><\/div>\n<div data-canvas-width=\"571.4053333333336\">Das Turnier verspricht eine Menge guten Fu\u00dfball und Spa\u00df. Abgerundet wird der Samstag dann anschlie\u00dfend mit einer gro\u00dfen Feier auf dem Sportplatz. Am Sonntag, den 26.6.2022 von 10.00 bis 16.00 Uhr hat dann die Jugend das Wort. Neben mehreren Freundschaftsspielen unserer R\u00f6delheimer Jugend gegen interessante Gegner wird f\u00fcr viel Entertainment gesorgt werden.<\/div>\n<div data-canvas-width=\"571.4053333333336\"><\/div>\n<div data-canvas-width=\"571.4053333333336\">Sich am Spielmobil auszutoben, gegen die 1. Mannschaftstorh\u00fcter zum guten Zweck Elfmeter zu versenken und beim Zielschie\u00dfen Preise zu gewinnen wird bei den Kids f\u00fcr viel Spa\u00df sorgen. <span style=\"color: initial;\">Musik, K\u00f6stlichkeiten vom Grill und Getr\u00e4nke runden den Tag ab. <\/span><span style=\"color: initial;\">Wir freuen uns auf Euer Kommen.<\/span><\/div>\n<div data-canvas-width=\"593.6746666666667\">\n<div data-canvas-width=\"36.437333333333335\"><\/div>\n<div data-canvas-width=\"36.437333333333335\">Volker Flauaus (Presssprecher 1. R\u00f6delheimer FC 02).<\/div>\n<\/div>\n<\/div>\n","protected":false},"excerpt":{"rendered":"<p>Am Wochenende feiert Traditionsverein 1. FC 02 R\u00f6delheim auf dem Sportgel\u00e4nde am Bottenhorner Weg sein 120-j\u00e4hriges Bestehen. Der A-Ligist l\u00e4dt an drei Tagen zu einem vielf\u00e4ltigen und bunten Programm ein. RFC-Pressesprecher Volker Flauaus schickte uns dazu eine ausf\u00fchrliche Ank\u00fcndigung. Der 1. R\u00f6delheimer Fu\u00dfballclub 02 e.V. feiert in diesem Jahr sein 120-j\u00e4hriges Jubil\u00e4um und l\u00e4dt alle [&hellip;]<\/p>\n","protected":false},"author":1,"featured_media":0,"comment_status":"open","ping_status":"open","sticky":false,"template":"","format":"standard","meta":{"footnotes":""},"categories":[23],"tags":[],"class_list":["post-865","post","type-post","status-publish","format-standard","hentry","category-vereinsjubilaeum"],"_links":{"self":[{"href":"https:\/\/insideamateurfussball-ffm.de\/index.php?rest_route=\/wp\/v2\/posts\/865","targetHints":{"allow":["GET"]}}],"collection":[{"href":"https:\/\/insideamateurfussball-ffm.de\/index.php?rest_route=\/wp\/v2\/posts"}],"about":[{"href":"https:\/\/insideamateurfussball-ffm.de\/index.php?rest_route=\/wp\/v2\/types\/post"}],"author":[{"embeddable":true,"href":"https:\/\/insideamateurfussball-ffm.de\/index.php?rest_route=\/wp\/v2\/users\/1"}],"replies":[{"embeddable":true,"href":"https:\/\/insideamateurfussball-ffm.de\/index.php?rest_route=%2Fwp%2Fv2%2Fcomments&post=865"}],"version-history":[{"count":2,"href":"https:\/\/insideamateurfussball-ffm.de\/index.php?rest_route=\/wp\/v2\/posts\/865\/revisions"}],"predecessor-version":[{"id":868,"href":"https:\/\/insideamateurfussball-ffm.de\/index.php?rest_route=\/wp\/v2\/posts\/865\/revisions\/868"}],"wp:attachment":[{"href":"https:\/\/insideamateurfussball-ffm.de\/index.php?rest_route=%2Fwp%2Fv2%2Fmedia&parent=865"}],"wp:term":[{"taxonomy":"category","embeddable":true,"href":"https:\/\/insideamateurfussball-ffm.de\/index.php?rest_route=%2Fwp%2Fv2%2Fcategories&post=865"},{"taxonomy":"post_tag","embeddable":true,"href":"https:\/\/insideamateurfussball-ffm.de\/index.php?rest_route=%2Fwp%2Fv2%2Ftags&post=865"}],"curies":[{"name":"wp","href":"https:\/\/api.w.org\/{rel}","templated":true}]}}