{"id":855,"date":"2022-06-22T19:36:55","date_gmt":"2022-06-22T19:36:55","guid":{"rendered":"http:\/\/insideamateurfussball-ffm.de\/?p=855"},"modified":"2025-01-03T18:16:03","modified_gmt":"2025-01-03T17:16:03","slug":"gelungenes-beispiel-fuer-integration","status":"publish","type":"post","link":"https:\/\/insideamateurfussball-ffm.de\/?p=855","title":{"rendered":"Gelungenes Beispiel f\u00fcr Integration"},"content":{"rendered":"<h5>Mit einer hervorragend organisierten Veranstaltung hat der SV BKC Bosnien-Herzegowina sein 30-j\u00e4hriges Bestehen gefeiert. Trotz der hohen Temperaturen waren die anwesenden Teilnehmer begeistert von der zweisprachig durchgef\u00fchrten Moderation mit anschlie\u00dfender Folklore-Einlage.\u00a0<\/h5>\n<p><img loading=\"lazy\" decoding=\"async\" class=\"alignnone size-full wp-image-139\" src=\"http:\/\/insideamateurfussball-ffm.de\/wp-content\/uploads\/2022\/05\/Bosnien.jpg\" alt=\"\" width=\"79\" height=\"80\" \/><\/p>\n<figure id=\"attachment_856\" aria-describedby=\"caption-attachment-856\" style=\"width: 300px\" class=\"wp-caption alignnone\"><img loading=\"lazy\" decoding=\"async\" class=\"wp-image-856 size-medium\" src=\"http:\/\/insideamateurfussball-ffm.de\/wp-content\/uploads\/2022\/06\/30J-300x225.jpg\" alt=\"\" width=\"300\" height=\"225\" \/><figcaption id=\"caption-attachment-856\" class=\"wp-caption-text\">Asmir Husanovic aus der Sportlichen Leitung der Bosnier bei seiner Ansprache. Foto: PA.<\/figcaption><\/figure>\n<p>Der 1992 als KSG Bosnien-Herzegowina gegr\u00fcndete Club feierte am Sonntag an der heimischen Ackermannwiese sein Vereinsjubil\u00e4um. In den vergangenen drei Jahrzenten ist der Verein zu einem unverzichtbaren Bestandteil des Frankfurter Amateurfu\u00dfball-Panoramas geworden. Sportlich waren in den Neunziger Jahren alle Anf\u00e4nge in der C-Klasse schwer. Die Menschen aus Bosnien-Herzegowina hatten es nach ihrer Flucht vom jugoslawischen B\u00fcrgerkrieg in Deutschland nicht leicht. Durch den Sportverein erhielten Sie im Gallusviertel ein St\u00fcck Heimat zur\u00fcck. \u00dcber die Jahre hinweg stellten sich bei den Fu\u00dfballern wechselnde Erfolge mit Aufstiegen bis in die seinerzeitige Bezirksliga ein.<\/p>\n<p>R\u00fcckschl\u00e4ge gab es zu verarbeiten und mit solider Vereinsarbeit den Fortbestand des Vereins zu sichern. \u00dcber die Kreisoberliga wurden die Bosnier immer mehr zu einem ernstzunehmenden Verein mit sportlichen Ambitionen. 2016 gelang mit dem Aufstieg in die Gruppenliga erstmals der Sprung in die Verbandsebene, der mit dem Aufstieg in die Verbandsliga S\u00fcd sogar noch gekr\u00f6nt wurde. Hier konnte der Verein trotz zwei langer Spielpausen im Zuge der Corona-Pandemie im gesamten s\u00fcdhessischen Raum auf sich aufmerksam machen. Nach drei Jahren Klassenzugeh\u00f6rigkeit hat es in der abgelaufenen Saison sportlich nicht gereicht und der SV BKC muss nun den Weg zur\u00fcck in die Gruppenliga gehen.<\/p>\n<h5>Hoher integrativer Wert der Vereinsarbeit<\/h5>\n<p>Doch dieser Abstieg ist f\u00fcr den Verein kein Weltuntergang und trotz Corona-Krise ist der Club gest\u00e4rkt aus dieser Zeit gekommen. Schon ergeben sich alleine durch die seit letztem Jahr in Betrieb genommene neue Sportanlage mit dem Kunstrasenplatz neue M\u00f6glichkeiten. Durch den Aufstieg der Zweiten Mannschaft aus der B- in die A-Klasse wurde der Abstand zwischen den Seniorenteams verk\u00fcrzt. Die Jugendarbeit floriert, n\u00e4chste Saison werden f\u00fcnf Jugendteams an den Start gehen. Die Redner am Mikrofon hoben in ihrer Laudatio den hohen integrativen Wert der ehrenamtlichen Vereinsarbeit hervor, denn Fu\u00dfballer aus elf Nationen streifen sich das Trikot der Bosnier mittlerweile \u00fcber.<\/p>\n<blockquote>\n<p>&#8222;Es ist die Liebe zu diesem Verein, die uns das machen l\u00e4sst&#8220; (Pressesprecher Admir Malohodzic)<\/p>\n<\/blockquote>\n<p>Neben dem Sportdezernent Mike Josef und dem Vorsitzenden des Sportkreises Frankfurt Roland Frischkorn sprachen f\u00fcr den Hessischen Fu\u00dfball-Verband Thorsten Bastian (Verbandsfu\u00dfballwart) und Rainer Nagel (Kreisfu\u00dfballwart). F\u00fcr den Verein ergriffen neben dem Ersten Vorsitzenden Adem Cikaric auch Admir Malohodzic und Asmir Husanovic aus der Sportlichen Leitung das Wort. &#8222;Es ist die Liebe zu diesem Verein, der uns das machen l\u00e4sst&#8220;, sagte Malohodzic am Ende seines Diskurses treffend. Kulinarisch gab es f\u00fcr die geladenen G\u00e4ste ein reichhaltiges Mittagessen mit hausgemachten Cepavcici, Pommes sowie belegten Br\u00f6tchen. Auf die n\u00e4chsten 30 Jahre SV BKC Bosnien-Herzegowina!\u00a0\u00a0<\/p>\n<p>\u00a0<\/p>\n\n\n<figure class=\"wp-block-gallery has-nested-images columns-default is-cropped wp-block-gallery-1 is-layout-flex wp-block-gallery-is-layout-flex\">\n<figure class=\"wp-block-image size-large is-style-default\"><img decoding=\"async\" data-id=\"857\" src=\"http:\/\/insideamateurfussball-ffm.de\/wp-content\/uploads\/2022\/06\/30J1-1024x768.jpg\" alt=\"\" class=\"wp-image-857\"\/><\/figure>\n<\/figure>\n\n\n\n<div class=\"wp-block-columns is-layout-flex wp-container-core-columns-is-layout-28f84493 wp-block-columns-is-layout-flex\">\n<div class=\"wp-block-column is-layout-flow wp-block-column-is-layout-flow\">\n<figure class=\"wp-block-image size-large is-style-default\"><img decoding=\"async\" src=\"http:\/\/insideamateurfussball-ffm.de\/wp-content\/uploads\/2022\/06\/30J2-1024x768.jpg\" alt=\"\" class=\"wp-image-858\"\/><\/figure>\n<\/div>\n\n\n\n<div class=\"wp-block-column is-layout-flow wp-block-column-is-layout-flow\">\n<figure class=\"wp-block-image size-large is-style-default\"><img decoding=\"async\" src=\"http:\/\/insideamateurfussball-ffm.de\/wp-content\/uploads\/2022\/06\/30J3-1024x768.jpg\" alt=\"\" class=\"wp-image-859\"\/><\/figure>\n<\/div>\n\n\n\n<div class=\"wp-block-column is-layout-flow wp-block-column-is-layout-flow\">\n<figure class=\"wp-block-image size-large is-style-default\"><img decoding=\"async\" src=\"http:\/\/insideamateurfussball-ffm.de\/wp-content\/uploads\/2022\/06\/30J4-1024x768.jpg\" alt=\"\" class=\"wp-image-860\"\/><\/figure>\n<\/div>\n<\/div>\n\n\n\n<figure class=\"wp-block-image size-large is-style-default\"><img decoding=\"async\" src=\"http:\/\/insideamateurfussball-ffm.de\/wp-content\/uploads\/2022\/06\/30J5-1024x768.jpg\" alt=\"\" class=\"wp-image-861\"\/><\/figure>\n","protected":false},"excerpt":{"rendered":"<p>Mit einer hervorragend organisierten Veranstaltung hat der SV BKC Bosnien-Herzegowina sein 30-j\u00e4hriges Bestehen gefeiert. Trotz der hohen Temperaturen waren die anwesenden Teilnehmer begeistert von der zweisprachig durchgef\u00fchrten Moderation mit anschlie\u00dfender Folklore-Einlage.\u00a0 Der 1992 als KSG Bosnien-Herzegowina gegr\u00fcndete Club feierte am Sonntag an der heimischen Ackermannwiese sein Vereinsjubil\u00e4um. In den vergangenen drei Jahrzenten ist der Verein [&hellip;]<\/p>\n","protected":false},"author":1,"featured_media":0,"comment_status":"open","ping_status":"open","sticky":false,"template":"","format":"standard","meta":{"footnotes":""},"categories":[23],"tags":[],"class_list":["post-855","post","type-post","status-publish","format-standard","hentry","category-vereinsjubilaeum"],"_links":{"self":[{"href":"https:\/\/insideamateurfussball-ffm.de\/index.php?rest_route=\/wp\/v2\/posts\/855","targetHints":{"allow":["GET"]}}],"collection":[{"href":"https:\/\/insideamateurfussball-ffm.de\/index.php?rest_route=\/wp\/v2\/posts"}],"about":[{"href":"https:\/\/insideamateurfussball-ffm.de\/index.php?rest_route=\/wp\/v2\/types\/post"}],"author":[{"embeddable":true,"href":"https:\/\/insideamateurfussball-ffm.de\/index.php?rest_route=\/wp\/v2\/users\/1"}],"replies":[{"embeddable":true,"href":"https:\/\/insideamateurfussball-ffm.de\/index.php?rest_route=%2Fwp%2Fv2%2Fcomments&post=855"}],"version-history":[{"count":3,"href":"https:\/\/insideamateurfussball-ffm.de\/index.php?rest_route=\/wp\/v2\/posts\/855\/revisions"}],"predecessor-version":[{"id":869,"href":"https:\/\/insideamateurfussball-ffm.de\/index.php?rest_route=\/wp\/v2\/posts\/855\/revisions\/869"}],"wp:attachment":[{"href":"https:\/\/insideamateurfussball-ffm.de\/index.php?rest_route=%2Fwp%2Fv2%2Fmedia&parent=855"}],"wp:term":[{"taxonomy":"category","embeddable":true,"href":"https:\/\/insideamateurfussball-ffm.de\/index.php?rest_route=%2Fwp%2Fv2%2Fcategories&post=855"},{"taxonomy":"post_tag","embeddable":true,"href":"https:\/\/insideamateurfussball-ffm.de\/index.php?rest_route=%2Fwp%2Fv2%2Ftags&post=855"}],"curies":[{"name":"wp","href":"https:\/\/api.w.org\/{rel}","templated":true}]}}