{"id":843,"date":"2022-06-22T18:44:23","date_gmt":"2022-06-22T18:44:23","guid":{"rendered":"http:\/\/insideamateurfussball-ffm.de\/?p=843"},"modified":"2025-01-03T18:16:11","modified_gmt":"2025-01-03T17:16:11","slug":"kalbach-wendet-noch-das-blatt","status":"publish","type":"post","link":"https:\/\/insideamateurfussball-ffm.de\/?p=843","title":{"rendered":"Kalbach wendet noch das Blatt"},"content":{"rendered":"<h5>SOMA-Kreispokal-Finale:<\/h5>\n<h5>FC Tempo &#8211; FC Kalbach 1:2 (1:0)<\/h5>\n<p><img loading=\"lazy\" decoding=\"async\" class=\"alignnone size-full wp-image-31\" src=\"http:\/\/insideamateurfussball-ffm.de\/wp-content\/uploads\/2021\/11\/Tempo.jpg\" alt=\"\" width=\"80\" height=\"80\" \/><img loading=\"lazy\" decoding=\"async\" class=\"alignnone size-full wp-image-16\" src=\"http:\/\/insideamateurfussball-ffm.de\/wp-content\/uploads\/2021\/11\/kalbach-wappen.jpg\" alt=\"\" width=\"80\" height=\"80\" \/><\/p>\n<figure id=\"attachment_844\" aria-describedby=\"caption-attachment-844\" style=\"width: 225px\" class=\"wp-caption alignnone\"><img loading=\"lazy\" decoding=\"async\" class=\"wp-image-844 size-medium\" src=\"http:\/\/insideamateurfussball-ffm.de\/wp-content\/uploads\/2022\/06\/SOMA-225x300.jpg\" alt=\"\" width=\"225\" height=\"300\" \/><figcaption id=\"caption-attachment-844\" class=\"wp-caption-text\">Pokalspielleiter Marc Keim (links) \u00fcbergibt Kalbachs Kapit\u00e4n Micha-Andreas Neininger den SOMA-Kreispokal. Im Hintergrund schaut KFW Rainer Nagel zu. Foto: KFA.<\/figcaption><\/figure>\n<p>Im Endspiel um den Frankfurter Fu\u00dfball-Kreispokal f\u00fcr SOMA-Mannschaften setzte sich der FC Kalbach am Samstagabend auf neutralem Platz an der H\u00fcgelstra\u00dfe in Eckenheim gegen den FC Tempo mit 2:1 (0:1) durch. Bemerkenswert am Pokalgewinn der Kalbacher ist, dass die Mannschaft von Trainer Thorsten Philippi nur am Pokalwettbewerb teilnahm, nicht jedoch an der Meisterschaftsrunde, in der Gegner Tempo Vizemeister wurde. Vor 80 Zuschauern f\u00fchrten die Serben lange durch den Treffer von Nikola Matic (37.). Doch in der Nachspielzeit wendete sich das Blatt. Vito Raimondi glich aus (90.+3) und Andreas Eifert (90.+4) erzielte den vielumjubelten Kalbacher Siegtreffer.<\/p>\n<h5>Schiedsrichter: Haci Hacioglu (Frankfurt). Zuschauer: 80.<\/h5>\n<h5>Tore: 1:0 Nikola Matic (37.), 1:1 Vito Raimondi (90.\/+3), 1:2 Andreas Eifert (90.\/+4).<\/h5>\n<p>\u00a0<\/p>\n\n\n<figure class=\"wp-block-gallery has-nested-images columns-default is-cropped wp-block-gallery-1 is-layout-flex wp-block-gallery-is-layout-flex\">\n<figure class=\"wp-block-image size-large is-style-default\"><img decoding=\"async\" data-id=\"845\" src=\"http:\/\/insideamateurfussball-ffm.de\/wp-content\/uploads\/2022\/06\/SOMA1.jpg\" alt=\"\" class=\"wp-image-845\"\/><\/figure>\n<\/figure>\n\n\n\n<div class=\"wp-block-columns is-layout-flex wp-container-core-columns-is-layout-28f84493 wp-block-columns-is-layout-flex\">\n<div class=\"wp-block-column is-layout-flow wp-block-column-is-layout-flow\">\n<figure class=\"wp-block-image size-full is-style-default\"><img decoding=\"async\" src=\"http:\/\/insideamateurfussball-ffm.de\/wp-content\/uploads\/2022\/06\/SOMA2.jpg\" alt=\"\" class=\"wp-image-846\"\/><\/figure>\n<\/div>\n\n\n\n<div class=\"wp-block-column is-layout-flow wp-block-column-is-layout-flow\">\n<figure class=\"wp-block-image size-full is-style-default\"><img decoding=\"async\" src=\"http:\/\/insideamateurfussball-ffm.de\/wp-content\/uploads\/2022\/06\/SOMA3.jpg\" alt=\"\" class=\"wp-image-847\"\/><\/figure>\n<\/div>\n\n\n\n<div class=\"wp-block-column is-layout-flow wp-block-column-is-layout-flow\">\n<figure class=\"wp-block-image size-full is-style-default\"><img decoding=\"async\" src=\"http:\/\/insideamateurfussball-ffm.de\/wp-content\/uploads\/2022\/06\/SOMA4.jpg\" alt=\"\" class=\"wp-image-848\"\/><\/figure>\n<\/div>\n<\/div>\n\n\n\n<figure class=\"wp-block-image size-full is-style-default\"><img decoding=\"async\" src=\"http:\/\/insideamateurfussball-ffm.de\/wp-content\/uploads\/2022\/06\/SOMA5.jpg\" alt=\"\" class=\"wp-image-849\"\/><\/figure>\n","protected":false},"excerpt":{"rendered":"<p>SOMA-Kreispokal-Finale: FC Tempo &#8211; FC Kalbach 1:2 (1:0) Im Endspiel um den Frankfurter Fu\u00dfball-Kreispokal f\u00fcr SOMA-Mannschaften setzte sich der FC Kalbach am Samstagabend auf neutralem Platz an der H\u00fcgelstra\u00dfe in Eckenheim gegen den FC Tempo mit 2:1 (0:1) durch. Bemerkenswert am Pokalgewinn der Kalbacher ist, dass die Mannschaft von Trainer Thorsten Philippi nur am Pokalwettbewerb [&hellip;]<\/p>\n","protected":false},"author":1,"featured_media":0,"comment_status":"open","ping_status":"open","sticky":false,"template":"","format":"standard","meta":{"footnotes":""},"categories":[20],"tags":[],"class_list":["post-843","post","type-post","status-publish","format-standard","hentry","category-soma-ah"],"_links":{"self":[{"href":"https:\/\/insideamateurfussball-ffm.de\/index.php?rest_route=\/wp\/v2\/posts\/843","targetHints":{"allow":["GET"]}}],"collection":[{"href":"https:\/\/insideamateurfussball-ffm.de\/index.php?rest_route=\/wp\/v2\/posts"}],"about":[{"href":"https:\/\/insideamateurfussball-ffm.de\/index.php?rest_route=\/wp\/v2\/types\/post"}],"author":[{"embeddable":true,"href":"https:\/\/insideamateurfussball-ffm.de\/index.php?rest_route=\/wp\/v2\/users\/1"}],"replies":[{"embeddable":true,"href":"https:\/\/insideamateurfussball-ffm.de\/index.php?rest_route=%2Fwp%2Fv2%2Fcomments&post=843"}],"version-history":[{"count":2,"href":"https:\/\/insideamateurfussball-ffm.de\/index.php?rest_route=\/wp\/v2\/posts\/843\/revisions"}],"predecessor-version":[{"id":851,"href":"https:\/\/insideamateurfussball-ffm.de\/index.php?rest_route=\/wp\/v2\/posts\/843\/revisions\/851"}],"wp:attachment":[{"href":"https:\/\/insideamateurfussball-ffm.de\/index.php?rest_route=%2Fwp%2Fv2%2Fmedia&parent=843"}],"wp:term":[{"taxonomy":"category","embeddable":true,"href":"https:\/\/insideamateurfussball-ffm.de\/index.php?rest_route=%2Fwp%2Fv2%2Fcategories&post=843"},{"taxonomy":"post_tag","embeddable":true,"href":"https:\/\/insideamateurfussball-ffm.de\/index.php?rest_route=%2Fwp%2Fv2%2Ftags&post=843"}],"curies":[{"name":"wp","href":"https:\/\/api.w.org\/{rel}","templated":true}]}}