{"id":840,"date":"2022-06-21T16:12:11","date_gmt":"2022-06-21T16:12:11","guid":{"rendered":"http:\/\/insideamateurfussball-ffm.de\/?p=840"},"modified":"2025-01-03T18:16:20","modified_gmt":"2025-01-03T17:16:20","slug":"duschner-wechselt-zum-fc-giessen","status":"publish","type":"post","link":"https:\/\/insideamateurfussball-ffm.de\/?p=840","title":{"rendered":"Duschner wechselt zum FC Gie\u00dfen"},"content":{"rendered":"<h5>Nach viereinhalb Jahren bei Rot-Weiss Frankfurt wechselt Torh\u00fcter Daniel Duschner vom Verbandsligisten zu Regionalliga-Absteiger FC Gie\u00dfen, der unter dem ehemaligen Rot-Weiss-Trainer Daniyel Cimen einen Neuaufbau in der Hessenliga startet.<\/h5>\n<figure id=\"attachment_841\" aria-describedby=\"caption-attachment-841\" style=\"width: 300px\" class=\"wp-caption alignnone\"><img loading=\"lazy\" decoding=\"async\" class=\"wp-image-841 size-medium\" src=\"http:\/\/insideamateurfussball-ffm.de\/wp-content\/uploads\/2022\/06\/Duschner1-1-300x204.jpg\" alt=\"\" width=\"300\" height=\"204\" \/><figcaption id=\"caption-attachment-841\" class=\"wp-caption-text\">Daniel Duschner f\u00e4ngt den Ball im Spiel gegen den JSK Rodgau ab. Foto: Mithat G\u00fcrser.<\/figcaption><\/figure>\n<p>Der 27-j\u00e4hrige geb\u00fcrtige Frankfurter absolvierte in der abgelaufenen Saison 29 der m\u00f6glichen 34 Ligaspiele. Als der 1,97 Meter gro\u00dfe Keeper im Januar 2018 von Viktoria Griesheim ans Brentanobad kam, spielte Rot-Weiss noch in der Hessenliga. Nach dem Abstieg entwickelte sich Duschner durch konstante Leistungen zum Stammtorh\u00fcter. Weitere Erfahrungen sammelte Duschner in der Regionalliga West bei den Sportfreunden Siegen und in der Hessenliga bei den Sportfreunden Seligenstadt. Der Torwart wurde im Nachwuchsleistungszentrum des SV Darmstadt 98 ausgebildet. \u201eIch freue mich auf die Aufgabe in Gie\u00dfen. Auch die Vorfreude das Team kennenzulernen ist riesig&#8220;, wird Duschner auf der Homepage der Gie\u00dfener zitiert.<\/p>\n","protected":false},"excerpt":{"rendered":"<p>Nach viereinhalb Jahren bei Rot-Weiss Frankfurt wechselt Torh\u00fcter Daniel Duschner vom Verbandsligisten zu Regionalliga-Absteiger FC Gie\u00dfen, der unter dem ehemaligen Rot-Weiss-Trainer Daniyel Cimen einen Neuaufbau in der Hessenliga startet. Der 27-j\u00e4hrige geb\u00fcrtige Frankfurter absolvierte in der abgelaufenen Saison 29 der m\u00f6glichen 34 Ligaspiele. Als der 1,97 Meter gro\u00dfe Keeper im Januar 2018 von Viktoria Griesheim [&hellip;]<\/p>\n","protected":false},"author":1,"featured_media":0,"comment_status":"open","ping_status":"open","sticky":false,"template":"","format":"standard","meta":{"footnotes":""},"categories":[22],"tags":[],"class_list":["post-840","post","type-post","status-publish","format-standard","hentry","category-spielerwechsel"],"_links":{"self":[{"href":"https:\/\/insideamateurfussball-ffm.de\/index.php?rest_route=\/wp\/v2\/posts\/840","targetHints":{"allow":["GET"]}}],"collection":[{"href":"https:\/\/insideamateurfussball-ffm.de\/index.php?rest_route=\/wp\/v2\/posts"}],"about":[{"href":"https:\/\/insideamateurfussball-ffm.de\/index.php?rest_route=\/wp\/v2\/types\/post"}],"author":[{"embeddable":true,"href":"https:\/\/insideamateurfussball-ffm.de\/index.php?rest_route=\/wp\/v2\/users\/1"}],"replies":[{"embeddable":true,"href":"https:\/\/insideamateurfussball-ffm.de\/index.php?rest_route=%2Fwp%2Fv2%2Fcomments&post=840"}],"version-history":[{"count":1,"href":"https:\/\/insideamateurfussball-ffm.de\/index.php?rest_route=\/wp\/v2\/posts\/840\/revisions"}],"predecessor-version":[{"id":842,"href":"https:\/\/insideamateurfussball-ffm.de\/index.php?rest_route=\/wp\/v2\/posts\/840\/revisions\/842"}],"wp:attachment":[{"href":"https:\/\/insideamateurfussball-ffm.de\/index.php?rest_route=%2Fwp%2Fv2%2Fmedia&parent=840"}],"wp:term":[{"taxonomy":"category","embeddable":true,"href":"https:\/\/insideamateurfussball-ffm.de\/index.php?rest_route=%2Fwp%2Fv2%2Fcategories&post=840"},{"taxonomy":"post_tag","embeddable":true,"href":"https:\/\/insideamateurfussball-ffm.de\/index.php?rest_route=%2Fwp%2Fv2%2Ftags&post=840"}],"curies":[{"name":"wp","href":"https:\/\/api.w.org\/{rel}","templated":true}]}}