{"id":835,"date":"2022-06-20T20:56:26","date_gmt":"2022-06-20T20:56:26","guid":{"rendered":"http:\/\/insideamateurfussball-ffm.de\/?p=835"},"modified":"2025-01-03T18:16:28","modified_gmt":"2025-01-03T17:16:28","slug":"eintracht-ii-absolviert-ersten-test-in-seckbach","status":"publish","type":"post","link":"https:\/\/insideamateurfussball-ffm.de\/?p=835","title":{"rendered":"Eintracht II absolviert ersten Test in Seckbach"},"content":{"rendered":"<h5>Die nach acht Jahren wieder in den Spielbetrieb einsteigende Zweite Mannschaft von Europa League-Sieger Eintracht Frankfurt absolviert am Samstag, 2. Juli ihr erstes Testspiel bei Gruppenligist FG Seckbach (14 Uhr). Per &#8222;Wildcard&#8220; war Eintracht Frankfurt II durch eine Sonderregelung f\u00fcr Proficlubs durch den Hessischen Fu\u00dfballverband in die Hessenliga eingestuft worden.<\/h5>\n<p><img loading=\"lazy\" decoding=\"async\" class=\"alignnone size-medium wp-image-837\" src=\"http:\/\/insideamateurfussball-ffm.de\/wp-content\/uploads\/2022\/06\/FGS-SGE-300x300.jpg\" alt=\"\" width=\"300\" height=\"300\" \/><\/p>\n<p><img loading=\"lazy\" decoding=\"async\" class=\"alignnone size-full wp-image-544\" src=\"http:\/\/insideamateurfussball-ffm.de\/wp-content\/uploads\/2022\/06\/Seckbach.jpg\" alt=\"\" width=\"80\" height=\"80\" \/><img loading=\"lazy\" decoding=\"async\" class=\"alignnone size-full wp-image-836\" src=\"http:\/\/insideamateurfussball-ffm.de\/wp-content\/uploads\/2022\/06\/SGE.jpg\" alt=\"\" width=\"79\" height=\"80\" \/><\/p>\n<h5>Die Seckbacher informieren in einer Pressemitteilung \u00fcber die Rahmenbedingungen zu diesem Topevent:<\/h5>\n<p>Eintracht Frankfurt II startet Comeback in Seckbach!<\/p>\n<p>F\u00fcr unsere erste Mannschaft startet die Vorbereitung auf die neue Saison mit einem absoluten Kracher. Wir d\u00fcrfen die zweite Mannschaft unseres Europapokal Siegers im Stadion am Sausee begr\u00fc\u00dfen. Die Vorbereitungen laufen schon auf Hochtouren! Wir w\u00fcrden euch gerne vorab ein paar Infos mit auf dem Weg geben, um alles so unkompliziert wie nur m\u00f6glich zu machen!<\/p>\n<p>Ansto\u00df: 02.07.2022 um 14:00 Uhr<br \/>\nWo: Hochst\u00e4dter Str. 22A, 60389 Frankfurt am Main<br \/>\nPreis: 5,00\u20ac<\/p>\n<p>Ganz wichtig ist, die \u00f6ffentlichen Verkehrsmittel zu nutzen, da die Parkplatzsituation auf der Sportanlage sehr gering sind.<\/p>\n<p>Es wird vorerst einen \u00f6ffentlichen Vorverkauf geben, der am 23.06.2022 zwischen 18 Uhr und 20 Uhr auf der Hochst\u00e4dter Str. 22A, 60389 Frankfurt am Main (SPORTANLAGE) stattfinden wird. Gerne kann auch \u00fcber Instagram und Facebook angefragt werden!<\/p>\n","protected":false},"excerpt":{"rendered":"<p>Die nach acht Jahren wieder in den Spielbetrieb einsteigende Zweite Mannschaft von Europa League-Sieger Eintracht Frankfurt absolviert am Samstag, 2. Juli ihr erstes Testspiel bei Gruppenligist FG Seckbach (14 Uhr). Per &#8222;Wildcard&#8220; war Eintracht Frankfurt II durch eine Sonderregelung f\u00fcr Proficlubs durch den Hessischen Fu\u00dfballverband in die Hessenliga eingestuft worden. Die Seckbacher informieren in einer [&hellip;]<\/p>\n","protected":false},"author":1,"featured_media":0,"comment_status":"open","ping_status":"open","sticky":false,"template":"","format":"standard","meta":{"footnotes":""},"categories":[21],"tags":[],"class_list":["post-835","post","type-post","status-publish","format-standard","hentry","category-testspiele"],"_links":{"self":[{"href":"https:\/\/insideamateurfussball-ffm.de\/index.php?rest_route=\/wp\/v2\/posts\/835","targetHints":{"allow":["GET"]}}],"collection":[{"href":"https:\/\/insideamateurfussball-ffm.de\/index.php?rest_route=\/wp\/v2\/posts"}],"about":[{"href":"https:\/\/insideamateurfussball-ffm.de\/index.php?rest_route=\/wp\/v2\/types\/post"}],"author":[{"embeddable":true,"href":"https:\/\/insideamateurfussball-ffm.de\/index.php?rest_route=\/wp\/v2\/users\/1"}],"replies":[{"embeddable":true,"href":"https:\/\/insideamateurfussball-ffm.de\/index.php?rest_route=%2Fwp%2Fv2%2Fcomments&post=835"}],"version-history":[{"count":1,"href":"https:\/\/insideamateurfussball-ffm.de\/index.php?rest_route=\/wp\/v2\/posts\/835\/revisions"}],"predecessor-version":[{"id":838,"href":"https:\/\/insideamateurfussball-ffm.de\/index.php?rest_route=\/wp\/v2\/posts\/835\/revisions\/838"}],"wp:attachment":[{"href":"https:\/\/insideamateurfussball-ffm.de\/index.php?rest_route=%2Fwp%2Fv2%2Fmedia&parent=835"}],"wp:term":[{"taxonomy":"category","embeddable":true,"href":"https:\/\/insideamateurfussball-ffm.de\/index.php?rest_route=%2Fwp%2Fv2%2Fcategories&post=835"},{"taxonomy":"post_tag","embeddable":true,"href":"https:\/\/insideamateurfussball-ffm.de\/index.php?rest_route=%2Fwp%2Fv2%2Ftags&post=835"}],"curies":[{"name":"wp","href":"https:\/\/api.w.org\/{rel}","templated":true}]}}