{"id":799,"date":"2022-06-17T15:25:10","date_gmt":"2022-06-17T15:25:10","guid":{"rendered":"http:\/\/insideamateurfussball-ffm.de\/?p=799"},"modified":"2025-01-03T18:17:00","modified_gmt":"2025-01-03T17:17:00","slug":"spannendes-finale-zwischen-rot-weiss-und-bornheim","status":"publish","type":"post","link":"https:\/\/insideamateurfussball-ffm.de\/?p=799","title":{"rendered":"Spannendes Finale zwischen Rot-Weiss und Bornheim"},"content":{"rendered":"<h5>Im Endspiel um den Frankfurter Fu\u00dfball-Kreispokal stehen sich am Sonntag (16 Uhr) auf neutralem Platz die beiden Verbandsligisten Rot-Weiss Frankfurt und SG Bornheim Gr\u00fcn-Weiss gegen\u00fcber. Wie schon mehrfach in den vergangenen Jahren ist die Sportanlage an der H\u00fcgelstra\u00dfe in Eckenheim der Austragungsort des Finales. Neben dem begehrten Silberpokal und den von Pokalsponsor &#8222;Bitburger&#8220; bereitgestellten Geld- und Sachpr\u00e4mien geht es f\u00fcr beide Clubs nat\u00fcrlich um die Qualifikation f\u00fcr den lukrativen Hessen-Pokalwettbewerb. Obwohl beide Vereine mehrfach ihr Unverst\u00e4ndnis \u00fcber die sp\u00e4te Ansetzung nach dem letzten Ligaspiel kundtaten, wollen und m\u00fcssen sich die Finalisten mit der Ansetzung arrangieren.<\/h5>\n<figure id=\"attachment_800\" aria-describedby=\"caption-attachment-800\" style=\"width: 300px\" class=\"wp-caption alignnone\"><img loading=\"lazy\" decoding=\"async\" class=\"wp-image-800 size-medium\" src=\"http:\/\/insideamateurfussball-ffm.de\/wp-content\/uploads\/2022\/06\/born-rw7-300x243.jpg\" alt=\"\" width=\"300\" height=\"243\" \/><figcaption id=\"caption-attachment-800\" class=\"wp-caption-text\">Szene aus dem letzten Verbandsligaspiel zwischen Bornheim und Rot-Weiss. Foto: Mithat G\u00fcrser.<\/figcaption><\/figure>\n<h5>Rot-Weiss Frankfurt &#8211; SG Bornheim Gr\u00fcn-Weiss (Sonntag, 16 Uhr)<\/h5>\n<p><img loading=\"lazy\" decoding=\"async\" class=\"alignnone size-full wp-image-120\" src=\"http:\/\/insideamateurfussball-ffm.de\/wp-content\/uploads\/2022\/05\/rot-weiss.png\" alt=\"\" width=\"80\" height=\"70\" \/><img loading=\"lazy\" decoding=\"async\" class=\"alignnone size-full wp-image-119\" src=\"http:\/\/insideamateurfussball-ffm.de\/wp-content\/uploads\/2022\/05\/Bornheim.jpg\" alt=\"\" width=\"80\" height=\"80\" \/><\/p>\n<p>Rot-Weiss hat sich in den letzten vier Jahren zu einer echten Pokalmannschaft entwickelt. Die &#8222;Roten&#8220; stehen nach 2019 und 2020, als Kapit\u00e4n Patrick G\u00fcrser jeweils den Cup in die H\u00f6he strecken durfte, zum dritten Mal im Endspiel und wollen auch diesmal als Sieger vom Platz gehen. Der Weg bis dorthin gestaltete sich mitunter m\u00fchsam. Zwar hatte Rot-Weiss in Runde eins bei B-Ligist Corumspor (13:1) keine M\u00fche, aber in der erst im Februar diesen Jahres ausgespielten 2. Runde musste mit dem sp\u00e4teren Verbandsliga-Absteiger Spvgg. Oberrad (2:1) ein harter Brocken aus dem Weg ger\u00e4umt werden.<\/p>\n<p>Ebenso unangenehm waren die Ausw\u00e4rtsh\u00fcrden im Achtelfinale bei Gruppenliga-Absteiger SG Westend (1:0) und im Viertelfinale bei dessen bisherigen Ligakonkurrenten Spvgg. Fechenheim (2:1). Im Halbfinale mussten die &#8222;Roten&#8220; bei Kreisoberligist SV Heddernheim nach dem 2:2 in der regul\u00e4ren Spielzeit ins Elfmeterschie\u00dfen, welches sie mit 8:7 gewannen. Nach einer ungeachtet des Klassenerhaltes doch insgesamt eher m\u00e4\u00dfigen Saison mit Platz zw\u00f6lf zum Rundenende setzt das Team von Trainer Benjamin L\u00f6bert wie schon des\u00f6fteren auf Verst\u00e4rkungen aus dem starken U19-Jahrgang. &#8222;Wir werden eine gemischte Mannschaft aus gestandenen Senioren und A-Jugendspielern aufbieten und sind hei\u00df auf das Spiel&#8220;, sagt L\u00f6bert. Angesichts von vorhergesagten 35 Grad im Schatten d\u00fcrfte es so oder so eine hei\u00dfe Angelegenheit werden. Was den &#8222;Roten&#8220; auch Mut macht: In der Verbandsliga wurde Bornheim in beiden Spielen besiegt (2:1\/3:1).<\/p>\n<blockquote><p>&#8222;Ich erwarte jetzt aber ein anderes Spiel&#8220; (Rot-Weiss-Trainer Benjamin L\u00f6bert).<\/p><\/blockquote>\n<p>&#8222;Ich erwarte jetzt aber ein anderes Spiel, das wir nat\u00fcrlich f\u00fcr uns entscheiden wollen&#8220;, sagt L\u00f6bert vor seinem vorerst letzten Spiel im Seniorenbereich. Torh\u00fcter Daniel Duschner steht unterdessen nicht mehr zur Verf\u00fcgung, da sein Wechsel zu Regionalliga-Absteiger FC Gie\u00dfen perfekt ist und dort schon bald die Vorbereitung auf die Saison beginnt. F\u00fcr ihn wird entweder Firat Al Masri oder A-Jugend-Keeper Georg Hinrichsen im Tor beginnen. Bei Vizemeister Bornheim ist Trainer Sascha Volk guter Dinge, &#8222;eine schlagkr\u00e4ftige Mannschaft aufzustellen. Wir nehmen die Sache sehr ernst und sind hochmotiviert, schlie\u00dflich haben wir auch ein ganzes Jahr daf\u00fcr gespielt.&#8220; Auf die Bornheimer traf das nur bedingt zu, denn in der 1. Runde kam die SGB kampflos bei A-Ligist Germania 94 weiter. Nachdem der bisherige Verbandsliga-Konkurrenten SV BKC Bosnien in Runde 2 ausgeschaltet wurde (2:1) mussten noch drei Kreisoberliga-H\u00fcrden genommen werden. Knapp ging es im Achtelfinale bei TuS Makkabi (1:0), aber auch im Viertelfinale beim FC Kalbach (5:3 im Elfmeterschie\u00dfen) sowie im Halbfinale beim FC Kosova (3:2) zu.<\/p>\n<blockquote><p>&#8222;Rot-Weiss ist schwer einzusch\u00e4tzen&#8220; (Bornheims Trainer Sascha Volk).<\/p><\/blockquote>\n<p>Volk werden im Endspiel die verletzten Routiniers Niklas Troll und Simon Horn fehlen, Marius Troll ist schon im Urlaub. Tim Flie\u00df k\u00f6nnte trotz gebrochener Nase mit Maske auflaufen. &#8222;Rot-Weiss ist schwer einzusch\u00e4tzen. Im Gegensatz zum Hinspiel hatten sie im R\u00fcckspiel durch den Umbruch ein ganz anderes Gesicht.Ich bin aber sehr positiv gestimmt, dass wir diesmal gewinnen k\u00f6nnen&#8220;, meint Volk. Zuletzt konnte Bornheim 2018 noch als Gruppenligist gegen den FFV Sportfreunde (2:1) den Kreispokal gewinnen. Da keine weiteren Amateurspiele im Kreis stattfinden, ist trotz der hohen Temperaturen mit einem erh\u00f6hten Zuschaueraufkommen zu rechnen. Der Eintrittspreis betr\u00e4gt regul\u00e4r 3 Euro. Die Einnahmen werden wie im Pokal \u00fcblich abz\u00fcglich der Schiedsrichterkosten zwischen den beteiligten Vereinen geteilt. Das Spiel steht unter der Leitung des in die Verbandsliga aufgestiegenen Schiedsrichters Sebastian Wiesner (Frankfurt). Vor der Begegnung findet um 14.30 Uhr noch die Auslosung f\u00fcr den am 31. Juli mit der 1. Runde startenden Kreispokal der Saison 2022\/23 statt. Bereits am heutigen Samstag treffen im Kreispokal-Finale der SOMA-Mannschaften der FC Tempo und der FC Kalbach ebenfalls an der H\u00fcgelstra\u00dfe (18 Uhr) aufeinander.<\/p>\n","protected":false},"excerpt":{"rendered":"<p>Im Endspiel um den Frankfurter Fu\u00dfball-Kreispokal stehen sich am Sonntag (16 Uhr) auf neutralem Platz die beiden Verbandsligisten Rot-Weiss Frankfurt und SG Bornheim Gr\u00fcn-Weiss gegen\u00fcber. Wie schon mehrfach in den vergangenen Jahren ist die Sportanlage an der H\u00fcgelstra\u00dfe in Eckenheim der Austragungsort des Finales. Neben dem begehrten Silberpokal und den von Pokalsponsor &#8222;Bitburger&#8220; bereitgestellten Geld- [&hellip;]<\/p>\n","protected":false},"author":1,"featured_media":0,"comment_status":"open","ping_status":"open","sticky":false,"template":"","format":"standard","meta":{"footnotes":""},"categories":[9],"tags":[],"class_list":["post-799","post","type-post","status-publish","format-standard","hentry","category-kreispokal"],"_links":{"self":[{"href":"https:\/\/insideamateurfussball-ffm.de\/index.php?rest_route=\/wp\/v2\/posts\/799","targetHints":{"allow":["GET"]}}],"collection":[{"href":"https:\/\/insideamateurfussball-ffm.de\/index.php?rest_route=\/wp\/v2\/posts"}],"about":[{"href":"https:\/\/insideamateurfussball-ffm.de\/index.php?rest_route=\/wp\/v2\/types\/post"}],"author":[{"embeddable":true,"href":"https:\/\/insideamateurfussball-ffm.de\/index.php?rest_route=\/wp\/v2\/users\/1"}],"replies":[{"embeddable":true,"href":"https:\/\/insideamateurfussball-ffm.de\/index.php?rest_route=%2Fwp%2Fv2%2Fcomments&post=799"}],"version-history":[{"count":2,"href":"https:\/\/insideamateurfussball-ffm.de\/index.php?rest_route=\/wp\/v2\/posts\/799\/revisions"}],"predecessor-version":[{"id":802,"href":"https:\/\/insideamateurfussball-ffm.de\/index.php?rest_route=\/wp\/v2\/posts\/799\/revisions\/802"}],"wp:attachment":[{"href":"https:\/\/insideamateurfussball-ffm.de\/index.php?rest_route=%2Fwp%2Fv2%2Fmedia&parent=799"}],"wp:term":[{"taxonomy":"category","embeddable":true,"href":"https:\/\/insideamateurfussball-ffm.de\/index.php?rest_route=%2Fwp%2Fv2%2Fcategories&post=799"},{"taxonomy":"post_tag","embeddable":true,"href":"https:\/\/insideamateurfussball-ffm.de\/index.php?rest_route=%2Fwp%2Fv2%2Ftags&post=799"}],"curies":[{"name":"wp","href":"https:\/\/api.w.org\/{rel}","templated":true}]}}