{"id":790,"date":"2022-06-16T12:03:32","date_gmt":"2022-06-16T12:03:32","guid":{"rendered":"http:\/\/insideamateurfussball-ffm.de\/?p=790"},"modified":"2025-01-03T18:17:14","modified_gmt":"2025-01-03T17:17:14","slug":"rot-weiss-goncalves-folgt-auf-loebert","status":"publish","type":"post","link":"https:\/\/insideamateurfussball-ffm.de\/?p=790","title":{"rendered":"Rot-Weiss: Goncalves folgt auf L\u00f6bert"},"content":{"rendered":"<h5>Verbandsligist Rot-Weiss Frankfurt setzt auch f\u00fcr die kommende Saison auf eine interne Trainer-Rotation. Aus der erfolgreichen U19-Mannschaft, die in der Hessenliga Vize-Meister wurde, r\u00fcckt Coach Jonel Goncalves mit weiten Teilen seines Teams in die Erste Mannschaft auf.<\/h5>\n<figure id=\"attachment_791\" aria-describedby=\"caption-attachment-791\" style=\"width: 300px\" class=\"wp-caption alignnone\"><img loading=\"lazy\" decoding=\"async\" class=\"wp-image-791 size-medium\" src=\"http:\/\/insideamateurfussball-ffm.de\/wp-content\/uploads\/2022\/06\/jonel1-300x210.jpg\" alt=\"\" width=\"300\" height=\"210\" srcset=\"https:\/\/insideamateurfussball-ffm.de\/wp-content\/uploads\/2022\/06\/jonel1-300x210.jpg 300w, https:\/\/insideamateurfussball-ffm.de\/wp-content\/uploads\/2022\/06\/jonel1-768x537.jpg 768w, https:\/\/insideamateurfussball-ffm.de\/wp-content\/uploads\/2022\/06\/jonel1.jpg 989w\" sizes=\"auto, (max-width: 300px) 100vw, 300px\" \/><figcaption id=\"caption-attachment-791\" class=\"wp-caption-text\">Jonel Goncalves ist der neue Cheftrainer des Verbandsliga-Teams von Rot-Weiss Frankfurt. Foto: Mithat G\u00fcrser.<\/figcaption><\/figure>\n<p>Benjamin L\u00f6bert, der im M\u00e4rz parallel zu seiner T\u00e4tigkeit als U15-Coach die Erste Mannschaft \u00fcbernommen hatte und mit 23 Punkten einen geh\u00f6rigen Anteil am Klassenerhalt hatte, ist in der n\u00e4chsten Saison f\u00fcr die U17 verantwortlich. Der Nachfolger von Goncalves bei der U19 ist wiederum Pablo Gonzalez Huerta, der bislang die U17 gecoacht hatte.<\/p>\n<p>Goncalves, seit neun Jahren im Jugendbereich des Clubs t\u00e4tig, ist f\u00fcr den Ersten Vorsitzenden J\u00fcrgen Str\u00f6dter der pr\u00e4destinierte Mann f\u00fcr das neue Verbandsliga-Team: &#8222;Da wir sehr viele Spieler aus diesem starken U19-Jahrgang \u00fcbernehmen, ist es doch klar, dass auch der Trainer mit hoch geht. Goncalves hatte am l\u00e4ngsten mit den Jugendspielern zu tun, kann mit jungen Leuten umgehen und die Spielphilosophie mit einbringen.&#8220;<\/p>\n<blockquote><p>&#8222;Bis zum Alter von 22 Jahren sehe ich die Jugendlichen in der Ausbildungsphase&#8220; (Jonel Goncalves).<\/p><\/blockquote>\n<p>Schon in den letzten Monaten war Goncalves in das Trainergespann mit L\u00f6bert und Mirko Kelava involviert und wird auch am Sonntag im Kreispokal-Finale gegen Ligakonkurrent SG Bornheim Gr\u00fcn-Weiss mit an der Seitenlinie stehen. &#8222;Ich freue mich auf die neue Aufgabe, da ich schon lange im Verein bin. Die Jugendarbeit ist das Faustpfand des Vereins. Ich sehe die Jugendlichen bis zum Alter von 22 Jahren noch in der Ausbildungsphase. Mit diesem Modell wollen wir mittelfristig in der Verbandsliga erfolgreich sein&#8220;, blickte Goncalves voraus.<\/p>\n<p>Unterst\u00fctzt wird er k\u00fcnftig im Trainerteam von Nassrath Jamali, Mirko Kelava und Athletiktrainer Driss Harchaoui.<\/p>\n<figure id=\"attachment_792\" aria-describedby=\"caption-attachment-792\" style=\"width: 300px\" class=\"wp-caption alignnone\"><img loading=\"lazy\" decoding=\"async\" class=\"wp-image-792 size-medium\" src=\"http:\/\/insideamateurfussball-ffm.de\/wp-content\/uploads\/2022\/06\/gin-rw2-300x224.jpg\" alt=\"\" width=\"300\" height=\"224\" \/><figcaption id=\"caption-attachment-792\" class=\"wp-caption-text\">N\u00e4chste Saison U17-Trainer: Benjamin L\u00f6bert. Foto: Mithat G\u00fcrser.<\/figcaption><\/figure>\n","protected":false},"excerpt":{"rendered":"<p>Verbandsligist Rot-Weiss Frankfurt setzt auch f\u00fcr die kommende Saison auf eine interne Trainer-Rotation. Aus der erfolgreichen U19-Mannschaft, die in der Hessenliga Vize-Meister wurde, r\u00fcckt Coach Jonel Goncalves mit weiten Teilen seines Teams in die Erste Mannschaft auf. Benjamin L\u00f6bert, der im M\u00e4rz parallel zu seiner T\u00e4tigkeit als U15-Coach die Erste Mannschaft \u00fcbernommen hatte und mit [&hellip;]<\/p>\n","protected":false},"author":1,"featured_media":791,"comment_status":"open","ping_status":"open","sticky":false,"template":"","format":"standard","meta":{"footnotes":""},"categories":[10],"tags":[],"class_list":["post-790","post","type-post","status-publish","format-standard","has-post-thumbnail","hentry","category-verbandsliga-sued"],"_links":{"self":[{"href":"https:\/\/insideamateurfussball-ffm.de\/index.php?rest_route=\/wp\/v2\/posts\/790","targetHints":{"allow":["GET"]}}],"collection":[{"href":"https:\/\/insideamateurfussball-ffm.de\/index.php?rest_route=\/wp\/v2\/posts"}],"about":[{"href":"https:\/\/insideamateurfussball-ffm.de\/index.php?rest_route=\/wp\/v2\/types\/post"}],"author":[{"embeddable":true,"href":"https:\/\/insideamateurfussball-ffm.de\/index.php?rest_route=\/wp\/v2\/users\/1"}],"replies":[{"embeddable":true,"href":"https:\/\/insideamateurfussball-ffm.de\/index.php?rest_route=%2Fwp%2Fv2%2Fcomments&post=790"}],"version-history":[{"count":1,"href":"https:\/\/insideamateurfussball-ffm.de\/index.php?rest_route=\/wp\/v2\/posts\/790\/revisions"}],"predecessor-version":[{"id":793,"href":"https:\/\/insideamateurfussball-ffm.de\/index.php?rest_route=\/wp\/v2\/posts\/790\/revisions\/793"}],"wp:featuredmedia":[{"embeddable":true,"href":"https:\/\/insideamateurfussball-ffm.de\/index.php?rest_route=\/wp\/v2\/media\/791"}],"wp:attachment":[{"href":"https:\/\/insideamateurfussball-ffm.de\/index.php?rest_route=%2Fwp%2Fv2%2Fmedia&parent=790"}],"wp:term":[{"taxonomy":"category","embeddable":true,"href":"https:\/\/insideamateurfussball-ffm.de\/index.php?rest_route=%2Fwp%2Fv2%2Fcategories&post=790"},{"taxonomy":"post_tag","embeddable":true,"href":"https:\/\/insideamateurfussball-ffm.de\/index.php?rest_route=%2Fwp%2Fv2%2Ftags&post=790"}],"curies":[{"name":"wp","href":"https:\/\/api.w.org\/{rel}","templated":true}]}}