{"id":777,"date":"2022-06-16T01:05:46","date_gmt":"2022-06-16T01:05:46","guid":{"rendered":"http:\/\/insideamateurfussball-ffm.de\/?p=777"},"modified":"2025-01-03T18:17:28","modified_gmt":"2025-01-03T17:17:28","slug":"spielsperre-bis-30-6-kosova-ii-muss-absteigen","status":"publish","type":"post","link":"https:\/\/insideamateurfussball-ffm.de\/?p=777","title":{"rendered":"Spielsperre bis 30.6. &#8211; Kosova II muss absteigen"},"content":{"rendered":"<h5>Die am 29. Mai beim Stande von 0:1 abgebrochene Begegnung der Kreisliga B Frankfurt (Gruppe 2) zwischen dem FC Kosova II und Germania 94 II hat schwerwiegende Konsequenzen f\u00fcr die Kosova-Reserve.<\/h5>\n<p><img loading=\"lazy\" decoding=\"async\" class=\"alignnone size-full wp-image-9\" src=\"http:\/\/insideamateurfussball-ffm.de\/wp-content\/uploads\/2021\/11\/Kosova.jpg\" alt=\"\" width=\"65\" height=\"80\" \/><\/p>\n<figure id=\"attachment_778\" aria-describedby=\"caption-attachment-778\" style=\"width: 300px\" class=\"wp-caption alignnone\"><img loading=\"lazy\" decoding=\"async\" class=\"wp-image-778 size-medium\" src=\"http:\/\/insideamateurfussball-ffm.de\/wp-content\/uploads\/2022\/06\/Fernsehturm-300x225.jpg\" alt=\"\" width=\"300\" height=\"225\" \/><figcaption id=\"caption-attachment-778\" class=\"wp-caption-text\">Es gab mal wieder Zoff im Schatten des Fernsehturms, diesmal mit Konsequenzen f\u00fcr die Reserve des FC Kosova. Foto: PA.<\/figcaption><\/figure>\n<p>Den Gastgebern wurde in der Verhandlung des Kreissportgerichtes der Abbruch der Partie zur Last gelegt. Die Mannschaft wurde bis zum 30. Juni mit einer Spielsperre sowie einer Geldstrafe belegt. Durch das Spielverbot wurden alle ausgefallenen Partien mit 3:0 f\u00fcr den jeweiligen Gegner als gewonnen gewertet, auch die abgebrochene Begegnung wurde der Germania 94-Reserve als Sieg gut geschrieben.<\/p>\n<p>Dadurch f\u00e4llt Kosova II in der Abschlusstabelle hinter Germania 94 II auf den letzten Tabellenplatz zur\u00fcck und muss in die C-Klasse absteigen.<\/p>\n<p>Zur Verhandlung erschien kein Vertreter des FC Kosova. Der Verein hatte sich durch \u00c4u\u00dferungen von Spielausschuss-Chef Rudi Statovci zuvor als schuldig am Abbruch bekannt und interne Konsequenzen angek\u00fcndigt: &#8222;Einer unserer Spieler hat den Schiri geschubst. Das ist vereinssch\u00e4digendes Verhalten. Dieser Spieler wird f\u00fcr uns nicht mehr spielen, so wahr ich hier stehe.&#8220;<\/p>\n","protected":false},"excerpt":{"rendered":"<p>Die am 29. Mai beim Stande von 0:1 abgebrochene Begegnung der Kreisliga B Frankfurt (Gruppe 2) zwischen dem FC Kosova II und Germania 94 II hat schwerwiegende Konsequenzen f\u00fcr die Kosova-Reserve. Den Gastgebern wurde in der Verhandlung des Kreissportgerichtes der Abbruch der Partie zur Last gelegt. Die Mannschaft wurde bis zum 30. Juni mit einer [&hellip;]<\/p>\n","protected":false},"author":1,"featured_media":0,"comment_status":"open","ping_status":"open","sticky":false,"template":"","format":"standard","meta":{"footnotes":""},"categories":[11],"tags":[],"class_list":["post-777","post","type-post","status-publish","format-standard","hentry","category-kreisliga-b"],"_links":{"self":[{"href":"https:\/\/insideamateurfussball-ffm.de\/index.php?rest_route=\/wp\/v2\/posts\/777","targetHints":{"allow":["GET"]}}],"collection":[{"href":"https:\/\/insideamateurfussball-ffm.de\/index.php?rest_route=\/wp\/v2\/posts"}],"about":[{"href":"https:\/\/insideamateurfussball-ffm.de\/index.php?rest_route=\/wp\/v2\/types\/post"}],"author":[{"embeddable":true,"href":"https:\/\/insideamateurfussball-ffm.de\/index.php?rest_route=\/wp\/v2\/users\/1"}],"replies":[{"embeddable":true,"href":"https:\/\/insideamateurfussball-ffm.de\/index.php?rest_route=%2Fwp%2Fv2%2Fcomments&post=777"}],"version-history":[{"count":1,"href":"https:\/\/insideamateurfussball-ffm.de\/index.php?rest_route=\/wp\/v2\/posts\/777\/revisions"}],"predecessor-version":[{"id":779,"href":"https:\/\/insideamateurfussball-ffm.de\/index.php?rest_route=\/wp\/v2\/posts\/777\/revisions\/779"}],"wp:attachment":[{"href":"https:\/\/insideamateurfussball-ffm.de\/index.php?rest_route=%2Fwp%2Fv2%2Fmedia&parent=777"}],"wp:term":[{"taxonomy":"category","embeddable":true,"href":"https:\/\/insideamateurfussball-ffm.de\/index.php?rest_route=%2Fwp%2Fv2%2Fcategories&post=777"},{"taxonomy":"post_tag","embeddable":true,"href":"https:\/\/insideamateurfussball-ffm.de\/index.php?rest_route=%2Fwp%2Fv2%2Ftags&post=777"}],"curies":[{"name":"wp","href":"https:\/\/api.w.org\/{rel}","templated":true}]}}