{"id":774,"date":"2022-06-16T00:36:54","date_gmt":"2022-06-16T00:36:54","guid":{"rendered":"http:\/\/insideamateurfussball-ffm.de\/?p=774"},"modified":"2025-01-03T18:17:35","modified_gmt":"2025-01-03T17:17:35","slug":"tag-der-offenen-tore-bei-posavina-ii-sv-nord","status":"publish","type":"post","link":"https:\/\/insideamateurfussball-ffm.de\/?p=774","title":{"rendered":"Tag der offenen Tore bei Posavina II &#8211; SV Nord"},"content":{"rendered":"<h5>Auch in der Gruppe 2 der Kreisliga B Frankfurt standen mit Meister SV Frankfurt Nord und dem SV BKC Bosnien II die beiden Aufsteiger in die A-Klasse vor dem letzten Spieltag fest. Der FC Korea sicherte sich mit dem 5:1 bei der Griechischen SU den Klassenerhalt, w\u00e4hrend die Partie Ethio Addis &#8211; Riederwald abgebrochen wurde. Aus der C-Klasse aufgestiegen sind der SV Griesheim Tarik II und der FFC Victoria II.<\/h5>\n<figure id=\"attachment_775\" aria-describedby=\"caption-attachment-775\" style=\"width: 300px\" class=\"wp-caption alignnone\"><img loading=\"lazy\" decoding=\"async\" class=\"wp-image-775 size-medium\" src=\"http:\/\/insideamateurfussball-ffm.de\/wp-content\/uploads\/2022\/06\/Sv-Nord-300x225.jpg\" alt=\"\" width=\"300\" height=\"225\" \/><figcaption id=\"caption-attachment-775\" class=\"wp-caption-text\">Auch der SV Frankfurt Nord beteiligte sich an der Aktion &#8222;Teamfoto am letzten Spieltag&#8220;. Foto: SVFN.<\/figcaption><\/figure>\n<h5>FC Posavina II &#8211; SV Frankfurt Nord 5:9 (2:6)<\/h5>\n<p><img loading=\"lazy\" decoding=\"async\" class=\"alignnone size-full wp-image-22\" src=\"http:\/\/insideamateurfussball-ffm.de\/wp-content\/uploads\/2021\/11\/posavina.jpg\" alt=\"\" width=\"63\" height=\"80\" \/><img loading=\"lazy\" decoding=\"async\" class=\"alignnone size-full wp-image-292\" src=\"http:\/\/insideamateurfussball-ffm.de\/wp-content\/uploads\/2022\/05\/Nord.jpg\" alt=\"\" width=\"80\" height=\"80\" \/><\/p>\n<p>&#8222;Beide Teams haben das Spiel nicht mehr so ernst genommen&#8220;, erkl\u00e4rte Nord-Trainer Mourad Massi das ungew\u00f6hnliche Ergebnis mit der &#8222;zwanglosen Offensivausrichtung der Mannschaften.&#8220; Arianit Cakiqi, der Bruder von Vorstandsmitglied Adnan Cakiqi, wurde in der Schlussphase als &#8222;Dank f\u00fcr seine Treue eingewechselt. Er war jedes Spiel als Zuschauer dabei&#8220;, betonte Massi. Cakiqi zeigte dann, dass er auch kicken kann. Er lieferte zum neunten Tor die Vorarbeit.<\/p>\n<h5>Tore: 0:1 Yusuf Halici (5.), 0:2 Christian H\u00f6fer (7.), 0:3 Maik Wagner (11.), 0:4 H\u00f6fer (14.), 0:5 Florian Mazllomaj (17.), 1:5 Mato Djukic (31.), 2:5 Marijo Vorgic (33.), 2:6 Halici (40.), 3:6 Djukic (48.), 3:7 H\u00f6fer (58.), 3:8 Wagner (65.), 4:8 Franjo Kesic (68.), 5:8 Djukic (76.), 5:9 Halici (80.).<\/h5>\n<h5>FC Ethio Addis &#8211; SG Riederwald 1:4 abgebrochen<\/h5>\n<h5><img loading=\"lazy\" decoding=\"async\" class=\"alignnone size-full wp-image-295\" src=\"http:\/\/insideamateurfussball-ffm.de\/wp-content\/uploads\/2022\/05\/Ethio-Addis.jpg\" alt=\"\" width=\"80\" height=\"80\" \/><img loading=\"lazy\" decoding=\"async\" class=\"alignnone size-full wp-image-659\" src=\"http:\/\/insideamateurfussball-ffm.de\/wp-content\/uploads\/2022\/06\/Riederwald.jpg\" alt=\"\" width=\"63\" height=\"80\" \/><\/h5>\n<p>Riederwalds Trainer Thomas Enders berichtete, dass die Partie in der 40. Minute beim Stande von 4:1 f\u00fcr die G\u00e4ste abgebrochen wurde. Nach zwei Roten Karten gegen die \u00c4thiopier habe Ethio Addis das Spiel nicht mehr fortsetzen wollen. Somit kommt nach dem Saisonende ein weiterer Fall auf das Sportgericht des Kreises Frankfurt dazu.<\/p>\n","protected":false},"excerpt":{"rendered":"<p>Auch in der Gruppe 2 der Kreisliga B Frankfurt standen mit Meister SV Frankfurt Nord und dem SV BKC Bosnien II die beiden Aufsteiger in die A-Klasse vor dem letzten Spieltag fest. Der FC Korea sicherte sich mit dem 5:1 bei der Griechischen SU den Klassenerhalt, w\u00e4hrend die Partie Ethio Addis &#8211; Riederwald abgebrochen wurde. [&hellip;]<\/p>\n","protected":false},"author":1,"featured_media":0,"comment_status":"open","ping_status":"open","sticky":false,"template":"","format":"standard","meta":{"footnotes":""},"categories":[11],"tags":[],"class_list":["post-774","post","type-post","status-publish","format-standard","hentry","category-kreisliga-b"],"_links":{"self":[{"href":"https:\/\/insideamateurfussball-ffm.de\/index.php?rest_route=\/wp\/v2\/posts\/774","targetHints":{"allow":["GET"]}}],"collection":[{"href":"https:\/\/insideamateurfussball-ffm.de\/index.php?rest_route=\/wp\/v2\/posts"}],"about":[{"href":"https:\/\/insideamateurfussball-ffm.de\/index.php?rest_route=\/wp\/v2\/types\/post"}],"author":[{"embeddable":true,"href":"https:\/\/insideamateurfussball-ffm.de\/index.php?rest_route=\/wp\/v2\/users\/1"}],"replies":[{"embeddable":true,"href":"https:\/\/insideamateurfussball-ffm.de\/index.php?rest_route=%2Fwp%2Fv2%2Fcomments&post=774"}],"version-history":[{"count":2,"href":"https:\/\/insideamateurfussball-ffm.de\/index.php?rest_route=\/wp\/v2\/posts\/774\/revisions"}],"predecessor-version":[{"id":780,"href":"https:\/\/insideamateurfussball-ffm.de\/index.php?rest_route=\/wp\/v2\/posts\/774\/revisions\/780"}],"wp:attachment":[{"href":"https:\/\/insideamateurfussball-ffm.de\/index.php?rest_route=%2Fwp%2Fv2%2Fmedia&parent=774"}],"wp:term":[{"taxonomy":"category","embeddable":true,"href":"https:\/\/insideamateurfussball-ffm.de\/index.php?rest_route=%2Fwp%2Fv2%2Fcategories&post=774"},{"taxonomy":"post_tag","embeddable":true,"href":"https:\/\/insideamateurfussball-ffm.de\/index.php?rest_route=%2Fwp%2Fv2%2Ftags&post=774"}],"curies":[{"name":"wp","href":"https:\/\/api.w.org\/{rel}","templated":true}]}}