{"id":7607,"date":"2023-04-30T01:01:06","date_gmt":"2023-04-29T23:01:06","guid":{"rendered":"http:\/\/insideamateurfussball-ffm.de\/?p=7607"},"modified":"2025-01-25T14:46:55","modified_gmt":"2025-01-25T13:46:55","slug":"rot-weiss-setzt-wieder-auf-loebert","status":"publish","type":"post","link":"https:\/\/insideamateurfussball-ffm.de\/?p=7607","title":{"rendered":"Rot-Weiss setzt wieder auf Benjamin L\u00f6bert"},"content":{"rendered":"<h4>Bei Verbandsligist Rot-Weiss Frankfurt legt Trainer Jonel Goncalves zum Saisonende sein Amt aus famili\u00e4ren Gr\u00fcnden nieder. Sein Nachfolger ist auch sein Vorg\u00e4nger.<\/h4>\n<figure id=\"attachment_7608\" aria-describedby=\"caption-attachment-7608\" style=\"width: 300px\" class=\"wp-caption alignnone\"><img loading=\"lazy\" decoding=\"async\" class=\"wp-image-7608\" src=\"http:\/\/insideamateurfussball-ffm.de\/wp-content\/uploads\/2023\/04\/Loebert-B-1-300x222.jpg\" alt=\"\" width=\"300\" height=\"222\" srcset=\"https:\/\/insideamateurfussball-ffm.de\/wp-content\/uploads\/2023\/04\/Loebert-B-1-300x222.jpg 300w, https:\/\/insideamateurfussball-ffm.de\/wp-content\/uploads\/2023\/04\/Loebert-B-1-768x567.jpg 768w, https:\/\/insideamateurfussball-ffm.de\/wp-content\/uploads\/2023\/04\/Loebert-B-1.jpg 1014w\" sizes=\"auto, (max-width: 300px) 100vw, 300px\" \/><figcaption id=\"caption-attachment-7608\" class=\"wp-caption-text\">Ab Sommer auch bei uns wieder im Rampenlicht: Trainer Benjamin L\u00f6bert. Foto: Mithat G\u00fcrser.<\/figcaption><\/figure>\n<p><img loading=\"lazy\" decoding=\"async\" class=\"alignnone size-full wp-image-120\" src=\"http:\/\/insideamateurfussball-ffm.de\/wp-content\/uploads\/2022\/05\/rot-weiss.png\" alt=\"\" width=\"80\" height=\"70\" \/><\/p>\n<p><span style=\"color: #0000ff;\">Bei Rot-Weiss Frankfurt gibt es vor dem heutigen Gang zu Schlusslicht Dersim R\u00fcsselsheim (15.45 Uhr) f\u00fcr die kommende Saison einen Trainerwechsel zu verk\u00fcnden. Jonel Goncalves, der die Erste Mannschaft erst im vergangenen Sommer \u00fcbernahm, legt sein Amt aus famili\u00e4ren Gr\u00fcnden nieder. Sein Nachfolger ist gleichzeitig sein Vorg\u00e4nger, denn Benjamin L\u00f6bert wechselt aus dem Jugendbereich wieder zu den Senioren. L\u00f6bert hatte die &#8222;Roten&#8220; am Ende der letzten Saison zum Klassenerhalt und ins Kreispokal-Finale gef\u00fchrt, ehe er sich wieder in die U17 zur\u00fcckzog. <\/span><\/p>\n<p><span style=\"color: #0000ff;\">J\u00fcrgen Str\u00f6dter, der Vorsitzende von Rot-Weiss, begr\u00fcndet die erneute Installierung L\u00f6berts bei der Ersten Mannschaft: &#8222;Wir wollen den Trainerposten intern besetzen, da ein Riesenaufwand in der Jugendarbeit betrieben wird und ein Trainer wie L\u00f6bert die eigenen Leute am besten kennt.&#8220;<\/span><\/p>\n","protected":false},"excerpt":{"rendered":"<p>Bei Verbandsligist Rot-Weiss Frankfurt legt Trainer Jonel Goncalves zum Saisonende sein Amt aus famili\u00e4ren Gr\u00fcnden nieder. Sein Nachfolger ist auch sein Vorg\u00e4nger. Bei Rot-Weiss Frankfurt gibt es vor dem heutigen Gang zu Schlusslicht Dersim R\u00fcsselsheim (15.45 Uhr) f\u00fcr die kommende Saison einen Trainerwechsel zu verk\u00fcnden. Jonel Goncalves, der die Erste Mannschaft erst im vergangenen Sommer [&hellip;]<\/p>\n","protected":false},"author":1,"featured_media":7608,"comment_status":"open","ping_status":"open","sticky":false,"template":"","format":"standard","meta":{"footnotes":""},"categories":[10],"tags":[],"class_list":["post-7607","post","type-post","status-publish","format-standard","has-post-thumbnail","hentry","category-verbandsliga-sued"],"_links":{"self":[{"href":"https:\/\/insideamateurfussball-ffm.de\/index.php?rest_route=\/wp\/v2\/posts\/7607","targetHints":{"allow":["GET"]}}],"collection":[{"href":"https:\/\/insideamateurfussball-ffm.de\/index.php?rest_route=\/wp\/v2\/posts"}],"about":[{"href":"https:\/\/insideamateurfussball-ffm.de\/index.php?rest_route=\/wp\/v2\/types\/post"}],"author":[{"embeddable":true,"href":"https:\/\/insideamateurfussball-ffm.de\/index.php?rest_route=\/wp\/v2\/users\/1"}],"replies":[{"embeddable":true,"href":"https:\/\/insideamateurfussball-ffm.de\/index.php?rest_route=%2Fwp%2Fv2%2Fcomments&post=7607"}],"version-history":[{"count":3,"href":"https:\/\/insideamateurfussball-ffm.de\/index.php?rest_route=\/wp\/v2\/posts\/7607\/revisions"}],"predecessor-version":[{"id":7611,"href":"https:\/\/insideamateurfussball-ffm.de\/index.php?rest_route=\/wp\/v2\/posts\/7607\/revisions\/7611"}],"wp:featuredmedia":[{"embeddable":true,"href":"https:\/\/insideamateurfussball-ffm.de\/index.php?rest_route=\/wp\/v2\/media\/7608"}],"wp:attachment":[{"href":"https:\/\/insideamateurfussball-ffm.de\/index.php?rest_route=%2Fwp%2Fv2%2Fmedia&parent=7607"}],"wp:term":[{"taxonomy":"category","embeddable":true,"href":"https:\/\/insideamateurfussball-ffm.de\/index.php?rest_route=%2Fwp%2Fv2%2Fcategories&post=7607"},{"taxonomy":"post_tag","embeddable":true,"href":"https:\/\/insideamateurfussball-ffm.de\/index.php?rest_route=%2Fwp%2Fv2%2Ftags&post=7607"}],"curies":[{"name":"wp","href":"https:\/\/api.w.org\/{rel}","templated":true}]}}