{"id":7604,"date":"2023-04-30T00:50:21","date_gmt":"2023-04-29T22:50:21","guid":{"rendered":"http:\/\/insideamateurfussball-ffm.de\/?p=7604"},"modified":"2025-01-25T14:47:04","modified_gmt":"2025-01-25T13:47:04","slug":"darum-traten-die-speuzer-nicht-an","status":"publish","type":"post","link":"https:\/\/insideamateurfussball-ffm.de\/?p=7604","title":{"rendered":"Darum traten die &#8222;Speuzer&#8220; nicht an"},"content":{"rendered":"<h4>Der FFV Sportfreunde 04 ist zum Ausw\u00e4rtsspiel der Verbandsliga S\u00fcd bei Eintracht Wald-Michelbach nicht angetreten. So ersparte man sich die weite Ausw\u00e4rtsfahrt in den Odenwald und eine mutma\u00dflich hohe Niederlage.<\/h4>\n<figure id=\"attachment_7605\" aria-describedby=\"caption-attachment-7605\" style=\"width: 309px\" class=\"wp-caption alignnone\"><img loading=\"lazy\" decoding=\"async\" class=\"wp-image-7605\" src=\"http:\/\/insideamateurfussball-ffm.de\/wp-content\/uploads\/2023\/04\/0-1-300x225.jpg\" alt=\"\" width=\"309\" height=\"232\" srcset=\"https:\/\/insideamateurfussball-ffm.de\/wp-content\/uploads\/2023\/04\/0-1-300x225.jpg 300w, https:\/\/insideamateurfussball-ffm.de\/wp-content\/uploads\/2023\/04\/0-1-768x576.jpg 768w, https:\/\/insideamateurfussball-ffm.de\/wp-content\/uploads\/2023\/04\/0-1.jpg 923w\" sizes=\"auto, (max-width: 309px) 100vw, 309px\" \/><figcaption id=\"caption-attachment-7605\" class=\"wp-caption-text\">FFV-Trainer Artug \u00d6zbakir h\u00e4tte das Tor h\u00fcten m\u00fcssen mit einer Mannschaft in Unterzahl. Foto: J\u00f6rg Schulz.\u00a0\u00a0<\/figcaption><\/figure>\n<h4>Eintracht Wald-Michelbach &#8211; FFV Sportfreunde 3:0 kampflos<\/h4>\n<p><img loading=\"lazy\" decoding=\"async\" class=\"alignnone size-full wp-image-140\" src=\"http:\/\/insideamateurfussball-ffm.de\/wp-content\/uploads\/2022\/05\/ETW.jpg\" alt=\"\" width=\"79\" height=\"80\" \/><img loading=\"lazy\" decoding=\"async\" class=\"alignnone size-full wp-image-141\" src=\"http:\/\/insideamateurfussball-ffm.de\/wp-content\/uploads\/2022\/05\/Speuzer.jpg\" alt=\"\" width=\"80\" height=\"80\" \/><\/p>\n<p><span style=\"color: #0000ff;\">Bereits am Freitag sagten die Verantwortlichen der Sportfreunde die Partie aus Personalmangel ab. Nach der 2:3-Niederlage im Nachholspiel beim Hanauer SC 1960 bekamen die &#8222;Speuzer&#8220; kein spielf\u00e4higes Team zusammen. Schon in Hanau hatten die Sportfreunde nur 13 Spieler im Kader, wovon sich zwei verletzten und einige aufgrund des kr\u00e4ftezehrenden Spiels Blessuren davon trugen. <\/span><\/p>\n<p><span style=\"color: #0000ff;\">Au\u00dferdem sagten noch zwei weitere Akteure ab, weil sie arbeiten m\u00fcssen. Zudem h\u00e4tte Trainer Artug \u00d6zbakir das Tor selbst h\u00fcten m\u00fcssen, weil die beiden Torh\u00fcter Sebastian Seitz und Tomo Toumpas nicht zur Verf\u00fcgung standen. &#8222;Kurzum: Wir w\u00e4ren in Unterzahl angetreten und h\u00e4tten wahrscheinlich die H\u00fctte voll bekommen&#8220;, erkl\u00e4rt \u00d6zbakir, der die 0:3-Niederlage am gr\u00fcnen Tisch als einmaligen Vorfall bezeichnet.\u00a0<\/span><\/p>\n","protected":false},"excerpt":{"rendered":"<p>Der FFV Sportfreunde 04 ist zum Ausw\u00e4rtsspiel der Verbandsliga S\u00fcd bei Eintracht Wald-Michelbach nicht angetreten. So ersparte man sich die weite Ausw\u00e4rtsfahrt in den Odenwald und eine mutma\u00dflich hohe Niederlage. Eintracht Wald-Michelbach &#8211; FFV Sportfreunde 3:0 kampflos Bereits am Freitag sagten die Verantwortlichen der Sportfreunde die Partie aus Personalmangel ab. Nach der 2:3-Niederlage im Nachholspiel [&hellip;]<\/p>\n","protected":false},"author":1,"featured_media":7605,"comment_status":"open","ping_status":"open","sticky":false,"template":"","format":"standard","meta":{"footnotes":""},"categories":[10],"tags":[],"class_list":["post-7604","post","type-post","status-publish","format-standard","has-post-thumbnail","hentry","category-verbandsliga-sued"],"_links":{"self":[{"href":"https:\/\/insideamateurfussball-ffm.de\/index.php?rest_route=\/wp\/v2\/posts\/7604","targetHints":{"allow":["GET"]}}],"collection":[{"href":"https:\/\/insideamateurfussball-ffm.de\/index.php?rest_route=\/wp\/v2\/posts"}],"about":[{"href":"https:\/\/insideamateurfussball-ffm.de\/index.php?rest_route=\/wp\/v2\/types\/post"}],"author":[{"embeddable":true,"href":"https:\/\/insideamateurfussball-ffm.de\/index.php?rest_route=\/wp\/v2\/users\/1"}],"replies":[{"embeddable":true,"href":"https:\/\/insideamateurfussball-ffm.de\/index.php?rest_route=%2Fwp%2Fv2%2Fcomments&post=7604"}],"version-history":[{"count":1,"href":"https:\/\/insideamateurfussball-ffm.de\/index.php?rest_route=\/wp\/v2\/posts\/7604\/revisions"}],"predecessor-version":[{"id":7606,"href":"https:\/\/insideamateurfussball-ffm.de\/index.php?rest_route=\/wp\/v2\/posts\/7604\/revisions\/7606"}],"wp:featuredmedia":[{"embeddable":true,"href":"https:\/\/insideamateurfussball-ffm.de\/index.php?rest_route=\/wp\/v2\/media\/7605"}],"wp:attachment":[{"href":"https:\/\/insideamateurfussball-ffm.de\/index.php?rest_route=%2Fwp%2Fv2%2Fmedia&parent=7604"}],"wp:term":[{"taxonomy":"category","embeddable":true,"href":"https:\/\/insideamateurfussball-ffm.de\/index.php?rest_route=%2Fwp%2Fv2%2Fcategories&post=7604"},{"taxonomy":"post_tag","embeddable":true,"href":"https:\/\/insideamateurfussball-ffm.de\/index.php?rest_route=%2Fwp%2Fv2%2Ftags&post=7604"}],"curies":[{"name":"wp","href":"https:\/\/api.w.org\/{rel}","templated":true}]}}