{"id":7601,"date":"2023-04-30T00:29:45","date_gmt":"2023-04-29T22:29:45","guid":{"rendered":"http:\/\/insideamateurfussball-ffm.de\/?p=7601"},"modified":"2025-01-25T14:47:12","modified_gmt":"2025-01-25T13:47:12","slug":"muenster-kann-in-bad-vilbel-ausgleichen","status":"publish","type":"post","link":"https:\/\/insideamateurfussball-ffm.de\/?p=7601","title":{"rendered":"M\u00fcnster kann in Bad Vilbel ausgleichen"},"content":{"rendered":"<h4>Der FV Bad Vilbel kam am Freitagabend in der Verbandsliga S\u00fcd gegen den 19 Punkte weniger aufweisenden SV M\u00fcnster nicht \u00fcber ein 1:1 (0:0) hinaus. Kurz vor Schluss gelang den G\u00e4sten aus dem Kreis Dieburg noch der Ausgleich.<\/h4>\n<figure id=\"attachment_7602\" aria-describedby=\"caption-attachment-7602\" style=\"width: 308px\" class=\"wp-caption alignnone\"><img loading=\"lazy\" decoding=\"async\" class=\"wp-image-7602\" src=\"http:\/\/insideamateurfussball-ffm.de\/wp-content\/uploads\/2023\/04\/bad-v-300x300.jpg\" alt=\"\" width=\"308\" height=\"308\" srcset=\"https:\/\/insideamateurfussball-ffm.de\/wp-content\/uploads\/2023\/04\/bad-v-300x300.jpg 300w, https:\/\/insideamateurfussball-ffm.de\/wp-content\/uploads\/2023\/04\/bad-v-150x150.jpg 150w, https:\/\/insideamateurfussball-ffm.de\/wp-content\/uploads\/2023\/04\/bad-v-768x768.jpg 768w, https:\/\/insideamateurfussball-ffm.de\/wp-content\/uploads\/2023\/04\/bad-v.jpg 960w\" sizes=\"auto, (max-width: 308px) 100vw, 308px\" \/><figcaption id=\"caption-attachment-7602\" class=\"wp-caption-text\">Philipp Schaal treibt den Ball, Dominik Budic ist auf Ballh\u00f6he. Foto: FVBV.\u00a0\u00a0<\/figcaption><\/figure>\n<h4>FV Bad Vilbel &#8211; SV M\u00fcnster 1:1 (1:0)<\/h4>\n<p><img loading=\"lazy\" decoding=\"async\" class=\"alignnone size-full wp-image-146\" src=\"http:\/\/insideamateurfussball-ffm.de\/wp-content\/uploads\/2022\/05\/FV-Bad-Vilbel.jpg\" alt=\"\" width=\"80\" height=\"80\" \/><img loading=\"lazy\" decoding=\"async\" class=\"alignnone size-full wp-image-577\" src=\"http:\/\/insideamateurfussball-ffm.de\/wp-content\/uploads\/2022\/06\/Muenster.jpg\" alt=\"\" width=\"72\" height=\"80\" \/><\/p>\n<p><span style=\"color: #0000ff;\">Es ging einzig und allein darum, drei Punkte zu holen. Dass M\u00fcnster die Gastgeber nicht mehr wird einholen k\u00f6nnen, war schon vorher klar. Niklas Kraus, dessen Wechsel zu Hessenligist T\u00fcrk G\u00fcc\u00fc Friedberg feststeht, zirkelte einen Freisto\u00df an die Latte (34.) und brachte den FV nach einer guten Kombination in F\u00fchrung (64.). Das h\u00e4tte reichen k\u00f6nnen, wenn St\u00fcrmer Flakron Thaci eine von zwei M\u00f6glichkeiten zum 2:0 genutzt h\u00e4tte.<\/span><\/p>\n<h4>N\u00e4chsten Freitag wieder Heimspiel, diesmal gegen die TS Ober-Roden<\/h4>\n<p><span style=\"color: #0000ff;\">So kam M\u00fcnster, das sich beim Klassenerhalt aller &#8222;S\u00fcd-Vereine&#8220; in der Hessenliga noch via Relegation retten k\u00f6nnte, per Traumfreisto\u00df durch Arian Sahitolli in Unterzahl zum 1:1 (88.). Zuvor hatte Teamkollege Tareq Hamed (84.) Gelb-Rot gesehen. Kurz vor dem Abpfiff wurde auch dessen Bruder Anas Hamed vom Platz gestellt (90.\/+5). Jetzt m\u00fcssen die Gr\u00fcn-Wei\u00dfen unter der Leitung von Trainer Roland Stipp die Ergebnisse der Konkurrenten abwarten und es n\u00e4chsten Freitag in der Heimpartie gegen die TS Ober-Roden besser machen.\u00a0<\/span><\/p>\n<h4>Schiedsrichter: Elias Appel (Burghaun). Zuschauer: 100.<\/h4>\n<h4>Tore: 1:0 Niklas Kraus (64..), 1:1 Arian Sahitolli (88.).<\/h4>\n","protected":false},"excerpt":{"rendered":"<p>Der FV Bad Vilbel kam am Freitagabend in der Verbandsliga S\u00fcd gegen den 19 Punkte weniger aufweisenden SV M\u00fcnster nicht \u00fcber ein 1:1 (0:0) hinaus. Kurz vor Schluss gelang den G\u00e4sten aus dem Kreis Dieburg noch der Ausgleich. FV Bad Vilbel &#8211; SV M\u00fcnster 1:1 (1:0) Es ging einzig und allein darum, drei Punkte zu [&hellip;]<\/p>\n","protected":false},"author":1,"featured_media":7602,"comment_status":"open","ping_status":"open","sticky":false,"template":"","format":"standard","meta":{"footnotes":""},"categories":[10],"tags":[],"class_list":["post-7601","post","type-post","status-publish","format-standard","has-post-thumbnail","hentry","category-verbandsliga-sued"],"_links":{"self":[{"href":"https:\/\/insideamateurfussball-ffm.de\/index.php?rest_route=\/wp\/v2\/posts\/7601","targetHints":{"allow":["GET"]}}],"collection":[{"href":"https:\/\/insideamateurfussball-ffm.de\/index.php?rest_route=\/wp\/v2\/posts"}],"about":[{"href":"https:\/\/insideamateurfussball-ffm.de\/index.php?rest_route=\/wp\/v2\/types\/post"}],"author":[{"embeddable":true,"href":"https:\/\/insideamateurfussball-ffm.de\/index.php?rest_route=\/wp\/v2\/users\/1"}],"replies":[{"embeddable":true,"href":"https:\/\/insideamateurfussball-ffm.de\/index.php?rest_route=%2Fwp%2Fv2%2Fcomments&post=7601"}],"version-history":[{"count":1,"href":"https:\/\/insideamateurfussball-ffm.de\/index.php?rest_route=\/wp\/v2\/posts\/7601\/revisions"}],"predecessor-version":[{"id":7603,"href":"https:\/\/insideamateurfussball-ffm.de\/index.php?rest_route=\/wp\/v2\/posts\/7601\/revisions\/7603"}],"wp:featuredmedia":[{"embeddable":true,"href":"https:\/\/insideamateurfussball-ffm.de\/index.php?rest_route=\/wp\/v2\/media\/7602"}],"wp:attachment":[{"href":"https:\/\/insideamateurfussball-ffm.de\/index.php?rest_route=%2Fwp%2Fv2%2Fmedia&parent=7601"}],"wp:term":[{"taxonomy":"category","embeddable":true,"href":"https:\/\/insideamateurfussball-ffm.de\/index.php?rest_route=%2Fwp%2Fv2%2Fcategories&post=7601"},{"taxonomy":"post_tag","embeddable":true,"href":"https:\/\/insideamateurfussball-ffm.de\/index.php?rest_route=%2Fwp%2Fv2%2Ftags&post=7601"}],"curies":[{"name":"wp","href":"https:\/\/api.w.org\/{rel}","templated":true}]}}