{"id":7594,"date":"2023-04-29T23:52:12","date_gmt":"2023-04-29T21:52:12","guid":{"rendered":"http:\/\/insideamateurfussball-ffm.de\/?p=7594"},"modified":"2025-01-25T14:47:17","modified_gmt":"2025-01-25T13:47:17","slug":"eintracht-ii-zieht-mit-100-saisontoren-davon","status":"publish","type":"post","link":"https:\/\/insideamateurfussball-ffm.de\/?p=7594","title":{"rendered":"Eintracht II zieht mit 100 Saisontoren davon"},"content":{"rendered":"<h4>Die U21 von Eintracht Frankfurt hat am Freitagabend in der Hessenliga dank einer Leistungssteigerung und zwei Toren kurz nach der Pause den n\u00e4chsten Schritt in Richtung Meisterschaft und den damit verbundenen Aufstieg in die Regionalliga S\u00fcdwest get\u00e4tigt. Durch das 2:0 (0:0) gegen den 1. FC Erlensee hat die Zweitvertretung der SGE mindestens die Teilnahme an der Aufstiegsrunde sicher.<\/h4>\n<figure id=\"attachment_7595\" aria-describedby=\"caption-attachment-7595\" style=\"width: 2048px\" class=\"wp-caption alignnone\"><img loading=\"lazy\" decoding=\"async\" class=\"wp-image-7595 size-full\" src=\"http:\/\/insideamateurfussball-ffm.de\/wp-content\/uploads\/2023\/04\/gewi.jpg\" alt=\"\" width=\"2048\" height=\"1536\" srcset=\"https:\/\/insideamateurfussball-ffm.de\/wp-content\/uploads\/2023\/04\/gewi.jpg 2048w, https:\/\/insideamateurfussball-ffm.de\/wp-content\/uploads\/2023\/04\/gewi-300x225.jpg 300w, https:\/\/insideamateurfussball-ffm.de\/wp-content\/uploads\/2023\/04\/gewi-1024x768.jpg 1024w, https:\/\/insideamateurfussball-ffm.de\/wp-content\/uploads\/2023\/04\/gewi-768x576.jpg 768w, https:\/\/insideamateurfussball-ffm.de\/wp-content\/uploads\/2023\/04\/gewi-1536x1152.jpg 1536w\" sizes=\"auto, (max-width: 2048px) 100vw, 2048px\" \/><figcaption id=\"caption-attachment-7595\" class=\"wp-caption-text\">Dunkle Wolken am Horizont. Das Gewitter entlud sich aber nicht \u00fcber Dreieich-Sprendlingen. Foto: PA.<\/figcaption><\/figure>\n<h4>Eintracht Frankfurt II &#8211; 1. FC Erlensee 2:0 (0:0)<\/h4>\n<p><img loading=\"lazy\" decoding=\"async\" class=\"alignnone size-full wp-image-836\" src=\"http:\/\/insideamateurfussball-ffm.de\/wp-content\/uploads\/2022\/06\/SGE.jpg\" alt=\"\" width=\"79\" height=\"80\" \/><img loading=\"lazy\" decoding=\"async\" class=\"alignnone size-full wp-image-1168\" src=\"http:\/\/insideamateurfussball-ffm.de\/wp-content\/uploads\/2022\/07\/Erlensee.jpg\" alt=\"\" width=\"66\" height=\"80\" \/><\/p>\n<div><span style=\"color: #0000ff;\">Die junge Mannschaft aus dem Kreis Hanau lieferte dem Favoriten aber besonders im ersten Abschnitt viel Gegenwehr. Eindrucksvoll bewiesen die G\u00e4ste, warum sie nach der Winterpause 20 Punkte gesammelt haben und trotz dieser Niederlage weiter gute Chancen auf den Klassenerhalt besitzen. Erlensee stand kompakt uns setzte auf Konter. Die G\u00e4ste lie\u00dfen dabei sehr wenige M\u00f6glichkeiten der Frankfurter zu, die zun\u00e4chst kaum ins Spiel fanden. Die erste Chance der Gastgeber bereitete Harpreet Ghotra vor. Sein Zuspiel auf Mehdi Loune sorgte erstmals f\u00fcr Torgefahr, doch Lounes Abschluss ging \u00fcber das Tor. <\/span><\/div>\n<div><span style=\"color: #0000ff;\">Auf der Gegenseite leistete sich Eintracht-Torh\u00fcter Simon Simoni einen Lapsus, spielte Nico Damm in den Fu\u00df, dessen Schuss am Tor vorbei strich. Nach dem Seitenwechsel sollten zwei Spielerwechsel &#8211; Abassin Alikhil und Nino Cassaniti kamen f\u00fcr Ghotra und Divaio Bobson &#8211; f\u00fcr mehr Schwung sorgen. <\/span><span style=\"color: #0000ff;\">Letztlich reichten dann die zwei Tore in ganz kurzer Folge f\u00fcr den zehnten Heimsieg in Folge. Loune setzte Nacho in Szene, der in dieser Woche vom spanischen Fu\u00dfball-Verband eine Einladung f\u00fcr die U19-Nationalelf erhielt.<\/span><\/div>\n<h4>Eintracht gibt Vorsprung nicht mehr her<\/h4>\n<div>\n<div><span style=\"color: #0000ff;\">Der St\u00fcrmer behielt die Ruhe und \u00fcberwand FCE-Torwart Tim Kuhl flach zum 1:0 (52.). Kurz darauf war Innenverteidiger Ben-Luca Fisher zur Stelle und es stand 2:0 (55.). Es war das 100. Saisontor der Eintracht U21 in dieser Saison. Die Eintracht war wieder in Normalform und gab diesen Vorsprung nicht mehr her. Die G\u00e4ste, die sich insgesamt gut aus der Aff\u00e4re zogen, hatten noch einen Abschluss durch Damm. Ansonsten spielten es die Frankfurter in gewohnter Manier herunter. Trainer Kristjan Glibo war hinterher sicher: &#8222;Wir h\u00e4tten schon fr\u00fch in F\u00fchrung gehen k\u00f6nnen, dann spielt es sich leichter von der Hand. Wir haben das Spiel aber kontrolliert und in der zweiten Halbzeit die Tore gemacht. Danach h\u00e4tte ich mir mehr Ballsicherheit gew\u00fcnscht. Wir haben wenig zugelassen, am Sechzehner war Schluss. Ich denke, es war ein verdienter Sieg.&#8220; <\/span><\/div>\n<div>\u00a0<\/div>\n<div><span style=\"color: #0000ff;\">Erlensee-Trainer Jochen Breideband sagte: &#8222;Es war ordentlich, das reicht aber nicht f\u00fcr eine \u00dcberraschung. Dieses letzte Qu\u00e4ntchen, um den Favoriten richtig zu \u00e4rgern, hat gefehlt. Wir haben gut verteidigt, aber das Spiel nach vorne war qualitativ nicht so gut, um Druck aufzubauen. Das war eine Spur zu nett, da h\u00e4tten wir einen Tick frecher sein k\u00f6nnen.&#8220;<\/span><\/div>\n<\/div>\n<div>\u00a0<\/div>\n<h4>Schiedsrichter: Jannis J\u00e4schke (SG Nieder-Roden). Zuschauer: 1057.<\/h4>\n<h4>Tore: 1:0 Nacho Ferri (52.), 2:0 Ben-Luca Fisher (55.).\u00a0\u00a0<\/h4>\n\n\n<figure class=\"wp-block-image size-large is-style-rounded\"><img loading=\"lazy\" decoding=\"async\" width=\"1024\" height=\"768\" src=\"http:\/\/insideamateurfussball-ffm.de\/wp-content\/uploads\/2023\/04\/eintracht-1-1024x768.jpg\" alt=\"\" class=\"wp-image-7596\" srcset=\"https:\/\/insideamateurfussball-ffm.de\/wp-content\/uploads\/2023\/04\/eintracht-1-1024x768.jpg 1024w, https:\/\/insideamateurfussball-ffm.de\/wp-content\/uploads\/2023\/04\/eintracht-1-300x225.jpg 300w, https:\/\/insideamateurfussball-ffm.de\/wp-content\/uploads\/2023\/04\/eintracht-1-768x576.jpg 768w, https:\/\/insideamateurfussball-ffm.de\/wp-content\/uploads\/2023\/04\/eintracht-1-1536x1152.jpg 1536w, https:\/\/insideamateurfussball-ffm.de\/wp-content\/uploads\/2023\/04\/eintracht-1.jpg 2048w\" sizes=\"auto, (max-width: 1024px) 100vw, 1024px\" \/><\/figure>\n\n\n\n<figure class=\"wp-block-image size-large is-style-rounded\"><img loading=\"lazy\" decoding=\"async\" width=\"1024\" height=\"768\" src=\"http:\/\/insideamateurfussball-ffm.de\/wp-content\/uploads\/2023\/04\/eitracht-2-1024x768.jpg\" alt=\"\" class=\"wp-image-7597\" srcset=\"https:\/\/insideamateurfussball-ffm.de\/wp-content\/uploads\/2023\/04\/eitracht-2-1024x768.jpg 1024w, https:\/\/insideamateurfussball-ffm.de\/wp-content\/uploads\/2023\/04\/eitracht-2-300x225.jpg 300w, https:\/\/insideamateurfussball-ffm.de\/wp-content\/uploads\/2023\/04\/eitracht-2-768x576.jpg 768w, https:\/\/insideamateurfussball-ffm.de\/wp-content\/uploads\/2023\/04\/eitracht-2-1536x1152.jpg 1536w, https:\/\/insideamateurfussball-ffm.de\/wp-content\/uploads\/2023\/04\/eitracht-2.jpg 2048w\" sizes=\"auto, (max-width: 1024px) 100vw, 1024px\" \/><\/figure>\n\n\n\n<figure class=\"wp-block-image size-large is-style-rounded\"><img loading=\"lazy\" decoding=\"async\" width=\"1024\" height=\"768\" src=\"http:\/\/insideamateurfussball-ffm.de\/wp-content\/uploads\/2023\/04\/eintracht-3-1024x768.jpg\" alt=\"\" class=\"wp-image-7598\" srcset=\"https:\/\/insideamateurfussball-ffm.de\/wp-content\/uploads\/2023\/04\/eintracht-3-1024x768.jpg 1024w, https:\/\/insideamateurfussball-ffm.de\/wp-content\/uploads\/2023\/04\/eintracht-3-300x225.jpg 300w, https:\/\/insideamateurfussball-ffm.de\/wp-content\/uploads\/2023\/04\/eintracht-3-768x576.jpg 768w, https:\/\/insideamateurfussball-ffm.de\/wp-content\/uploads\/2023\/04\/eintracht-3-1536x1152.jpg 1536w, https:\/\/insideamateurfussball-ffm.de\/wp-content\/uploads\/2023\/04\/eintracht-3.jpg 2048w\" sizes=\"auto, (max-width: 1024px) 100vw, 1024px\" \/><\/figure>\n\n\n\n<figure class=\"wp-block-image size-large is-style-rounded\"><img loading=\"lazy\" decoding=\"async\" width=\"1024\" height=\"768\" src=\"http:\/\/insideamateurfussball-ffm.de\/wp-content\/uploads\/2023\/04\/Eintacht-4-1024x768.jpg\" alt=\"\" class=\"wp-image-7599\" srcset=\"https:\/\/insideamateurfussball-ffm.de\/wp-content\/uploads\/2023\/04\/Eintacht-4-1024x768.jpg 1024w, https:\/\/insideamateurfussball-ffm.de\/wp-content\/uploads\/2023\/04\/Eintacht-4-300x225.jpg 300w, https:\/\/insideamateurfussball-ffm.de\/wp-content\/uploads\/2023\/04\/Eintacht-4-768x576.jpg 768w, https:\/\/insideamateurfussball-ffm.de\/wp-content\/uploads\/2023\/04\/Eintacht-4-1536x1152.jpg 1536w, https:\/\/insideamateurfussball-ffm.de\/wp-content\/uploads\/2023\/04\/Eintacht-4.jpg 2048w\" sizes=\"auto, (max-width: 1024px) 100vw, 1024px\" \/><\/figure>\n","protected":false},"excerpt":{"rendered":"<p>Die U21 von Eintracht Frankfurt hat am Freitagabend in der Hessenliga dank einer Leistungssteigerung und zwei Toren kurz nach der Pause den n\u00e4chsten Schritt in Richtung Meisterschaft und den damit verbundenen Aufstieg in die Regionalliga S\u00fcdwest get\u00e4tigt. Durch das 2:0 (0:0) gegen den 1. FC Erlensee hat die Zweitvertretung der SGE mindestens die Teilnahme an [&hellip;]<\/p>\n","protected":false},"author":1,"featured_media":7595,"comment_status":"open","ping_status":"open","sticky":false,"template":"","format":"standard","meta":{"footnotes":""},"categories":[8],"tags":[],"class_list":["post-7594","post","type-post","status-publish","format-standard","has-post-thumbnail","hentry","category-hessenliga"],"_links":{"self":[{"href":"https:\/\/insideamateurfussball-ffm.de\/index.php?rest_route=\/wp\/v2\/posts\/7594","targetHints":{"allow":["GET"]}}],"collection":[{"href":"https:\/\/insideamateurfussball-ffm.de\/index.php?rest_route=\/wp\/v2\/posts"}],"about":[{"href":"https:\/\/insideamateurfussball-ffm.de\/index.php?rest_route=\/wp\/v2\/types\/post"}],"author":[{"embeddable":true,"href":"https:\/\/insideamateurfussball-ffm.de\/index.php?rest_route=\/wp\/v2\/users\/1"}],"replies":[{"embeddable":true,"href":"https:\/\/insideamateurfussball-ffm.de\/index.php?rest_route=%2Fwp%2Fv2%2Fcomments&post=7594"}],"version-history":[{"count":1,"href":"https:\/\/insideamateurfussball-ffm.de\/index.php?rest_route=\/wp\/v2\/posts\/7594\/revisions"}],"predecessor-version":[{"id":7600,"href":"https:\/\/insideamateurfussball-ffm.de\/index.php?rest_route=\/wp\/v2\/posts\/7594\/revisions\/7600"}],"wp:featuredmedia":[{"embeddable":true,"href":"https:\/\/insideamateurfussball-ffm.de\/index.php?rest_route=\/wp\/v2\/media\/7595"}],"wp:attachment":[{"href":"https:\/\/insideamateurfussball-ffm.de\/index.php?rest_route=%2Fwp%2Fv2%2Fmedia&parent=7594"}],"wp:term":[{"taxonomy":"category","embeddable":true,"href":"https:\/\/insideamateurfussball-ffm.de\/index.php?rest_route=%2Fwp%2Fv2%2Fcategories&post=7594"},{"taxonomy":"post_tag","embeddable":true,"href":"https:\/\/insideamateurfussball-ffm.de\/index.php?rest_route=%2Fwp%2Fv2%2Ftags&post=7594"}],"curies":[{"name":"wp","href":"https:\/\/api.w.org\/{rel}","templated":true}]}}