{"id":7588,"date":"2023-04-29T22:59:35","date_gmt":"2023-04-29T20:59:35","guid":{"rendered":"http:\/\/insideamateurfussball-ffm.de\/?p=7588"},"modified":"2025-01-25T14:47:23","modified_gmt":"2025-01-25T13:47:23","slug":"friedberg-gibt-vier-neuverpflichtungen-bekannt","status":"publish","type":"post","link":"https:\/\/insideamateurfussball-ffm.de\/?p=7588","title":{"rendered":"Friedberg gibt vier Neuverpflichtungen bekannt"},"content":{"rendered":"<h4>Vor dem 1:1 beim Tabellenzweiten FC Gie\u00dfen hat Hessenligist T\u00fcrk G\u00fcc\u00fc Friedberg in dieser Woche vier Neuverpflichtungen bekannt gegeben. Unter dem Quartett ist auch der zweitbeste Torsch\u00fctze von Gruppenligist Spvgg. Fechenheim dabei.\u00a0<\/h4>\n<figure id=\"attachment_7589\" aria-describedby=\"caption-attachment-7589\" style=\"width: 1080px\" class=\"wp-caption alignnone\"><img loading=\"lazy\" decoding=\"async\" class=\"wp-image-7589 size-full\" src=\"http:\/\/insideamateurfussball-ffm.de\/wp-content\/uploads\/2023\/04\/Pedace.jpg\" alt=\"\" width=\"1080\" height=\"1080\" srcset=\"https:\/\/insideamateurfussball-ffm.de\/wp-content\/uploads\/2023\/04\/Pedace.jpg 1080w, https:\/\/insideamateurfussball-ffm.de\/wp-content\/uploads\/2023\/04\/Pedace-300x300.jpg 300w, https:\/\/insideamateurfussball-ffm.de\/wp-content\/uploads\/2023\/04\/Pedace-1024x1024.jpg 1024w, https:\/\/insideamateurfussball-ffm.de\/wp-content\/uploads\/2023\/04\/Pedace-150x150.jpg 150w, https:\/\/insideamateurfussball-ffm.de\/wp-content\/uploads\/2023\/04\/Pedace-768x768.jpg 768w\" sizes=\"auto, (max-width: 1080px) 100vw, 1080px\" \/><figcaption id=\"caption-attachment-7589\" class=\"wp-caption-text\">Giovanbattista Pedace erzielte bislang 17 Treffer f\u00fcr die Spvgg. Fechenheim. Foto\/Grafik: TGF.<\/figcaption><\/figure>\n<p><img loading=\"lazy\" decoding=\"async\" class=\"alignnone size-full wp-image-155\" src=\"http:\/\/insideamateurfussball-ffm.de\/wp-content\/uploads\/2022\/05\/TGF.jpg\" alt=\"\" width=\"76\" height=\"80\" \/><\/p>\n<p><span style=\"color: #0000ff;\">Der von Trainer Enis Dzihic trainierte Hessenligist aus der Wetterau, der die angestrebte Teilnahme an der Aufstiegsrunde zur Regionalliga S\u00fcdwest wohl verpasst hat und weiter f\u00fcnftklassig bleibt, hat vier neue Spieler in den Kader f\u00fcr die kommende Saison aufgenommen. Vom Ligakonkurrenten SV Rot-Wei\u00df Hadamar kommt der 25-j\u00e4hrige Mohamed Zouaoui ans Burgfeld, der f\u00fcr die abstiegsgef\u00e4hrdeten F\u00fcrstenst\u00e4dter in dieser Saison bislang zehnmal traf. <\/span><\/p>\n<p><span style=\"color: #0000ff;\">Der 25-j\u00e4hrige ist vornehmlich auf der linken Seite beheimatet und kann sowohl in der Abwehr, als auch im Mittelfeld spielen. Vom Verbandsligisten FV Bad Vilbel wechselt Niklas Kraus zu TGF. Der 24-j\u00e4hrige Mittelfeldspieler, der auch im Sturm spielen kann, wurde erst letzten Sommer von der SG Ober-Erlenbach an das Niddasportfeld geholt. Das Abenteuer Hessenliga geht er ab Juli mit den Friedbergern an.<\/span><\/p>\n<h4>Buscemi kommt aus K\u00f6nigstein<\/h4>\n<p><span style=\"color: #0000ff;\">Aus der Gruppenliga Frankfurt West kommt mit Giovanbattista Pedace der zweitbeste Torsch\u00fctze der Spvgg. Fechenheim. Nach Kamil Yikilmaz (wechselte vor einem Jahr schon nach Friedberg und avancierte dort zum Stammspieler) und Vincenzo Borzellino (letzten Sommer zu den Sportfreunden Friedrichsdorf) verliert Fechenheim innerhalb eines knappen Jahres seinen dritten Leistungstr\u00e4ger. F\u00fcr Fechenheims Vereinschef Reinhold Schmidt eine Best\u00e4tigung der guten Arbeit: &#8222;F\u00fcr uns ist das eine tolle Situation, dass unsere Spieler sich hier gut entwickeln und dann die Chance bekommen, sich in der Hessenliga zu beweisen.&#8220; <\/span><\/p>\n<p><span style=\"color: #0000ff;\">Vom 1. FC-TSG K\u00f6nigstein kommt Fabio Buscemi. Der 19-j\u00e4hrige Italiener ist durch seine Schnelligkeit ein gro\u00dfes Talent f\u00fcr die Hessenliga. &#8222;Ich habe im Training schnell gemerkt was f\u00fcr eine tolle Mannschaft sowohl menschlich als auch sportlich das ist , mir war dann sofort klar, dass ich hier unglaublich viel lernen kann\u201c, so Buscemi.<\/span><\/p>\n<p>\u00a0<\/p>\n\n\n<figure class=\"wp-block-image size-large is-style-rounded\"><img loading=\"lazy\" decoding=\"async\" width=\"1024\" height=\"1024\" src=\"http:\/\/insideamateurfussball-ffm.de\/wp-content\/uploads\/2023\/04\/Kraus-1024x1024.jpg\" alt=\"\" class=\"wp-image-7590\" srcset=\"https:\/\/insideamateurfussball-ffm.de\/wp-content\/uploads\/2023\/04\/Kraus-1024x1024.jpg 1024w, https:\/\/insideamateurfussball-ffm.de\/wp-content\/uploads\/2023\/04\/Kraus-300x300.jpg 300w, https:\/\/insideamateurfussball-ffm.de\/wp-content\/uploads\/2023\/04\/Kraus-150x150.jpg 150w, https:\/\/insideamateurfussball-ffm.de\/wp-content\/uploads\/2023\/04\/Kraus-768x768.jpg 768w, https:\/\/insideamateurfussball-ffm.de\/wp-content\/uploads\/2023\/04\/Kraus.jpg 1080w\" sizes=\"auto, (max-width: 1024px) 100vw, 1024px\" \/><\/figure>\n\n\n\n<figure class=\"wp-block-gallery has-nested-images columns-default is-cropped wp-block-gallery-1 is-layout-flex wp-block-gallery-is-layout-flex\">\n<figure class=\"wp-block-image size-large is-style-rounded\"><img loading=\"lazy\" decoding=\"async\" width=\"1024\" height=\"1024\" data-id=\"7591\" src=\"http:\/\/insideamateurfussball-ffm.de\/wp-content\/uploads\/2023\/04\/zouaoui.jpg\" alt=\"\" class=\"wp-image-7591\" srcset=\"https:\/\/insideamateurfussball-ffm.de\/wp-content\/uploads\/2023\/04\/zouaoui.jpg 1024w, https:\/\/insideamateurfussball-ffm.de\/wp-content\/uploads\/2023\/04\/zouaoui-300x300.jpg 300w, https:\/\/insideamateurfussball-ffm.de\/wp-content\/uploads\/2023\/04\/zouaoui-150x150.jpg 150w, https:\/\/insideamateurfussball-ffm.de\/wp-content\/uploads\/2023\/04\/zouaoui-768x768.jpg 768w\" sizes=\"auto, (max-width: 1024px) 100vw, 1024px\" \/><\/figure>\n<\/figure>\n\n\n\n<figure class=\"wp-block-image size-large is-style-rounded\"><img loading=\"lazy\" decoding=\"async\" width=\"1024\" height=\"1024\" src=\"http:\/\/insideamateurfussball-ffm.de\/wp-content\/uploads\/2023\/04\/buscemi-1024x1024.jpg\" alt=\"\" class=\"wp-image-7592\" srcset=\"https:\/\/insideamateurfussball-ffm.de\/wp-content\/uploads\/2023\/04\/buscemi-1024x1024.jpg 1024w, https:\/\/insideamateurfussball-ffm.de\/wp-content\/uploads\/2023\/04\/buscemi-300x300.jpg 300w, https:\/\/insideamateurfussball-ffm.de\/wp-content\/uploads\/2023\/04\/buscemi-150x150.jpg 150w, https:\/\/insideamateurfussball-ffm.de\/wp-content\/uploads\/2023\/04\/buscemi-768x768.jpg 768w, https:\/\/insideamateurfussball-ffm.de\/wp-content\/uploads\/2023\/04\/buscemi.jpg 1080w\" sizes=\"auto, (max-width: 1024px) 100vw, 1024px\" \/><\/figure>\n","protected":false},"excerpt":{"rendered":"<p>Vor dem 1:1 beim Tabellenzweiten FC Gie\u00dfen hat Hessenligist T\u00fcrk G\u00fcc\u00fc Friedberg in dieser Woche vier Neuverpflichtungen bekannt gegeben. Unter dem Quartett ist auch der zweitbeste Torsch\u00fctze von Gruppenligist Spvgg. Fechenheim dabei.\u00a0 Der von Trainer Enis Dzihic trainierte Hessenligist aus der Wetterau, der die angestrebte Teilnahme an der Aufstiegsrunde zur Regionalliga S\u00fcdwest wohl verpasst hat [&hellip;]<\/p>\n","protected":false},"author":1,"featured_media":7589,"comment_status":"open","ping_status":"open","sticky":false,"template":"","format":"standard","meta":{"footnotes":""},"categories":[8],"tags":[],"class_list":["post-7588","post","type-post","status-publish","format-standard","has-post-thumbnail","hentry","category-hessenliga"],"_links":{"self":[{"href":"https:\/\/insideamateurfussball-ffm.de\/index.php?rest_route=\/wp\/v2\/posts\/7588","targetHints":{"allow":["GET"]}}],"collection":[{"href":"https:\/\/insideamateurfussball-ffm.de\/index.php?rest_route=\/wp\/v2\/posts"}],"about":[{"href":"https:\/\/insideamateurfussball-ffm.de\/index.php?rest_route=\/wp\/v2\/types\/post"}],"author":[{"embeddable":true,"href":"https:\/\/insideamateurfussball-ffm.de\/index.php?rest_route=\/wp\/v2\/users\/1"}],"replies":[{"embeddable":true,"href":"https:\/\/insideamateurfussball-ffm.de\/index.php?rest_route=%2Fwp%2Fv2%2Fcomments&post=7588"}],"version-history":[{"count":2,"href":"https:\/\/insideamateurfussball-ffm.de\/index.php?rest_route=\/wp\/v2\/posts\/7588\/revisions"}],"predecessor-version":[{"id":7909,"href":"https:\/\/insideamateurfussball-ffm.de\/index.php?rest_route=\/wp\/v2\/posts\/7588\/revisions\/7909"}],"wp:featuredmedia":[{"embeddable":true,"href":"https:\/\/insideamateurfussball-ffm.de\/index.php?rest_route=\/wp\/v2\/media\/7589"}],"wp:attachment":[{"href":"https:\/\/insideamateurfussball-ffm.de\/index.php?rest_route=%2Fwp%2Fv2%2Fmedia&parent=7588"}],"wp:term":[{"taxonomy":"category","embeddable":true,"href":"https:\/\/insideamateurfussball-ffm.de\/index.php?rest_route=%2Fwp%2Fv2%2Fcategories&post=7588"},{"taxonomy":"post_tag","embeddable":true,"href":"https:\/\/insideamateurfussball-ffm.de\/index.php?rest_route=%2Fwp%2Fv2%2Ftags&post=7588"}],"curies":[{"name":"wp","href":"https:\/\/api.w.org\/{rel}","templated":true}]}}