{"id":7583,"date":"2023-04-27T22:32:17","date_gmt":"2023-04-27T20:32:17","guid":{"rendered":"http:\/\/insideamateurfussball-ffm.de\/?p=7583"},"modified":"2025-01-25T14:47:29","modified_gmt":"2025-01-25T13:47:29","slug":"sportfreunde-tendenziell-weiter-verbandsliga","status":"publish","type":"post","link":"https:\/\/insideamateurfussball-ffm.de\/?p=7583","title":{"rendered":"Sportfreunde: Tendenziell weiter Verbandsliga"},"content":{"rendered":"<h4>Viel war auf den Sportpl\u00e4tzen zuletzt debattiert worden \u00fcber einen m\u00f6glichen freiwilligen Abstieg des FFV Sportfreunde 04 in die Gruppenliga Frankfurt West oder gar einen R\u00fcckzug bis in die Kreisoberliga Frankfurt. Doch nun hat der neue Sportchef Wolfgang Kr\u00f6nung ein Machtwort gesprochen und verk\u00fcndet, dass bereits die Planungen f\u00fcr die sechste Verbandsliga-Saison in Folge angelaufen sind.<\/h4>\n<figure id=\"attachment_7584\" aria-describedby=\"caption-attachment-7584\" style=\"width: 309px\" class=\"wp-caption alignnone\"><img loading=\"lazy\" decoding=\"async\" class=\"wp-image-7584\" src=\"http:\/\/insideamateurfussball-ffm.de\/wp-content\/uploads\/2023\/04\/VL-Sued-FFV-300x225.jpg\" alt=\"\" width=\"309\" height=\"232\" srcset=\"https:\/\/insideamateurfussball-ffm.de\/wp-content\/uploads\/2023\/04\/VL-Sued-FFV-300x225.jpg 300w, https:\/\/insideamateurfussball-ffm.de\/wp-content\/uploads\/2023\/04\/VL-Sued-FFV-768x576.jpg 768w, https:\/\/insideamateurfussball-ffm.de\/wp-content\/uploads\/2023\/04\/VL-Sued-FFV.jpg 960w\" sizes=\"auto, (max-width: 309px) 100vw, 309px\" \/><figcaption id=\"caption-attachment-7584\" class=\"wp-caption-text\">Dieses Plakat soll weiter im Bestand bleiben. Foto: PA.\u00a0 \u00a0\u00a0<\/figcaption><\/figure>\n<p><img loading=\"lazy\" decoding=\"async\" class=\"alignnone size-full wp-image-141\" src=\"http:\/\/insideamateurfussball-ffm.de\/wp-content\/uploads\/2022\/05\/Speuzer.jpg\" alt=\"\" width=\"80\" height=\"80\" \/><\/p>\n<p><span style=\"color: #0000ff;\">Trotz reduziertem Budget soll in der kommenden Saison weiter Verbandsliga-Fu\u00dfball an der Mainzer Landstra\u00dfe angeboten werden. Obwohl Trainer Artug \u00d6zbakir zum Saisonende geht und sich wohl Teile der aktuellen Mannschaft anderen Vereinen anschlie\u00dfen werden, stellte Kr\u00f6nung am Rande des Spiels bei Hanau 1960 klar: &#8222;Wir ziehen nicht zur\u00fcck, sondern wollen weiter &#8211; den Klassenerhalt vorausgesetzt &#8211; in der Verbandsliga spielen.&#8220; Priorit\u00e4t habe nun die Verpflichtung eines neuen Trainers. Hier sei Kr\u00f6nung, der als alter &#8222;Speuzer&#8220; schon zu fr\u00fcheren Zeiten als Spielausschuss fungierte und jetzt die Aufgaben des in Spanien residierenden Udo Felder \u00fcbernommen hat, schon in &#8222;abschlie\u00dfenden Gespr\u00e4chen mit zwei Kandidaten.&#8220; <\/span><\/p>\n<p><span style=\"color: #0000ff;\">Felder hatte sich am letzten Wochenende aus Gran Canaria via Sprachnotiz zu Wort gemeldet und die Sachlage erkl\u00e4rt: &#8222;Ich habe schon vor \u00fcber einem Jahr gesagt, dass das meine letzte Saison ist. Das Problem ist nun, dass von den sechs Gro\u00dfsponsoren nur einer bleibt, da die anderen f\u00fcnf ihr Engagement an die Bedingung gekn\u00fcpft haben, dass ich die Hauptverantwortung trage.&#8220; Die Situation habe den Vorstand also keineswegs unvorbereitet getroffen. Kr\u00f6nung ist guter Dinge, trotz der K\u00fcrzungen eine wettbewerbsf\u00e4hige Mannschaft zusammenstellen zu k\u00f6nnen: &#8222;Nat\u00fcrlich wissen wir, dass es so schwer wird, in der Klasse zu bleiben. Wir bieten aber jungen Spielern die M\u00f6glichkeit, in der Verbandsliga zu spielen.&#8220;<\/span><\/p>\n<blockquote>\n<h4>&#8222;Wolfgang Kr\u00f6nung und Uwe Kornd\u00f6rfer halten den Spielbetrieb bei den Sportfreunden aufrecht&#8220; (Udo Felder)<\/h4>\n<\/blockquote>\n<p><span style=\"color: #0000ff;\">Tats\u00e4chlich h\u00e4tten sich schon Fu\u00dfballer gemeldet, um sich den Sportfreunden f\u00fcr die kommende Runde anzuschlie\u00dfen, darunter ein Spieler aus der Verbandsliga Nord. Felder, der dem Club weiter aus der Ferne beratend bei Spielerverpflichtungen zur Seite steht, erkl\u00e4rte: &#8222;Ich habe dem Verein geraten, den R\u00fcckzug nicht anzutreten. Ich freue mich, dass mein Rat befolgt wurde. Wolfgang Kr\u00f6nung und Uwe Kornd\u00f6rfer halten den Spielbetrieb bei den Sportfreunden aufrecht. Der finanzielle Rahmen ist sehr viel kleiner und es ist klar, dass wir unsere Topleute nicht halten k\u00f6nnen.&#8220; <\/span><\/p>\n<p><span style=\"color: #0000ff;\">Torj\u00e4ger Giuseppe Signorelli sollen mehrere Angebote aus der Hessenliga vorliegen. Fl\u00fcgelspieler Bilal Zerouali wird mit Ligakonkurrent Rot-Wei\u00df Darmstadt in Verbindung gebracht. &#8222;Wir werden versuchen jungen Leuten die Verbandsliga als Sprungbrett schmackhaft zu machen und dann m\u00fcssen wir schauen, was dabei herauskommt&#8220;, so Felder. Der Verein hofft auch noch, dass vom aktuellen Kader, der eine oder andere Spieler aus Verbundenheit zum Verein, doch noch eine Zusage gibt.\u00a0<\/span><\/p>\n<h4><\/h4>\n","protected":false},"excerpt":{"rendered":"<p>Viel war auf den Sportpl\u00e4tzen zuletzt debattiert worden \u00fcber einen m\u00f6glichen freiwilligen Abstieg des FFV Sportfreunde 04 in die Gruppenliga Frankfurt West oder gar einen R\u00fcckzug bis in die Kreisoberliga Frankfurt. Doch nun hat der neue Sportchef Wolfgang Kr\u00f6nung ein Machtwort gesprochen und verk\u00fcndet, dass bereits die Planungen f\u00fcr die sechste Verbandsliga-Saison in Folge angelaufen [&hellip;]<\/p>\n","protected":false},"author":1,"featured_media":7584,"comment_status":"open","ping_status":"open","sticky":false,"template":"","format":"standard","meta":{"footnotes":""},"categories":[10],"tags":[],"class_list":["post-7583","post","type-post","status-publish","format-standard","has-post-thumbnail","hentry","category-verbandsliga-sued"],"_links":{"self":[{"href":"https:\/\/insideamateurfussball-ffm.de\/index.php?rest_route=\/wp\/v2\/posts\/7583","targetHints":{"allow":["GET"]}}],"collection":[{"href":"https:\/\/insideamateurfussball-ffm.de\/index.php?rest_route=\/wp\/v2\/posts"}],"about":[{"href":"https:\/\/insideamateurfussball-ffm.de\/index.php?rest_route=\/wp\/v2\/types\/post"}],"author":[{"embeddable":true,"href":"https:\/\/insideamateurfussball-ffm.de\/index.php?rest_route=\/wp\/v2\/users\/1"}],"replies":[{"embeddable":true,"href":"https:\/\/insideamateurfussball-ffm.de\/index.php?rest_route=%2Fwp%2Fv2%2Fcomments&post=7583"}],"version-history":[{"count":3,"href":"https:\/\/insideamateurfussball-ffm.de\/index.php?rest_route=\/wp\/v2\/posts\/7583\/revisions"}],"predecessor-version":[{"id":7587,"href":"https:\/\/insideamateurfussball-ffm.de\/index.php?rest_route=\/wp\/v2\/posts\/7583\/revisions\/7587"}],"wp:featuredmedia":[{"embeddable":true,"href":"https:\/\/insideamateurfussball-ffm.de\/index.php?rest_route=\/wp\/v2\/media\/7584"}],"wp:attachment":[{"href":"https:\/\/insideamateurfussball-ffm.de\/index.php?rest_route=%2Fwp%2Fv2%2Fmedia&parent=7583"}],"wp:term":[{"taxonomy":"category","embeddable":true,"href":"https:\/\/insideamateurfussball-ffm.de\/index.php?rest_route=%2Fwp%2Fv2%2Fcategories&post=7583"},{"taxonomy":"post_tag","embeddable":true,"href":"https:\/\/insideamateurfussball-ffm.de\/index.php?rest_route=%2Fwp%2Fv2%2Ftags&post=7583"}],"curies":[{"name":"wp","href":"https:\/\/api.w.org\/{rel}","templated":true}]}}