{"id":755,"date":"2022-06-14T15:02:41","date_gmt":"2022-06-14T15:02:41","guid":{"rendered":"http:\/\/insideamateurfussball-ffm.de\/?p=755"},"modified":"2025-01-03T18:17:57","modified_gmt":"2025-01-03T17:17:57","slug":"bsc-sw-19-beendet-runde-als-vizemeister","status":"publish","type":"post","link":"https:\/\/insideamateurfussball-ffm.de\/?p=755","title":{"rendered":"BSC SW 19 beendet Runde als Vizemeister"},"content":{"rendered":"<h5>BSC Schwarz-Wei\u00df 19<\/h5>\n<p><img loading=\"lazy\" decoding=\"async\" class=\"alignnone size-full wp-image-285\" src=\"http:\/\/insideamateurfussball-ffm.de\/wp-content\/uploads\/2022\/05\/BSC-19.jpg\" alt=\"\" width=\"80\" height=\"61\" \/><\/p>\n<figure id=\"attachment_757\" aria-describedby=\"caption-attachment-757\" style=\"width: 300px\" class=\"wp-caption alignnone\"><img loading=\"lazy\" decoding=\"async\" class=\"wp-image-757 size-medium\" src=\"http:\/\/insideamateurfussball-ffm.de\/wp-content\/uploads\/2022\/06\/Parwes-300x291.jpg\" alt=\"\" width=\"300\" height=\"291\" \/><figcaption id=\"caption-attachment-757\" class=\"wp-caption-text\">Parwes Naziri sitzt auch in der kommenden Saison auf dem BSC-Trainerstuhl. Sein Co-Trainer bleibt Gerardo de Maria. Foto: Katja Schnitzer.<\/figcaption><\/figure>\n<p>Der BSC Schwarz-Wei\u00df 19 \u00fcberholte durch den 3:2-Sieg in Bonames den 1. FC 02 R\u00f6delheim und beendete die Saison in der Kreisliga A auf dem zweiten Tabellenplatz. F\u00fcr die Meisterschaft und den damit verbundenen Aufstieg in die Kreisoberliga hat es indes trotz des Torverh\u00e4ltnisses von 140:54 nicht gelangt, da die SG Harheim mit zehn Punkten mehr einlief und im Saisonverlauf konstanter agierte. &#8222;Ein Lob an die Zuschauer und den Verein. Hier findet eine Entwicklung statt. Wir wollen uns Jahr f\u00fcr Jahr verbessern, junge Spieler f\u00f6rdern und solche aus der A-Jugend einbinden&#8220;, verdeutlicht Trainer Parwes Naziri.<\/p>\n<blockquote><p>&#8222;Das Vereinsleben l\u00e4uft im Amateurfu\u00dfball zu 80 Prozent \u00fcber Sozialarbeit&#8220; (BSC-Trainer Parwes Naziri)<\/p><\/blockquote>\n<p>Der bisherige Spielertrainer Alessandro Cavalera wechselt wie Torh\u00fcter Hasan Dal und Abwehrmann Kaan G\u00fcnes zu T\u00fcrk G\u00fcc\u00fc Friedberg in die Kreisoberliga Friedberg. Wichtig sind Naziri nicht nur sportliche Aspekte, sondern auch soziale Komponenten. &#8222;Der Umbau des Vereinsheims erfolgte in Eigenleistung. Unsere Spieler haben sich im Winter an Sozialprojekten f\u00fcr Obdachlose beteiligt. Das Vereinsleben l\u00e4uft im Amateurfu\u00dfball zu 80 Prozent \u00fcber Sozialarbeit&#8220;, sagt Naziri, der selbst Sozialarbeiter ist und bei zahlreichen Vereinen im Kreis gespielt hat, unter anderem bei der SG Bornheim.<\/p>\n<p>F\u00fcr die n\u00e4chste Saison steht schon ein Kader mit 24 Spielern. &#8222;Wir sind auf jeder Position doppelt besetzt, m\u00f6chten aber auch die 1b und 1c nicht vernachl\u00e4ssigen.&#8220; Die 2. Mannschaft spielte in der B-Klasse im oberen Drittel mit, die &#8222;Dritte&#8220; belegte in der C-Liga einen Mittelfeldplatz. Der frisch wiedergew\u00e4hlte Erste Vorsitzende Maxi B\u00fcge, der &#8222;ewig junge St\u00fcrmer&#8220; markierte in Bonames zwei Tore, den Siegtreffer erzielte der aus dem Hanauer Kreis bekannte Hicham Abdessadki.<\/p>\n<p>Der f\u00fchrt auch die interne Torsch\u00fctzenliste mit 27 Toren vor Fajes Fazel mit 26 Treffern an. B\u00fcge hat 25 mal getroffen und auch f\u00fcr die kommende Runde als Spieler zugesagt.<\/p>\n","protected":false},"excerpt":{"rendered":"<p>BSC Schwarz-Wei\u00df 19 Der BSC Schwarz-Wei\u00df 19 \u00fcberholte durch den 3:2-Sieg in Bonames den 1. FC 02 R\u00f6delheim und beendete die Saison in der Kreisliga A auf dem zweiten Tabellenplatz. F\u00fcr die Meisterschaft und den damit verbundenen Aufstieg in die Kreisoberliga hat es indes trotz des Torverh\u00e4ltnisses von 140:54 nicht gelangt, da die SG Harheim [&hellip;]<\/p>\n","protected":false},"author":1,"featured_media":0,"comment_status":"open","ping_status":"open","sticky":false,"template":"","format":"standard","meta":{"footnotes":""},"categories":[12],"tags":[],"class_list":["post-755","post","type-post","status-publish","format-standard","hentry","category-kreisliga-a1"],"_links":{"self":[{"href":"https:\/\/insideamateurfussball-ffm.de\/index.php?rest_route=\/wp\/v2\/posts\/755","targetHints":{"allow":["GET"]}}],"collection":[{"href":"https:\/\/insideamateurfussball-ffm.de\/index.php?rest_route=\/wp\/v2\/posts"}],"about":[{"href":"https:\/\/insideamateurfussball-ffm.de\/index.php?rest_route=\/wp\/v2\/types\/post"}],"author":[{"embeddable":true,"href":"https:\/\/insideamateurfussball-ffm.de\/index.php?rest_route=\/wp\/v2\/users\/1"}],"replies":[{"embeddable":true,"href":"https:\/\/insideamateurfussball-ffm.de\/index.php?rest_route=%2Fwp%2Fv2%2Fcomments&post=755"}],"version-history":[{"count":2,"href":"https:\/\/insideamateurfussball-ffm.de\/index.php?rest_route=\/wp\/v2\/posts\/755\/revisions"}],"predecessor-version":[{"id":759,"href":"https:\/\/insideamateurfussball-ffm.de\/index.php?rest_route=\/wp\/v2\/posts\/755\/revisions\/759"}],"wp:attachment":[{"href":"https:\/\/insideamateurfussball-ffm.de\/index.php?rest_route=%2Fwp%2Fv2%2Fmedia&parent=755"}],"wp:term":[{"taxonomy":"category","embeddable":true,"href":"https:\/\/insideamateurfussball-ffm.de\/index.php?rest_route=%2Fwp%2Fv2%2Fcategories&post=755"},{"taxonomy":"post_tag","embeddable":true,"href":"https:\/\/insideamateurfussball-ffm.de\/index.php?rest_route=%2Fwp%2Fv2%2Ftags&post=755"}],"curies":[{"name":"wp","href":"https:\/\/api.w.org\/{rel}","templated":true}]}}