{"id":730,"date":"2022-06-13T21:21:05","date_gmt":"2022-06-13T21:21:05","guid":{"rendered":"http:\/\/insideamateurfussball-ffm.de\/?p=730"},"modified":"2025-01-03T18:18:11","modified_gmt":"2025-01-03T17:18:11","slug":"croatia-schafft-es-aus-eigener-kraft","status":"publish","type":"post","link":"https:\/\/insideamateurfussball-ffm.de\/?p=730","title":{"rendered":"Croatia schafft es aus eigener Kraft"},"content":{"rendered":"<h5>FC Croatia &#8211; TSKV T\u00fcrkg\u00fcc\u00fc 4:0 (1:0)<\/h5>\n<p><img loading=\"lazy\" decoding=\"async\" class=\"alignnone size-full wp-image-29\" src=\"http:\/\/insideamateurfussball-ffm.de\/wp-content\/uploads\/2021\/11\/croatia.jpg\" alt=\"\" width=\"63\" height=\"80\" \/><img loading=\"lazy\" decoding=\"async\" class=\"alignnone size-full wp-image-17\" src=\"http:\/\/insideamateurfussball-ffm.de\/wp-content\/uploads\/2021\/11\/Tuerkguecue.jpg\" alt=\"\" width=\"72\" height=\"80\" \/><\/p>\n<figure id=\"attachment_731\" aria-describedby=\"caption-attachment-731\" style=\"width: 300px\" class=\"wp-caption alignnone\"><img loading=\"lazy\" decoding=\"async\" class=\"wp-image-731 size-medium\" src=\"http:\/\/insideamateurfussball-ffm.de\/wp-content\/uploads\/2022\/06\/Tuerkguecue-3-300x220.jpg\" alt=\"\" width=\"300\" height=\"220\" \/><figcaption id=\"caption-attachment-731\" class=\"wp-caption-text\">Croatias Filip Sucic f\u00fchrt den Ball. Foto: Mithat G\u00fcrser.<\/figcaption><\/figure>\n<p>Der FC Croatia musste unbedingt gegen T\u00fcrkg\u00fcc\u00fc gewinnen, um den Klassenerhalt aus eigener Kraft zu schaffen und das gelang den Kroaten auch. Schon ein Unentschieden h\u00e4tte den bitteren Gang in die A-Klasse bedeutet. Ganz wichtig war der F\u00fchrungstreffer der Gastgeber durch Domagoj Molnar in der 19. Minute.<\/p>\n<blockquote>\n<p>&#8222;Wir haben alles gegeben und verdient gewonnen&#8220; (Croatias Sportlicher Leiter Stanislav Konta)<\/p>\n<\/blockquote>\n<p>&#8222;Wir haben alles gegeben und verdient gewonnen. Dabei haben die Jungs gek\u00e4mpft bis zum Umfallen, um es aus eigener Kraft zu schaffen&#8220;, freute sich Croatias Sportlicher Leiter Stanislav Konta. Bei T\u00fcrkg\u00fcc\u00fc lief erstmals der in der Winterpause von Griesheim Tarik gewechselte Torj\u00e4ger Ahmet Keser auf. Tarik hatte den St\u00fcrmer seinerzeit nicht freigegeben, eine Einigung \u00fcber die Abl\u00f6se wurde nicht erzielt.<\/p>\n<figure id=\"attachment_732\" aria-describedby=\"caption-attachment-732\" style=\"width: 300px\" class=\"wp-caption alignnone\"><img loading=\"lazy\" decoding=\"async\" class=\"wp-image-732 size-medium\" src=\"http:\/\/insideamateurfussball-ffm.de\/wp-content\/uploads\/2022\/06\/TGFF-300x225.jpg\" alt=\"\" width=\"300\" height=\"225\" \/><figcaption id=\"caption-attachment-732\" class=\"wp-caption-text\">Auch T\u00fcrkg\u00fcc\u00fc beteiligte sich an der Aktion &#8222;Teamfoto am letzten Spieltag&#8220;. Foto: TGF.<\/figcaption><\/figure>\n<p>Es machte sich aber das Fehlen von Spielmacher Emre Kadimli bemerkbar, der wegen einer Familienreise fehlte. &#8222;Bei Croatia ging es um etwas, bei uns war das Gegenteil der Fall&#8220;, sagte T\u00fcrkg\u00fcc\u00fcs Vorstandsmitglied Duran G\u00fcng\u00f6r. Dennoch seien seinem Team zwei Tore aberkannt worden, die man durchaus h\u00e4tte geben k\u00f6nnen.<\/p>\n<p>So war das 2:0 von Ivan Propadalo wie eine Erl\u00f6sung. Die restlichen Croatia-Tore durch Ante Strljic und Propadalo lie\u00dfen Croatia endg\u00fcltig aufatmen. &#8222;Jetzt m\u00fcssen wir Kr\u00e4fte sammeln f\u00fcr die neue Saison. Ein Lob an die Mannschaft f\u00fcr den Kampfgeist bei diesen hei\u00dfen Temperaturen. Wir w\u00fcnschen Maroc den baldigen Wiederaufstieg&#8220;, so Konta.\u00a0\u00a0<\/p>\n<h5>Schiedsrichter: Max Schradin (Frankfurt). Zuschauer: 250.<\/h5>\n<h5>Tore: 1:0 Domagoj Molnar (19.), 2:0 Ivan Propadalo (63.), 3:0 Ante Strljic (68.), 4:0 Ivan Propadalo (78.).<\/h5>\n<p>\u00a0<\/p>\n\n\n<figure class=\"wp-block-gallery has-nested-images columns-default is-cropped wp-block-gallery-1 is-layout-flex wp-block-gallery-is-layout-flex\">\n<figure class=\"wp-block-image size-large is-style-default\"><img decoding=\"async\" data-id=\"733\" src=\"http:\/\/insideamateurfussball-ffm.de\/wp-content\/uploads\/2022\/06\/Tuerkguecue8.jpg\" alt=\"\" class=\"wp-image-733\"\/><figcaption>Fotos: Mithat G\u00fcrser.<\/figcaption><\/figure>\n<\/figure>\n\n\n\n<div class=\"wp-block-columns is-layout-flex wp-container-core-columns-is-layout-28f84493 wp-block-columns-is-layout-flex\">\n<div class=\"wp-block-column is-layout-flow wp-block-column-is-layout-flow\">\n<figure class=\"wp-block-image size-full is-style-default\"><img decoding=\"async\" src=\"http:\/\/insideamateurfussball-ffm.de\/wp-content\/uploads\/2022\/06\/Tuerkguecue14.jpg\" alt=\"\" class=\"wp-image-734\"\/><\/figure>\n<\/div>\n\n\n\n<div class=\"wp-block-column is-layout-flow wp-block-column-is-layout-flow\">\n<figure class=\"wp-block-image size-large is-style-default\"><img decoding=\"async\" src=\"http:\/\/insideamateurfussball-ffm.de\/wp-content\/uploads\/2022\/06\/Tuerkguecue20-1024x681.jpg\" alt=\"\" class=\"wp-image-735\"\/><\/figure>\n<\/div>\n\n\n\n<div class=\"wp-block-column is-layout-flow wp-block-column-is-layout-flow\">\n<figure class=\"wp-block-image size-full is-style-default\"><img decoding=\"async\" src=\"http:\/\/insideamateurfussball-ffm.de\/wp-content\/uploads\/2022\/06\/Tuekguecue12.jpg\" alt=\"\" class=\"wp-image-736\"\/><\/figure>\n<\/div>\n<\/div>\n\n\n\n<figure class=\"wp-block-image size-full is-style-default\"><img decoding=\"async\" src=\"http:\/\/insideamateurfussball-ffm.de\/wp-content\/uploads\/2022\/06\/Tuerkguecue4.jpg\" alt=\"\" class=\"wp-image-737\"\/><\/figure>\n","protected":false},"excerpt":{"rendered":"<p>FC Croatia &#8211; TSKV T\u00fcrkg\u00fcc\u00fc 4:0 (1:0) Der FC Croatia musste unbedingt gegen T\u00fcrkg\u00fcc\u00fc gewinnen, um den Klassenerhalt aus eigener Kraft zu schaffen und das gelang den Kroaten auch. Schon ein Unentschieden h\u00e4tte den bitteren Gang in die A-Klasse bedeutet. Ganz wichtig war der F\u00fchrungstreffer der Gastgeber durch Domagoj Molnar in der 19. Minute. &#8222;Wir [&hellip;]<\/p>\n","protected":false},"author":1,"featured_media":0,"comment_status":"open","ping_status":"open","sticky":false,"template":"","format":"standard","meta":{"footnotes":""},"categories":[2],"tags":[],"class_list":["post-730","post","type-post","status-publish","format-standard","hentry","category-kreisoberliga-frankfurt"],"_links":{"self":[{"href":"https:\/\/insideamateurfussball-ffm.de\/index.php?rest_route=\/wp\/v2\/posts\/730","targetHints":{"allow":["GET"]}}],"collection":[{"href":"https:\/\/insideamateurfussball-ffm.de\/index.php?rest_route=\/wp\/v2\/posts"}],"about":[{"href":"https:\/\/insideamateurfussball-ffm.de\/index.php?rest_route=\/wp\/v2\/types\/post"}],"author":[{"embeddable":true,"href":"https:\/\/insideamateurfussball-ffm.de\/index.php?rest_route=\/wp\/v2\/users\/1"}],"replies":[{"embeddable":true,"href":"https:\/\/insideamateurfussball-ffm.de\/index.php?rest_route=%2Fwp%2Fv2%2Fcomments&post=730"}],"version-history":[{"count":1,"href":"https:\/\/insideamateurfussball-ffm.de\/index.php?rest_route=\/wp\/v2\/posts\/730\/revisions"}],"predecessor-version":[{"id":738,"href":"https:\/\/insideamateurfussball-ffm.de\/index.php?rest_route=\/wp\/v2\/posts\/730\/revisions\/738"}],"wp:attachment":[{"href":"https:\/\/insideamateurfussball-ffm.de\/index.php?rest_route=%2Fwp%2Fv2%2Fmedia&parent=730"}],"wp:term":[{"taxonomy":"category","embeddable":true,"href":"https:\/\/insideamateurfussball-ffm.de\/index.php?rest_route=%2Fwp%2Fv2%2Fcategories&post=730"},{"taxonomy":"post_tag","embeddable":true,"href":"https:\/\/insideamateurfussball-ffm.de\/index.php?rest_route=%2Fwp%2Fv2%2Ftags&post=730"}],"curies":[{"name":"wp","href":"https:\/\/api.w.org\/{rel}","templated":true}]}}