{"id":725,"date":"2022-06-13T20:50:34","date_gmt":"2022-06-13T20:50:34","guid":{"rendered":"http:\/\/insideamateurfussball-ffm.de\/?p=725"},"modified":"2025-01-03T18:18:20","modified_gmt":"2025-01-03T17:18:20","slug":"gude-laufen-als-achter-ins-ziel","status":"publish","type":"post","link":"https:\/\/insideamateurfussball-ffm.de\/?p=725","title":{"rendered":"&#8222;Gude&#8220; laufen als Achter ins Ziel"},"content":{"rendered":"<h5>FC Gudesding &#8211; SV Griesheim Tarik 8:3 (4:1)<\/h5>\n<p><img loading=\"lazy\" decoding=\"async\" class=\"alignnone size-full wp-image-10\" src=\"http:\/\/insideamateurfussball-ffm.de\/wp-content\/uploads\/2021\/11\/Gudesding.jpg\" alt=\"\" width=\"64\" height=\"80\" \/><img loading=\"lazy\" decoding=\"async\" class=\"alignnone size-full wp-image-34\" src=\"http:\/\/insideamateurfussball-ffm.de\/wp-content\/uploads\/2021\/11\/Tarik.jpg\" alt=\"\" width=\"80\" height=\"80\" \/><\/p>\n<figure id=\"attachment_726\" aria-describedby=\"caption-attachment-726\" style=\"width: 300px\" class=\"wp-caption alignnone\"><img loading=\"lazy\" decoding=\"async\" class=\"wp-image-726 size-medium\" src=\"http:\/\/insideamateurfussball-ffm.de\/wp-content\/uploads\/2022\/06\/Gude-300x133.jpg\" alt=\"\" width=\"300\" height=\"133\" \/><figcaption id=\"caption-attachment-726\" class=\"wp-caption-text\">Auch der FC Gudesding beteiligte sich an der Aktion &#8222;Teamfoto am letzten Spieltag.&#8220; Foto: FCG.<\/figcaption><\/figure>\n<p>Vers\u00f6hnlicher Saisonabschluss f\u00fcr den FC Gudesding im heimischen Ostpark. In der ersten komplett ausgetragenen Runde seit dem Aufstieg landete das Team des scheidenden Trainers Luca Spessot gegen Absteiger Griesheim Tarik einen 8:3-Kantersieg und beendet die Runde auf Platz acht. Bei hochsommerlichen Temperaturen sahen die 80 Zuschauer, wie sich Gudesding von den mutig nach vorne spielenden Griesheimern \u00fcberraschen lie\u00dfen. Die G\u00e4ste gingen fr\u00fch in F\u00fchrung und h\u00e4tten einen weiteren Treffer nachlegen k\u00f6nnen. Dann aber besann sich Gudesding auf seine spielerischen Vorteile und erzielte bis zur Halbzeit vier Tore. In der zweiten Halbzeit b\u00e4umte sich Tarik nach dem 1:6 kurz auf und kam gegen nachl\u00e4ssige Gastgeber noch zum 6:3, ehe dann der FCG wieder aufdrehte und sich bei gro\u00dfer Hitze mit acht Toren zufrieden gab. &#8222;Ein au\u00dferordentlich faires Spiel, in dem Seyed Hosseini mit drei Toren seine Klasse gezeigt hat. Ich w\u00fcnsche Tarik den baldigen Wiederaufstieg&#8220;, sagte FCG-Vorsitzender Rainer Weiss. Griesheim Tarik verabschiedet sich damit nach sieben Jahren Klassenzugeh\u00f6rigkeit von der Kreisoberliga Frankfurt und steigt in die Kreisliga A ab.<\/p>\n<h5>Schiedsrichter: Markus Ehrhardt (Hanau). Zuschauer: 80.<\/h5>\n<h5>Tore: 0:1 (5.), 1:1, 2:1 Seyedmohammadreza Hosseini (8.\/30.), 3:1 Yannik Siering (43.), 4:1 Zoumeir Toura (44.), 5:1 Seyedmohammadreza Hosseini (52.), 6:1 Aderrafik Imeghry (54.), 6:2 (57.), 6:3 (59.), 7:3 Yannik Siering (74.), 8:3 Hamza El Mezouar (81.).<\/h5>\n","protected":false},"excerpt":{"rendered":"<p>FC Gudesding &#8211; SV Griesheim Tarik 8:3 (4:1) Vers\u00f6hnlicher Saisonabschluss f\u00fcr den FC Gudesding im heimischen Ostpark. In der ersten komplett ausgetragenen Runde seit dem Aufstieg landete das Team des scheidenden Trainers Luca Spessot gegen Absteiger Griesheim Tarik einen 8:3-Kantersieg und beendet die Runde auf Platz acht. Bei hochsommerlichen Temperaturen sahen die 80 Zuschauer, wie [&hellip;]<\/p>\n","protected":false},"author":1,"featured_media":0,"comment_status":"open","ping_status":"open","sticky":false,"template":"","format":"standard","meta":{"footnotes":""},"categories":[2],"tags":[],"class_list":["post-725","post","type-post","status-publish","format-standard","hentry","category-kreisoberliga-frankfurt"],"_links":{"self":[{"href":"https:\/\/insideamateurfussball-ffm.de\/index.php?rest_route=\/wp\/v2\/posts\/725","targetHints":{"allow":["GET"]}}],"collection":[{"href":"https:\/\/insideamateurfussball-ffm.de\/index.php?rest_route=\/wp\/v2\/posts"}],"about":[{"href":"https:\/\/insideamateurfussball-ffm.de\/index.php?rest_route=\/wp\/v2\/types\/post"}],"author":[{"embeddable":true,"href":"https:\/\/insideamateurfussball-ffm.de\/index.php?rest_route=\/wp\/v2\/users\/1"}],"replies":[{"embeddable":true,"href":"https:\/\/insideamateurfussball-ffm.de\/index.php?rest_route=%2Fwp%2Fv2%2Fcomments&post=725"}],"version-history":[{"count":3,"href":"https:\/\/insideamateurfussball-ffm.de\/index.php?rest_route=\/wp\/v2\/posts\/725\/revisions"}],"predecessor-version":[{"id":729,"href":"https:\/\/insideamateurfussball-ffm.de\/index.php?rest_route=\/wp\/v2\/posts\/725\/revisions\/729"}],"wp:attachment":[{"href":"https:\/\/insideamateurfussball-ffm.de\/index.php?rest_route=%2Fwp%2Fv2%2Fmedia&parent=725"}],"wp:term":[{"taxonomy":"category","embeddable":true,"href":"https:\/\/insideamateurfussball-ffm.de\/index.php?rest_route=%2Fwp%2Fv2%2Fcategories&post=725"},{"taxonomy":"post_tag","embeddable":true,"href":"https:\/\/insideamateurfussball-ffm.de\/index.php?rest_route=%2Fwp%2Fv2%2Ftags&post=725"}],"curies":[{"name":"wp","href":"https:\/\/api.w.org\/{rel}","templated":true}]}}