{"id":717,"date":"2022-06-13T19:46:56","date_gmt":"2022-06-13T19:46:56","guid":{"rendered":"http:\/\/insideamateurfussball-ffm.de\/?p=717"},"modified":"2025-01-03T18:12:48","modified_gmt":"2025-01-03T17:12:48","slug":"kalbach-zurueck-in-der-gruppenliga","status":"publish","type":"post","link":"https:\/\/insideamateurfussball-ffm.de\/?p=717","title":{"rendered":"Kalbach zur\u00fcck in der Gruppenliga"},"content":{"rendered":"<h5>TuS Makkabi &#8211; FC Kalbach 0:3 (0:1)<\/h5>\n<p><img loading=\"lazy\" decoding=\"async\" class=\"alignnone size-full wp-image-90\" src=\"http:\/\/insideamateurfussball-ffm.de\/wp-content\/uploads\/2022\/05\/makkabi-neu.jpg\" alt=\"\" width=\"80\" height=\"80\" \/><img loading=\"lazy\" decoding=\"async\" class=\"alignnone size-full wp-image-16\" src=\"http:\/\/insideamateurfussball-ffm.de\/wp-content\/uploads\/2021\/11\/kalbach-wappen.jpg\" alt=\"\" width=\"80\" height=\"80\" \/><\/p>\n<figure id=\"attachment_718\" aria-describedby=\"caption-attachment-718\" style=\"width: 300px\" class=\"wp-caption alignnone\"><img loading=\"lazy\" decoding=\"async\" class=\"wp-image-718 size-medium\" src=\"http:\/\/insideamateurfussball-ffm.de\/wp-content\/uploads\/2022\/06\/JubelFCK-300x225.jpg\" alt=\"\" width=\"300\" height=\"225\" \/><figcaption id=\"caption-attachment-718\" class=\"wp-caption-text\">Nach drei Jahren Abwesenheit kehrt der FC Kalbach in die Gruppenliga Frankfurt West zur\u00fcck. Foto: FCK.<\/figcaption><\/figure>\n<p>Nach drei Jahren Abwesenheit kehrt der FC Kalbach als Meister der Kreisoberliga Frankfurt in die Gruppenliga Frankfurt West zur\u00fcck. Durch das 3:0 beim TuS Makkabi sicherte sich das Team von Trainer Aaz-Dine Zarioh den ersten Tabellenplatz. Da zeitgleich Konkurrent Spvgg. 02 Griesheim beim FC Maroc mit 0:3 unterlag, sind es nun unabh\u00e4ngig von der Wertung des Spiels Posavina-Griesheim f\u00fcnf Punkte Vorsprung. Selbst wenn Griesheim im unwahrscheinlichen Fall noch die Punkte bekommen h\u00e4tte, w\u00fcrde es dann nicht mehr langen.<\/p>\n<blockquote><p>&#8222;Wir haben diesen Aufstieg verdient&#8220; (Kalbachs Sportlicher Leiter Manfred Meyer)<\/p><\/blockquote>\n<p>&#8222;Wir haben diesen Aufstieg verdient. Wenn zwei gleichwertige Mannschaften um einen Aufstiegsplatz k\u00e4mpfen, dann bleibt eine auf der Strecke. Wir haben 93 Punkte gesammelt, Griesheim 88. Das ist auch eine Leistung. Gl\u00fcckwunsch an unser Team, das die Meisterschaft mit Engagement, Leidenschaft und Wille geholt hat&#8220;, jubelte Kalbachs Sportlicher Leiter Manfred Meyer. Ricardo Harrabi hatte die G\u00e4ste in der 21. Minute im Sportpark Preungesheim in F\u00fchrung gebracht. Erst in der Schlussphase erh\u00f6hte Torsch\u00fctzenk\u00f6nig Achraf Gara Ali mit seinem 56. Saisontreffer auf 2:0, ehe Enno Lang in der 88. Minute alles klar machte.<\/p>\n<h5>Sichtungstraining beim FC Kalbach<\/h5>\n<p>Da war das Ergebnis aus dem Parallelspiel schon durchgesickert. Da bis zuletzt eine gro\u00dfe Planungsunsicherheit bestand, m\u00f6chte der FC Kalbach f\u00fcr den 21. Juni (19.30 Uhr) zu einem Sichtungstraining einladen. Interessierte Spieler k\u00f6nnen sich beim Sportlichen Leiter Manfred Meyer (Tel. 0151-75073986) oder Trainer Aaz-Dine Zarioh (Tel. 0176-97732460) anmelden. Auf Seiten von Makkabi war es das letzte Spiel von Trainer Hakan Tekin als Seniorencoach. &#8222;Erstmal gratulieren wir dem FC Kalbach zur absolut verdienten Meisterschaft. Zum Spiel kann man sagen, dass es ein Spiel auf Augenh\u00f6he war und wir in den entscheidenden Situationen nicht die n\u00f6tige Qualit\u00e4t hatten, um so ein Spiel auch zu gewinnen.&#8220;<\/p>\n<figure id=\"attachment_719\" aria-describedby=\"caption-attachment-719\" style=\"width: 300px\" class=\"wp-caption alignnone\"><img loading=\"lazy\" decoding=\"async\" class=\"wp-image-719 size-medium\" src=\"http:\/\/insideamateurfussball-ffm.de\/wp-content\/uploads\/2022\/06\/TuSM-300x225.jpg\" alt=\"\" width=\"300\" height=\"225\" \/><figcaption id=\"caption-attachment-719\" class=\"wp-caption-text\">Auch TuS Makkabi beteiligte sich an der Aktion &#8222;Teamfoto am letzten Spieltag&#8220;. Foto: TuSM.<\/figcaption><\/figure>\n<p>Kalbach nutzte seine wenigen Chancen eiskalt, das tat Makkabi nicht, daher sei der Sieg etwas zu hoch, aber verdient. Nach zehn Jahren mit f\u00fcnf Aufstiegen (darunter vier im Jugendbereich) geht nun Tekins Zeit bei Makkabi zu Ende. &#8222;Ich bedanke mich bei allen, die mich in der Zeit unterst\u00fctzt haben. Es ist f\u00fcr mich noch nicht richtig zu fassen, aber so richtig realisieren werde ich es erst in den kommenden Wochen. Ich w\u00fcnsche meinen Jungs, meinem Nachfolger Steven Kessler und dem Verein alles gute f\u00fcr die kommende Saison&#8220;, schloss Tekin seine letzten Ausf\u00fchrungen.<\/p>\n<h5>Schiedsrichter: Mate Pasalic (Frankfurt). Zuschauer: 60.<\/h5>\n<h5>Tore: 0:1 Ricardo Harrabi (21.), 0:2 Achraf Gara Ali (77.\/Foulelfmeter), 0:3 Enno Lang (88.).<\/h5>\n","protected":false},"excerpt":{"rendered":"<p>TuS Makkabi &#8211; FC Kalbach 0:3 (0:1) Nach drei Jahren Abwesenheit kehrt der FC Kalbach als Meister der Kreisoberliga Frankfurt in die Gruppenliga Frankfurt West zur\u00fcck. Durch das 3:0 beim TuS Makkabi sicherte sich das Team von Trainer Aaz-Dine Zarioh den ersten Tabellenplatz. Da zeitgleich Konkurrent Spvgg. 02 Griesheim beim FC Maroc mit 0:3 unterlag, [&hellip;]<\/p>\n","protected":false},"author":1,"featured_media":0,"comment_status":"open","ping_status":"open","sticky":false,"template":"","format":"standard","meta":{"footnotes":""},"categories":[2],"tags":[],"class_list":["post-717","post","type-post","status-publish","format-standard","hentry","category-kreisoberliga-frankfurt"],"_links":{"self":[{"href":"https:\/\/insideamateurfussball-ffm.de\/index.php?rest_route=\/wp\/v2\/posts\/717","targetHints":{"allow":["GET"]}}],"collection":[{"href":"https:\/\/insideamateurfussball-ffm.de\/index.php?rest_route=\/wp\/v2\/posts"}],"about":[{"href":"https:\/\/insideamateurfussball-ffm.de\/index.php?rest_route=\/wp\/v2\/types\/post"}],"author":[{"embeddable":true,"href":"https:\/\/insideamateurfussball-ffm.de\/index.php?rest_route=\/wp\/v2\/users\/1"}],"replies":[{"embeddable":true,"href":"https:\/\/insideamateurfussball-ffm.de\/index.php?rest_route=%2Fwp%2Fv2%2Fcomments&post=717"}],"version-history":[{"count":3,"href":"https:\/\/insideamateurfussball-ffm.de\/index.php?rest_route=\/wp\/v2\/posts\/717\/revisions"}],"predecessor-version":[{"id":754,"href":"https:\/\/insideamateurfussball-ffm.de\/index.php?rest_route=\/wp\/v2\/posts\/717\/revisions\/754"}],"wp:attachment":[{"href":"https:\/\/insideamateurfussball-ffm.de\/index.php?rest_route=%2Fwp%2Fv2%2Fmedia&parent=717"}],"wp:term":[{"taxonomy":"category","embeddable":true,"href":"https:\/\/insideamateurfussball-ffm.de\/index.php?rest_route=%2Fwp%2Fv2%2Fcategories&post=717"},{"taxonomy":"post_tag","embeddable":true,"href":"https:\/\/insideamateurfussball-ffm.de\/index.php?rest_route=%2Fwp%2Fv2%2Ftags&post=717"}],"curies":[{"name":"wp","href":"https:\/\/api.w.org\/{rel}","templated":true}]}}