{"id":713,"date":"2022-06-13T19:04:41","date_gmt":"2022-06-13T19:04:41","guid":{"rendered":"http:\/\/insideamateurfussball-ffm.de\/?p=713"},"modified":"2025-01-03T18:12:55","modified_gmt":"2025-01-03T17:12:55","slug":"union-fuenftbeste-rueckrundenelf","status":"publish","type":"post","link":"https:\/\/insideamateurfussball-ffm.de\/?p=713","title":{"rendered":"Union f\u00fcnftbeste R\u00fcckrundenelf"},"content":{"rendered":"<h5>Union Niederrad &#8211; SV Viktoria Preu\u00dfen 3:2 (3:0)<\/h5>\n<p><img loading=\"lazy\" decoding=\"async\" class=\"alignnone size-full wp-image-38\" src=\"http:\/\/insideamateurfussball-ffm.de\/wp-content\/uploads\/2021\/11\/Union-Niederrad.jpg\" alt=\"\" width=\"80\" height=\"80\" \/><img loading=\"lazy\" decoding=\"async\" class=\"alignnone size-full wp-image-12\" src=\"http:\/\/insideamateurfussball-ffm.de\/wp-content\/uploads\/2021\/11\/preussen.jpg\" alt=\"\" width=\"72\" height=\"80\" \/><\/p>\n<figure id=\"attachment_714\" aria-describedby=\"caption-attachment-714\" style=\"width: 300px\" class=\"wp-caption alignnone\"><img loading=\"lazy\" decoding=\"async\" class=\"wp-image-714 size-medium\" src=\"http:\/\/insideamateurfussball-ffm.de\/wp-content\/uploads\/2022\/06\/TeamUnion-300x225.jpg\" alt=\"\" width=\"300\" height=\"225\" \/><figcaption id=\"caption-attachment-714\" class=\"wp-caption-text\">F\u00fcnftbeste R\u00fcckrundenelf: Union Niederrad. Foto: Verein.<\/figcaption><\/figure>\n<p>Union Niederrad hat die vierte Kreisoberliga-Saison auf Rang zw\u00f6lf beendet und die Abstiegsgefahr durch eine gute R\u00fcckrunde gebannt. In der R\u00fcckrundentabelle landet die Mannschaft von Trainer Hicham Faqir auf Rang f\u00fcnf. Gegen den Tabellennachbarn Viktoria Preu\u00dfen (13.) gab\u00b4s zum Saisonabschluss einen 3:2-Sieg an der Heinrich-Seliger-Stra\u00dfe.<\/p>\n<blockquote><p>&#8222;Eine sehr faire Geste von Tempo&#8220; (Union-Vorsitzender Khalid Lamjahed)<\/p><\/blockquote>\n<p>Letzte Woche hatte der FC Tempo eine Videobotschaft an den verletzten Unioner Paul Gundermann geschickt. &#8222;Eine sehr faire Geste&#8220;, wie Union-Vorsitzender Khalid Lamjahed betonte. Im ersten Abschnitt war Niederrad feld\u00fcberlegen und f\u00fchrte klar mit 3:0. &#8222;In der zweiten Halbzeit verflachte die Partie. Das Wetter machte allen Spielern zu schaffen. Ein Tor von Adam Langhans wurde nach einem Lattenknaller nicht gegeben&#8220;, berichtete Lamjahed.<\/p>\n<p>Da die G\u00e4ste im zweiten Abschnitt aufkamen und verk\u00fcrzten, konnte das Ergebnis am Ende etwas freundlicher gestaltet werden, auch wenn es nicht mehr zu einem Punktgewinn langte. &#8222;Der Sieg war nicht gef\u00e4hrdet und verdient. Wir haben gegen Viktoria Preu\u00dfen in den letzten Jahren immer gute Spiele gemacht, aber nie gewonnen&#8220;, sagte Lamjahed und erg\u00e4nzte: &#8222;Wir sind mit der R\u00fcckrunde und Platz zw\u00f6lf zum Abschluss sehr zufrieden. Wir bedanken uns bei allen, die an uns geglaubt haben.&#8220;<\/p>\n<figure id=\"attachment_715\" aria-describedby=\"caption-attachment-715\" style=\"width: 300px\" class=\"wp-caption alignnone\"><img loading=\"lazy\" decoding=\"async\" class=\"wp-image-715 size-medium\" src=\"http:\/\/insideamateurfussball-ffm.de\/wp-content\/uploads\/2022\/06\/teampre-300x225.jpg\" alt=\"\" width=\"300\" height=\"225\" \/><figcaption id=\"caption-attachment-715\" class=\"wp-caption-text\">Auch Viktoria Preu\u00dfen beteiligte sich an der Aktion &#8222;Teamfoto am letzten Spieltag&#8220;. Foto: SVVP.<\/figcaption><\/figure>\n<p>Preu\u00dfen-Trainer Artur Rissling fasste sich kurz: &#8222;Verdiente Niederlage. Die Luft ist raus, wir h\u00e4tten viel h\u00f6her verlieren m\u00fcssen. Union war im Auslassen der Torchancen sehr sehr gn\u00e4dig mit uns. Es h\u00f6rt sich knapp an, aber der Niederr\u00e4der Sieg ist hochverdient. Jetzt ab in die Pause.&#8220;<\/p>\n<h5>Schiedsrichter: Andreas Luschberger (Eltville). Zuschauer: 60.<\/h5>\n<h5>Tore: 1:0 Caspar Oechsler (10.), 2:0 Mohamed Azeggaghe (40.), 3:0 Aminur Rahman (42.), 3:1 Nathan Tewelde (64.), 3:2 Leander Kruse (83.).<\/h5>\n<h5><\/h5>\n","protected":false},"excerpt":{"rendered":"<p>Union Niederrad &#8211; SV Viktoria Preu\u00dfen 3:2 (3:0) Union Niederrad hat die vierte Kreisoberliga-Saison auf Rang zw\u00f6lf beendet und die Abstiegsgefahr durch eine gute R\u00fcckrunde gebannt. In der R\u00fcckrundentabelle landet die Mannschaft von Trainer Hicham Faqir auf Rang f\u00fcnf. Gegen den Tabellennachbarn Viktoria Preu\u00dfen (13.) gab\u00b4s zum Saisonabschluss einen 3:2-Sieg an der Heinrich-Seliger-Stra\u00dfe. &#8222;Eine sehr [&hellip;]<\/p>\n","protected":false},"author":1,"featured_media":0,"comment_status":"open","ping_status":"open","sticky":false,"template":"","format":"standard","meta":{"footnotes":""},"categories":[2],"tags":[],"class_list":["post-713","post","type-post","status-publish","format-standard","hentry","category-kreisoberliga-frankfurt"],"_links":{"self":[{"href":"https:\/\/insideamateurfussball-ffm.de\/index.php?rest_route=\/wp\/v2\/posts\/713","targetHints":{"allow":["GET"]}}],"collection":[{"href":"https:\/\/insideamateurfussball-ffm.de\/index.php?rest_route=\/wp\/v2\/posts"}],"about":[{"href":"https:\/\/insideamateurfussball-ffm.de\/index.php?rest_route=\/wp\/v2\/types\/post"}],"author":[{"embeddable":true,"href":"https:\/\/insideamateurfussball-ffm.de\/index.php?rest_route=\/wp\/v2\/users\/1"}],"replies":[{"embeddable":true,"href":"https:\/\/insideamateurfussball-ffm.de\/index.php?rest_route=%2Fwp%2Fv2%2Fcomments&post=713"}],"version-history":[{"count":1,"href":"https:\/\/insideamateurfussball-ffm.de\/index.php?rest_route=\/wp\/v2\/posts\/713\/revisions"}],"predecessor-version":[{"id":716,"href":"https:\/\/insideamateurfussball-ffm.de\/index.php?rest_route=\/wp\/v2\/posts\/713\/revisions\/716"}],"wp:attachment":[{"href":"https:\/\/insideamateurfussball-ffm.de\/index.php?rest_route=%2Fwp%2Fv2%2Fmedia&parent=713"}],"wp:term":[{"taxonomy":"category","embeddable":true,"href":"https:\/\/insideamateurfussball-ffm.de\/index.php?rest_route=%2Fwp%2Fv2%2Fcategories&post=713"},{"taxonomy":"post_tag","embeddable":true,"href":"https:\/\/insideamateurfussball-ffm.de\/index.php?rest_route=%2Fwp%2Fv2%2Ftags&post=713"}],"curies":[{"name":"wp","href":"https:\/\/api.w.org\/{rel}","templated":true}]}}