{"id":706,"date":"2022-06-13T17:56:19","date_gmt":"2022-06-13T17:56:19","guid":{"rendered":"http:\/\/insideamateurfussball-ffm.de\/?p=706"},"modified":"2025-01-03T18:13:10","modified_gmt":"2025-01-03T17:13:10","slug":"weiss-blau-war-zum-kellerduell-bereit-aber","status":"publish","type":"post","link":"https:\/\/insideamateurfussball-ffm.de\/?p=706","title":{"rendered":"Weiss-Blau war zum Kellerduell bereit, aber&#8230;"},"content":{"rendered":"<h5>FV Saz-Rock &#8211; SC Weiss-Blau<\/h5>\n<p><img loading=\"lazy\" decoding=\"async\" class=\"alignnone size-full wp-image-25\" src=\"http:\/\/insideamateurfussball-ffm.de\/wp-content\/uploads\/2021\/11\/saz-rock.jpg\" alt=\"\" width=\"80\" height=\"76\" \/><img loading=\"lazy\" decoding=\"async\" class=\"alignnone size-full wp-image-32\" src=\"http:\/\/insideamateurfussball-ffm.de\/wp-content\/uploads\/2021\/11\/Weiss-Blau.jpg\" alt=\"\" width=\"56\" height=\"80\" \/><\/p>\n<figure id=\"attachment_707\" aria-describedby=\"caption-attachment-707\" style=\"width: 300px\" class=\"wp-caption alignnone\"><img loading=\"lazy\" decoding=\"async\" class=\"wp-image-707 size-medium\" src=\"http:\/\/insideamateurfussball-ffm.de\/wp-content\/uploads\/2022\/06\/WBSaz-300x225.jpg\" alt=\"\" width=\"300\" height=\"225\" \/><figcaption id=\"caption-attachment-707\" class=\"wp-caption-text\">Die Mannschaft des SC Weiss-Blau posiert an der Hausener M\u00fchlwiese zum Teamfoto. Foto: WB.<\/figcaption><\/figure>\n<p>Es w\u00e4re ein interessanter Vergleich der beiden mit Abstand schlechtesten Mannschaften der Kreisoberliga Frankfurt gewesen. Es ging im Duell Vorletzter (12 Punkte) gegen Letzter (11 Punkte) noch um die Frage, wer die Runde als Schlusslicht beendet.<\/p>\n<p>Beide Teams machten sich auch bei sommerlichen Temperaturen warm, doch zum Anpfiff kam es nicht. Weiss-Blau-Trainer Jamal Er-Rjah berichtete, dass beim Gegner so einiges nicht gestimmt habe. Saz Rock habe mit Spielern auflaufen wollen, die f\u00fcr den Verein \u00fcberhaupt nicht spielberechtigt seien.<\/p>\n<p>Seit Wochen hielten sich solche Ger\u00fcchte auf den Frankfurter Sportpl\u00e4tzen, bewiesen werden konnte bislang nichts konkretes. Da die G\u00e4ste aber den einen oder anderen &#8222;falschen Protagonisten&#8220; pers\u00f6nlich kannten und den Schiedsrichter informierten, rief dieser den Klassenleiter an, sodass das Spiel abgesetzt wurde.<\/p>\n<p>Die durchgef\u00fchrte Passkontrolle habe den Verdacht best\u00e4tigt. Die Partie d\u00fcrfte als Nichtantritt der Gastgeber &#8211; dem dritten der laufenden Runde &#8211; gewertet werden. Somit w\u00fcrde Weiss-Blau nochmal kampflos zu drei Punkten kommen. Beide Vereine steigen in die A-Klasse ab. Wom\u00f6glich hat der Sachverhalt f\u00fcr Saz-Rock aber noch verbandsrechtliche Konsequenzen.<\/p>\n","protected":false},"excerpt":{"rendered":"<p>FV Saz-Rock &#8211; SC Weiss-Blau Es w\u00e4re ein interessanter Vergleich der beiden mit Abstand schlechtesten Mannschaften der Kreisoberliga Frankfurt gewesen. Es ging im Duell Vorletzter (12 Punkte) gegen Letzter (11 Punkte) noch um die Frage, wer die Runde als Schlusslicht beendet. Beide Teams machten sich auch bei sommerlichen Temperaturen warm, doch zum Anpfiff kam es [&hellip;]<\/p>\n","protected":false},"author":1,"featured_media":0,"comment_status":"open","ping_status":"open","sticky":false,"template":"","format":"standard","meta":{"footnotes":""},"categories":[2],"tags":[],"class_list":["post-706","post","type-post","status-publish","format-standard","hentry","category-kreisoberliga-frankfurt"],"_links":{"self":[{"href":"https:\/\/insideamateurfussball-ffm.de\/index.php?rest_route=\/wp\/v2\/posts\/706","targetHints":{"allow":["GET"]}}],"collection":[{"href":"https:\/\/insideamateurfussball-ffm.de\/index.php?rest_route=\/wp\/v2\/posts"}],"about":[{"href":"https:\/\/insideamateurfussball-ffm.de\/index.php?rest_route=\/wp\/v2\/types\/post"}],"author":[{"embeddable":true,"href":"https:\/\/insideamateurfussball-ffm.de\/index.php?rest_route=\/wp\/v2\/users\/1"}],"replies":[{"embeddable":true,"href":"https:\/\/insideamateurfussball-ffm.de\/index.php?rest_route=%2Fwp%2Fv2%2Fcomments&post=706"}],"version-history":[{"count":1,"href":"https:\/\/insideamateurfussball-ffm.de\/index.php?rest_route=\/wp\/v2\/posts\/706\/revisions"}],"predecessor-version":[{"id":708,"href":"https:\/\/insideamateurfussball-ffm.de\/index.php?rest_route=\/wp\/v2\/posts\/706\/revisions\/708"}],"wp:attachment":[{"href":"https:\/\/insideamateurfussball-ffm.de\/index.php?rest_route=%2Fwp%2Fv2%2Fmedia&parent=706"}],"wp:term":[{"taxonomy":"category","embeddable":true,"href":"https:\/\/insideamateurfussball-ffm.de\/index.php?rest_route=%2Fwp%2Fv2%2Fcategories&post=706"},{"taxonomy":"post_tag","embeddable":true,"href":"https:\/\/insideamateurfussball-ffm.de\/index.php?rest_route=%2Fwp%2Fv2%2Ftags&post=706"}],"curies":[{"name":"wp","href":"https:\/\/api.w.org\/{rel}","templated":true}]}}