{"id":7037,"date":"2023-04-10T21:19:55","date_gmt":"2023-04-10T19:19:55","guid":{"rendered":"http:\/\/insideamateurfussball-ffm.de\/?p=7037"},"modified":"2025-01-25T14:36:24","modified_gmt":"2025-01-25T13:36:24","slug":"fv-bad-vilbel-gewinnt-stadtderby","status":"publish","type":"post","link":"https:\/\/insideamateurfussball-ffm.de\/?p=7037","title":{"rendered":"FV Bad Vilbel gewinnt Stadtderby"},"content":{"rendered":"<h4>Bereits am Gr\u00fcndonnerstag fand in der Verbandsliga S\u00fcd das Stadtderby zwischen dem FV Bad Vilbel und dem SC Dortelweil statt. Die Gastgeber gewannen mit 3:2 (2:1) und machten einen weiteren Schritt in Richtung Klassenerhalt.\u00a0<\/h4>\n<figure id=\"attachment_7033\" aria-describedby=\"caption-attachment-7033\" style=\"width: 2560px\" class=\"wp-caption alignnone\"><img loading=\"lazy\" decoding=\"async\" class=\"wp-image-7033 size-full\" src=\"http:\/\/insideamateurfussball-ffm.de\/wp-content\/uploads\/2023\/04\/20230406_193210-scaled.jpg\" alt=\"\" width=\"2560\" height=\"1920\" srcset=\"https:\/\/insideamateurfussball-ffm.de\/wp-content\/uploads\/2023\/04\/20230406_193210-scaled.jpg 2560w, https:\/\/insideamateurfussball-ffm.de\/wp-content\/uploads\/2023\/04\/20230406_193210-300x225.jpg 300w, https:\/\/insideamateurfussball-ffm.de\/wp-content\/uploads\/2023\/04\/20230406_193210-1024x768.jpg 1024w, https:\/\/insideamateurfussball-ffm.de\/wp-content\/uploads\/2023\/04\/20230406_193210-768x576.jpg 768w, https:\/\/insideamateurfussball-ffm.de\/wp-content\/uploads\/2023\/04\/20230406_193210-1536x1152.jpg 1536w, https:\/\/insideamateurfussball-ffm.de\/wp-content\/uploads\/2023\/04\/20230406_193210-2048x1536.jpg 2048w\" sizes=\"auto, (max-width: 2560px) 100vw, 2560px\" \/><figcaption id=\"caption-attachment-7033\" class=\"wp-caption-text\">Die \u00fcberdachte Trib\u00fcne ist weiter gesperrt, von daher waren die meisten der 280 Zuschauer auf der anderen Seite. Foto: FVBV.<\/figcaption><\/figure>\n<h4>FV Bad Vilbel &#8211; SC Dortelweil 3:2 (2:1)<\/h4>\n<p><img loading=\"lazy\" decoding=\"async\" class=\"alignnone size-full wp-image-146\" src=\"http:\/\/insideamateurfussball-ffm.de\/wp-content\/uploads\/2022\/05\/FV-Bad-Vilbel.jpg\" alt=\"\" width=\"80\" height=\"80\" \/><img loading=\"lazy\" decoding=\"async\" class=\"alignnone size-full wp-image-435\" src=\"http:\/\/insideamateurfussball-ffm.de\/wp-content\/uploads\/2022\/05\/Dortelweil.jpg\" alt=\"\" width=\"80\" height=\"80\" \/><\/p>\n<p>Sieben von neun m\u00f6glichen Punkten hat der neue Trainer Roland Stipp schon gesammelt. Der Heimsieg gegen den Nachbarn kam nach einer ereignisreichen Anfangsphase zustande, in der Bad Vilbel vor immerhin 280 Zuschauern schon in der ersten Minute ins Tor traf. Auf Zuspiel von Niklas Kraus brachte Giorgi Kandelaki die in gr\u00fcn spielenden Gastgeber nach vorne (1.).<\/p>\n<p>Dortelweil &#8211; in der Ausweichfarbe rot spielend &#8211; fand durch den Ausgleich von Dominik Steffen schnell wieder in die Partie. Doch die Hausherren blieben weiter wach und konsequent im Torabschluss. Ein musterg\u00fcltiger Konter \u00fcber Kraus und erneut netzte Kandelaki ein &#8211; 2:1 (14.). Nach der fulminanten ersten Viertelstunde verflachte die Begegnung ein wenig.<\/p>\n<h4>Visar Gashi verwandelt Foulelfmeter zum 3:1\u00a0<\/h4>\n<p>Dortelweil fehlte vorne die maximale Konsequenz, die Bad Vilbel bis dahin ausgezeichnet hatte. Bei Nieselregen lief das Spiel nach dem Seitenwechsel weiter in Richtung Bad Vilbel. Ein Foul an Denis Hadzimusic und es gab Elfmeter. Den verwandelte Visar Gashi sicher und es stand 3:1 (53.). SCD-Goalgetter Marvin Strenger (78.) verk\u00fcrzte, aber kurz darauf musste Julian Mistetzky mit Gelb-Rot vom Platz (80.).<\/p>\n<p>Vilbel brachte den Vorsprung \u00fcber die Zeit und sprang auf Rang zw\u00f6lf, der nach den aktuellen Konstellationen zum Klassenerhalt reichen w\u00fcrde. Den hat auch Dortelweil auf Rang sieben im Blick, jedoch nur mit vier Punkten mehr. Ein Beispiel, wie eng es in der Verbandsliga S\u00fcd zwischen den R\u00e4ngen 5 und 14 zugeht. F\u00fcr Bad Vilbel geht es schon am kommenden Freitag gegen Tabellenf\u00fchrer SC Hanau 1960 weiter (19.30 Uhr). Dortelweil f\u00e4hrt am Sonntag zum VfR Fehlheim (15 Uhr).<\/p>\n<h4>Schiedsrichter: Vincent Schandry (K\u00f6nigstein). Zuschauer: 280.<\/h4>\n<h4>Tore: 1:0 Giorgi Kandelaki (1.), 1:1 Dominik Steffen (9.), 2:1 Giorgi Kandelaki (14.), 3:1 Visar Gashi (53.\/Foulelfmeter), 3:2 Marvin Strenger (78.).<\/h4>\n<blockquote>\n<h4>Bildergalerie: FVBV\u00a0<\/h4>\n<\/blockquote>\n<h4>\u00a0 \u00a0<\/h4>\n\n\n<figure class=\"wp-block-image size-large is-style-rounded\"><img loading=\"lazy\" decoding=\"async\" width=\"1024\" height=\"768\" src=\"http:\/\/insideamateurfussball-ffm.de\/wp-content\/uploads\/2023\/04\/20230406_195837-1024x768.jpg\" alt=\"\" class=\"wp-image-7035\" srcset=\"https:\/\/insideamateurfussball-ffm.de\/wp-content\/uploads\/2023\/04\/20230406_195837-1024x768.jpg 1024w, https:\/\/insideamateurfussball-ffm.de\/wp-content\/uploads\/2023\/04\/20230406_195837-300x225.jpg 300w, https:\/\/insideamateurfussball-ffm.de\/wp-content\/uploads\/2023\/04\/20230406_195837-768x576.jpg 768w, https:\/\/insideamateurfussball-ffm.de\/wp-content\/uploads\/2023\/04\/20230406_195837-1536x1152.jpg 1536w, https:\/\/insideamateurfussball-ffm.de\/wp-content\/uploads\/2023\/04\/20230406_195837-2048x1536.jpg 2048w\" sizes=\"auto, (max-width: 1024px) 100vw, 1024px\" \/><\/figure>\n\n\n\n<figure class=\"wp-block-gallery has-nested-images columns-default is-cropped wp-block-gallery-1 is-layout-flex wp-block-gallery-is-layout-flex\">\n<figure class=\"wp-block-image size-large is-style-rounded\"><img loading=\"lazy\" decoding=\"async\" width=\"1024\" height=\"768\" data-id=\"7031\" src=\"http:\/\/insideamateurfussball-ffm.de\/wp-content\/uploads\/2023\/04\/20230406_192655-1024x768.jpg\" alt=\"\" class=\"wp-image-7031\" srcset=\"https:\/\/insideamateurfussball-ffm.de\/wp-content\/uploads\/2023\/04\/20230406_192655-1024x768.jpg 1024w, https:\/\/insideamateurfussball-ffm.de\/wp-content\/uploads\/2023\/04\/20230406_192655-300x225.jpg 300w, https:\/\/insideamateurfussball-ffm.de\/wp-content\/uploads\/2023\/04\/20230406_192655-768x576.jpg 768w, https:\/\/insideamateurfussball-ffm.de\/wp-content\/uploads\/2023\/04\/20230406_192655-1536x1152.jpg 1536w, https:\/\/insideamateurfussball-ffm.de\/wp-content\/uploads\/2023\/04\/20230406_192655-2048x1536.jpg 2048w\" sizes=\"auto, (max-width: 1024px) 100vw, 1024px\" \/><\/figure>\n<\/figure>\n\n\n\n<figure class=\"wp-block-image size-large is-style-rounded\"><img loading=\"lazy\" decoding=\"async\" width=\"1024\" height=\"768\" src=\"http:\/\/insideamateurfussball-ffm.de\/wp-content\/uploads\/2023\/04\/20230406_193124-1024x768.jpg\" alt=\"\" class=\"wp-image-7032\" srcset=\"https:\/\/insideamateurfussball-ffm.de\/wp-content\/uploads\/2023\/04\/20230406_193124-1024x768.jpg 1024w, https:\/\/insideamateurfussball-ffm.de\/wp-content\/uploads\/2023\/04\/20230406_193124-300x225.jpg 300w, https:\/\/insideamateurfussball-ffm.de\/wp-content\/uploads\/2023\/04\/20230406_193124-768x576.jpg 768w, https:\/\/insideamateurfussball-ffm.de\/wp-content\/uploads\/2023\/04\/20230406_193124-1536x1152.jpg 1536w, https:\/\/insideamateurfussball-ffm.de\/wp-content\/uploads\/2023\/04\/20230406_193124-2048x1536.jpg 2048w\" sizes=\"auto, (max-width: 1024px) 100vw, 1024px\" \/><\/figure>\n\n\n\n<figure class=\"wp-block-gallery has-nested-images columns-default is-cropped wp-block-gallery-2 is-layout-flex wp-block-gallery-is-layout-flex\">\n<figure class=\"wp-block-image size-large is-style-rounded\"><img loading=\"lazy\" decoding=\"async\" width=\"1024\" height=\"768\" data-id=\"7034\" src=\"http:\/\/insideamateurfussball-ffm.de\/wp-content\/uploads\/2023\/04\/20230406_195832-1024x768.jpg\" alt=\"\" class=\"wp-image-7034\" srcset=\"https:\/\/insideamateurfussball-ffm.de\/wp-content\/uploads\/2023\/04\/20230406_195832-1024x768.jpg 1024w, https:\/\/insideamateurfussball-ffm.de\/wp-content\/uploads\/2023\/04\/20230406_195832-300x225.jpg 300w, https:\/\/insideamateurfussball-ffm.de\/wp-content\/uploads\/2023\/04\/20230406_195832-768x576.jpg 768w, https:\/\/insideamateurfussball-ffm.de\/wp-content\/uploads\/2023\/04\/20230406_195832-1536x1152.jpg 1536w, https:\/\/insideamateurfussball-ffm.de\/wp-content\/uploads\/2023\/04\/20230406_195832-2048x1536.jpg 2048w\" sizes=\"auto, (max-width: 1024px) 100vw, 1024px\" \/><\/figure>\n<\/figure>\n\n\n\n<figure class=\"wp-block-image size-large is-style-rounded\"><img loading=\"lazy\" decoding=\"async\" width=\"1024\" height=\"768\" src=\"http:\/\/insideamateurfussball-ffm.de\/wp-content\/uploads\/2023\/04\/20230406_204112-1024x768.jpg\" alt=\"\" class=\"wp-image-7036\" srcset=\"https:\/\/insideamateurfussball-ffm.de\/wp-content\/uploads\/2023\/04\/20230406_204112-1024x768.jpg 1024w, https:\/\/insideamateurfussball-ffm.de\/wp-content\/uploads\/2023\/04\/20230406_204112-300x225.jpg 300w, https:\/\/insideamateurfussball-ffm.de\/wp-content\/uploads\/2023\/04\/20230406_204112-768x576.jpg 768w, https:\/\/insideamateurfussball-ffm.de\/wp-content\/uploads\/2023\/04\/20230406_204112-1536x1152.jpg 1536w, https:\/\/insideamateurfussball-ffm.de\/wp-content\/uploads\/2023\/04\/20230406_204112-2048x1536.jpg 2048w\" sizes=\"auto, (max-width: 1024px) 100vw, 1024px\" \/><\/figure>\n","protected":false},"excerpt":{"rendered":"<p>Bereits am Gr\u00fcndonnerstag fand in der Verbandsliga S\u00fcd das Stadtderby zwischen dem FV Bad Vilbel und dem SC Dortelweil statt. Die Gastgeber gewannen mit 3:2 (2:1) und machten einen weiteren Schritt in Richtung Klassenerhalt.\u00a0 FV Bad Vilbel &#8211; SC Dortelweil 3:2 (2:1) Sieben von neun m\u00f6glichen Punkten hat der neue Trainer Roland Stipp schon gesammelt. [&hellip;]<\/p>\n","protected":false},"author":1,"featured_media":7033,"comment_status":"open","ping_status":"open","sticky":false,"template":"","format":"standard","meta":{"footnotes":""},"categories":[10],"tags":[],"class_list":["post-7037","post","type-post","status-publish","format-standard","has-post-thumbnail","hentry","category-verbandsliga-sued"],"_links":{"self":[{"href":"https:\/\/insideamateurfussball-ffm.de\/index.php?rest_route=\/wp\/v2\/posts\/7037","targetHints":{"allow":["GET"]}}],"collection":[{"href":"https:\/\/insideamateurfussball-ffm.de\/index.php?rest_route=\/wp\/v2\/posts"}],"about":[{"href":"https:\/\/insideamateurfussball-ffm.de\/index.php?rest_route=\/wp\/v2\/types\/post"}],"author":[{"embeddable":true,"href":"https:\/\/insideamateurfussball-ffm.de\/index.php?rest_route=\/wp\/v2\/users\/1"}],"replies":[{"embeddable":true,"href":"https:\/\/insideamateurfussball-ffm.de\/index.php?rest_route=%2Fwp%2Fv2%2Fcomments&post=7037"}],"version-history":[{"count":1,"href":"https:\/\/insideamateurfussball-ffm.de\/index.php?rest_route=\/wp\/v2\/posts\/7037\/revisions"}],"predecessor-version":[{"id":7038,"href":"https:\/\/insideamateurfussball-ffm.de\/index.php?rest_route=\/wp\/v2\/posts\/7037\/revisions\/7038"}],"wp:featuredmedia":[{"embeddable":true,"href":"https:\/\/insideamateurfussball-ffm.de\/index.php?rest_route=\/wp\/v2\/media\/7033"}],"wp:attachment":[{"href":"https:\/\/insideamateurfussball-ffm.de\/index.php?rest_route=%2Fwp%2Fv2%2Fmedia&parent=7037"}],"wp:term":[{"taxonomy":"category","embeddable":true,"href":"https:\/\/insideamateurfussball-ffm.de\/index.php?rest_route=%2Fwp%2Fv2%2Fcategories&post=7037"},{"taxonomy":"post_tag","embeddable":true,"href":"https:\/\/insideamateurfussball-ffm.de\/index.php?rest_route=%2Fwp%2Fv2%2Ftags&post=7037"}],"curies":[{"name":"wp","href":"https:\/\/api.w.org\/{rel}","templated":true}]}}