{"id":7005,"date":"2023-04-07T21:14:18","date_gmt":"2023-04-07T19:14:18","guid":{"rendered":"http:\/\/insideamateurfussball-ffm.de\/?p=7005"},"modified":"2025-01-25T14:36:38","modified_gmt":"2025-01-25T13:36:38","slug":"21-kosova-schaltet-rot-weiss-aus","status":"publish","type":"post","link":"https:\/\/insideamateurfussball-ffm.de\/?p=7005","title":{"rendered":"2:1! Kosova schaltet Rot-Weiss aus"},"content":{"rendered":"<h4>Der FC Kosova hat am Mittwochabend die \u00dcberraschung geschafft und den zwei Klassen h\u00f6her spielenden Verbandsligisten Rot-Weiss Frankfurt im Viertelfinale des Kreispokals ausgeschaltet. Mit 2:1 (1:1) setzte sich der Kreisoberligist durch und trifft im Halbfinale wie im Vorjahr auf den aktuellen Tabellenzweiten der Verbandsliga S\u00fcd, die SG Bornheim\/Gr\u00fcn-Wei\u00df.\u00a0<\/h4>\n<p>\u00a0<\/p>\n<figure id=\"attachment_7006\" aria-describedby=\"caption-attachment-7006\" style=\"width: 1076px\" class=\"wp-caption alignnone\"><img loading=\"lazy\" decoding=\"async\" class=\"wp-image-7006 size-full\" src=\"http:\/\/insideamateurfussball-ffm.de\/wp-content\/uploads\/2023\/04\/po5.jpg\" alt=\"\" width=\"1076\" height=\"749\" srcset=\"https:\/\/insideamateurfussball-ffm.de\/wp-content\/uploads\/2023\/04\/po5.jpg 1076w, https:\/\/insideamateurfussball-ffm.de\/wp-content\/uploads\/2023\/04\/po5-300x209.jpg 300w, https:\/\/insideamateurfussball-ffm.de\/wp-content\/uploads\/2023\/04\/po5-1024x713.jpg 1024w, https:\/\/insideamateurfussball-ffm.de\/wp-content\/uploads\/2023\/04\/po5-768x535.jpg 768w\" sizes=\"auto, (max-width: 1076px) 100vw, 1076px\" \/><figcaption id=\"caption-attachment-7006\" class=\"wp-caption-text\">Der FC Kosova schaffte die \u00dcberraschung und zog ins Halbfinale ein. Foto: Mithat G\u00fcrser.\u00a0\u00a0<\/figcaption><\/figure>\n<h4>FC Kosova &#8211; Rot-Weiss Frankfurt 2:1 (1:1)<\/h4>\n<p><img loading=\"lazy\" decoding=\"async\" class=\"alignnone size-full wp-image-9\" src=\"http:\/\/insideamateurfussball-ffm.de\/wp-content\/uploads\/2021\/11\/Kosova.jpg\" alt=\"\" width=\"65\" height=\"80\" \/><img loading=\"lazy\" decoding=\"async\" class=\"alignnone size-full wp-image-120\" src=\"http:\/\/insideamateurfussball-ffm.de\/wp-content\/uploads\/2022\/05\/rot-weiss.png\" alt=\"\" width=\"80\" height=\"70\" \/><\/p>\n<p>Die Partie wurde kurzfristig auf den Kunstrasenplatz des VfR Bockenheim verlegt, da der Rasenplatz an der Wilhelm-Epstein-Stra\u00dfe nicht bespielbar war. Wie so oft im Kreispokal zeigte sich Kosova hochmotiviert gegen die mit einem Rumpfkader von 14 Spielern angekommenen G\u00e4ste. Auf Zuspiel von Leon Dashi hatte Raisi Zalla die erste Schusschance, aber Dusan Zbiljic im Tor der &#8222;Roten&#8220; hielt. Nach etwa zehn Minuten unterbrach Schiedsrichter Lasse Braun kurz, um den muslimischen Spielern im Fastenmonat Ramadan die Fl\u00fcssigkeitszunahme zu erm\u00f6glichen. Kosova spielte von Beginn an forsch auf, zeigte keine Ehrfurcht vor dem Verbandsligisten. Auf der anderen Seite setzte sich Murat Tiryaki in Szene, Kosova-Torh\u00fcter Murati Erjol hielt. Die vielleicht spielentscheidende Szene ereignete sich dann in der 22. Minute. Ben Penndorf zog gegen Kosovas Denis Memedi im Strafraum die Notbremse.<\/p>\n<p>Es gab nicht nur Elfmeter f\u00fcr die Kosovaren, sondern auch noch die Rote Karte gegen Penndorf (22.). Den f\u00e4lligen Foulelfmeter verwandelte Kapit\u00e4n Frenklin Sefa zum 1:0 (24.). Nur 68 Zuschauer sahen dann, wie RW-Kapit\u00e4n Patrick G\u00fcrser einen Foulelfmeter auf der anderen Seite zum 1:1 versenkte (37.). Der Au\u00dfenseiter bekam im zweiten Abschnitt einen weiteren Elfmeter zugesprochen, der aber wenige Sekunden sp\u00e4ter wieder zur\u00fcckgenommen wurde. Kosovas Co-Trainer Adrian Dashi regte sich dar\u00fcber derart auf, dass ihm die Gelbe Karte vor die Nase gehalten wurde. Nachdem Memedi die Gastgeber nach einem Klasse Zuspiel mit 2:1 nach vorne gebracht hatte (74.), bahnte sich die \u00dcberraschung an. Erst recht, als G\u00e4steakteur Ayoub Lahchaychi eine Zeitstrafe erhielt (ab 78.) und Rot-Weiss f\u00fcr die folgenden zehn Minuten sogar nur mit neun Spielern auskommen musste.<\/p>\n<blockquote>\n<h4>&#8222;Wir sind immer gut f\u00fcr \u00dcberraschungen&#8220; (Kosovas Spielausschusschef Rudi Statovci)<\/h4>\n<\/blockquote>\n<p>Es ergaben sich weitreichende R\u00e4ume zum Kontern f\u00fcr das Team aus der Kreisoberliga, die Dashi mit seinem Pfostenschuss in der Nachspielzeit nicht vollenden konnte. Tiryaki f\u00fcr Rot-Weiss hatte noch den Ausgleich auf dem Fu\u00df, dann war aber Schluss. Kosovas Spielausschusschef Rudi Statovci jubelte \u00fcber den Pokalcoup: &#8222;Wir sind immer gut f\u00fcr \u00dcberraschungen. Heute haben die Jungs hier gek\u00e4mpft und alles gegeben und gezeigt, dass wir Fu\u00dfball spielen k\u00f6nnen.&#8220; Ab wann man an das Weiterkommen geglaubt hat? &#8222;Als wir 1:0 f\u00fchrten, habe ich gewusst, dass es Rot-Weiss nicht leicht haben w\u00fcrde. Sie sollten bis zur letzten Sekunde zu tun haben. Ich war voll davon \u00fcberzeugt, dass wir in die n\u00e4chste Runde einziehen. Wir hatten auch mehr Chancen durch Konter noch. Der Sieg ist verdient. Ich gratuliere meiner Mannschaft, dem Trainerteam und freue mich f\u00fcr alle Albaner in Frankfurt&#8220;, sagte Statovci. Die Neuauflage des letztj\u00e4hrigen Halbfinales gegen Bornheim (2:3) werde am 10. Mai ein echtes Highlight, dann wieder an der Wilhelm-Epstein-Stra\u00dfe.<\/p>\n<p>&#8222;Im Fu\u00dfball ist alles m\u00f6glich. Ich glaube, die Mannschaft wird alles geben, um erstmals das Finale zu erreichen. Wir sind eine Pokalmannschaft und schon zum vierten Mal im Halbfinale&#8220;, hob Statovci hervor. Entt\u00e4uschung dagegen bei Rot-Weiss: Im f\u00fcnften Duell mit einem Kreisoberligisten in Folge reichte es diesmal nicht zum Weiterkommen und man verabschiedete sich aus dem Wettbewerb. Co-Trainer Mirko Kelava gratulierte dem Gegner: &#8222;Gl\u00fcckwunsch an FC Kosova zum Weiterkommen. Die haben aufopferungvoll gek\u00e4mpft. Vorne haben wir massenhaft auch kl\u00e4glich Chancen liegen lassen und hinten waren wir zweimal unachtsam. Selbst in Unterzahl hatten wir genug Chancen auf Tore, aber wenn wir die nicht machen, k\u00f6nnen wir nicht weiter kommen.&#8220; Kelava bedauerte das Pokalaus: &#8222;Das m\u00fcssen wir jetzt akzeptieren. Es ist schade, dass wir raus sind.&#8220;\u00a0<\/p>\n<h4>Schiedsrichter: Lasse Braun (FC Fortuna Frankfurt). Zuschauer: 68.<\/h4>\n<h4>Tore: 1:0 Frenklin Sefa (24.\/Foulelfmeter), 1:1 Patrick G\u00fcrser (37.\/Foulelfmeter), 2:1 Denis Memedi (74.).<\/h4>\n<blockquote>\n<h4>Bildergalerie: Mithat G\u00fcrser war in Bockenheim vor Ort! Vielen Dank!\u00a0<\/h4>\n<\/blockquote>\n<p>\u00a0<\/p>\n\n\n<figure class=\"wp-block-image size-large is-resized is-style-rounded\"><img loading=\"lazy\" decoding=\"async\" src=\"http:\/\/insideamateurfussball-ffm.de\/wp-content\/uploads\/2023\/04\/pok4-3-1024x703.jpg\" alt=\"\" class=\"wp-image-7007\" width=\"840\" height=\"576\" srcset=\"https:\/\/insideamateurfussball-ffm.de\/wp-content\/uploads\/2023\/04\/pok4-3-1024x703.jpg 1024w, https:\/\/insideamateurfussball-ffm.de\/wp-content\/uploads\/2023\/04\/pok4-3-300x206.jpg 300w, https:\/\/insideamateurfussball-ffm.de\/wp-content\/uploads\/2023\/04\/pok4-3-768x527.jpg 768w, https:\/\/insideamateurfussball-ffm.de\/wp-content\/uploads\/2023\/04\/pok4-3.jpg 1091w\" sizes=\"auto, (max-width: 840px) 100vw, 840px\" \/><\/figure>\n\n\n\n<figure class=\"wp-block-gallery has-nested-images columns-default is-cropped wp-block-gallery-1 is-layout-flex wp-block-gallery-is-layout-flex\">\n<figure class=\"wp-block-image size-large is-style-rounded\"><img loading=\"lazy\" decoding=\"async\" width=\"1024\" height=\"723\" data-id=\"7008\" src=\"http:\/\/insideamateurfussball-ffm.de\/wp-content\/uploads\/2023\/04\/pok12-3-1024x723.jpg\" alt=\"\" class=\"wp-image-7008\" srcset=\"https:\/\/insideamateurfussball-ffm.de\/wp-content\/uploads\/2023\/04\/pok12-3-1024x723.jpg 1024w, https:\/\/insideamateurfussball-ffm.de\/wp-content\/uploads\/2023\/04\/pok12-3-300x212.jpg 300w, https:\/\/insideamateurfussball-ffm.de\/wp-content\/uploads\/2023\/04\/pok12-3-768x542.jpg 768w, https:\/\/insideamateurfussball-ffm.de\/wp-content\/uploads\/2023\/04\/pok12-3.jpg 1061w\" sizes=\"auto, (max-width: 1024px) 100vw, 1024px\" \/><\/figure>\n<\/figure>\n\n\n\n<figure class=\"wp-block-image size-large is-style-rounded\"><img loading=\"lazy\" decoding=\"async\" width=\"1024\" height=\"713\" src=\"http:\/\/insideamateurfussball-ffm.de\/wp-content\/uploads\/2023\/04\/po3-1024x713.jpg\" alt=\"\" class=\"wp-image-7009\" srcset=\"https:\/\/insideamateurfussball-ffm.de\/wp-content\/uploads\/2023\/04\/po3-1024x713.jpg 1024w, https:\/\/insideamateurfussball-ffm.de\/wp-content\/uploads\/2023\/04\/po3-300x209.jpg 300w, https:\/\/insideamateurfussball-ffm.de\/wp-content\/uploads\/2023\/04\/po3-768x535.jpg 768w, https:\/\/insideamateurfussball-ffm.de\/wp-content\/uploads\/2023\/04\/po3.jpg 1076w\" sizes=\"auto, (max-width: 1024px) 100vw, 1024px\" \/><\/figure>\n\n\n\n<figure class=\"wp-block-gallery has-nested-images columns-default is-cropped wp-block-gallery-2 is-layout-flex wp-block-gallery-is-layout-flex\">\n<figure class=\"wp-block-image size-large is-style-rounded\"><img loading=\"lazy\" decoding=\"async\" width=\"1024\" height=\"682\" data-id=\"7010\" src=\"http:\/\/insideamateurfussball-ffm.de\/wp-content\/uploads\/2023\/04\/po11-1024x682.jpg\" alt=\"\" class=\"wp-image-7010\" srcset=\"https:\/\/insideamateurfussball-ffm.de\/wp-content\/uploads\/2023\/04\/po11-1024x682.jpg 1024w, https:\/\/insideamateurfussball-ffm.de\/wp-content\/uploads\/2023\/04\/po11-300x200.jpg 300w, https:\/\/insideamateurfussball-ffm.de\/wp-content\/uploads\/2023\/04\/po11-768x511.jpg 768w, https:\/\/insideamateurfussball-ffm.de\/wp-content\/uploads\/2023\/04\/po11.jpg 1125w\" sizes=\"auto, (max-width: 1024px) 100vw, 1024px\" \/><\/figure>\n<\/figure>\n\n\n\n<figure class=\"wp-block-image size-large is-style-rounded\"><img loading=\"lazy\" decoding=\"async\" width=\"1024\" height=\"696\" src=\"http:\/\/insideamateurfussball-ffm.de\/wp-content\/uploads\/2023\/04\/pok8-3-1024x696.jpg\" alt=\"\" class=\"wp-image-7011\" srcset=\"https:\/\/insideamateurfussball-ffm.de\/wp-content\/uploads\/2023\/04\/pok8-3-1024x696.jpg 1024w, https:\/\/insideamateurfussball-ffm.de\/wp-content\/uploads\/2023\/04\/pok8-3-300x204.jpg 300w, https:\/\/insideamateurfussball-ffm.de\/wp-content\/uploads\/2023\/04\/pok8-3-768x522.jpg 768w, https:\/\/insideamateurfussball-ffm.de\/wp-content\/uploads\/2023\/04\/pok8-3.jpg 1102w\" sizes=\"auto, (max-width: 1024px) 100vw, 1024px\" \/><\/figure>\n\n\n\n<figure class=\"wp-block-gallery has-nested-images columns-default is-cropped wp-block-gallery-3 is-layout-flex wp-block-gallery-is-layout-flex\">\n<figure class=\"wp-block-image size-large is-style-rounded\"><img loading=\"lazy\" decoding=\"async\" width=\"1024\" height=\"699\" data-id=\"7012\" src=\"http:\/\/insideamateurfussball-ffm.de\/wp-content\/uploads\/2023\/04\/po2-1024x699.jpg\" alt=\"\" class=\"wp-image-7012\" srcset=\"https:\/\/insideamateurfussball-ffm.de\/wp-content\/uploads\/2023\/04\/po2-1024x699.jpg 1024w, https:\/\/insideamateurfussball-ffm.de\/wp-content\/uploads\/2023\/04\/po2-300x205.jpg 300w, https:\/\/insideamateurfussball-ffm.de\/wp-content\/uploads\/2023\/04\/po2-768x524.jpg 768w, https:\/\/insideamateurfussball-ffm.de\/wp-content\/uploads\/2023\/04\/po2.jpg 1098w\" sizes=\"auto, (max-width: 1024px) 100vw, 1024px\" \/><\/figure>\n<\/figure>\n\n\n\n<figure class=\"wp-block-image size-large is-style-rounded\"><img loading=\"lazy\" decoding=\"async\" width=\"1024\" height=\"729\" src=\"http:\/\/insideamateurfussball-ffm.de\/wp-content\/uploads\/2023\/04\/po10-1024x729.jpg\" alt=\"\" class=\"wp-image-7013\" srcset=\"https:\/\/insideamateurfussball-ffm.de\/wp-content\/uploads\/2023\/04\/po10-1024x729.jpg 1024w, https:\/\/insideamateurfussball-ffm.de\/wp-content\/uploads\/2023\/04\/po10-300x214.jpg 300w, https:\/\/insideamateurfussball-ffm.de\/wp-content\/uploads\/2023\/04\/po10-768x547.jpg 768w, https:\/\/insideamateurfussball-ffm.de\/wp-content\/uploads\/2023\/04\/po10.jpg 1052w\" sizes=\"auto, (max-width: 1024px) 100vw, 1024px\" \/><\/figure>\n\n\n\n<figure class=\"wp-block-gallery has-nested-images columns-default is-cropped wp-block-gallery-4 is-layout-flex wp-block-gallery-is-layout-flex\">\n<figure class=\"wp-block-image size-large is-style-rounded\"><img loading=\"lazy\" decoding=\"async\" width=\"1024\" height=\"707\" data-id=\"7014\" src=\"http:\/\/insideamateurfussball-ffm.de\/wp-content\/uploads\/2023\/04\/pok7-2-1024x707.jpg\" alt=\"\" class=\"wp-image-7014\" srcset=\"https:\/\/insideamateurfussball-ffm.de\/wp-content\/uploads\/2023\/04\/pok7-2-1024x707.jpg 1024w, https:\/\/insideamateurfussball-ffm.de\/wp-content\/uploads\/2023\/04\/pok7-2-300x207.jpg 300w, https:\/\/insideamateurfussball-ffm.de\/wp-content\/uploads\/2023\/04\/pok7-2-768x530.jpg 768w, https:\/\/insideamateurfussball-ffm.de\/wp-content\/uploads\/2023\/04\/pok7-2.jpg 1085w\" sizes=\"auto, (max-width: 1024px) 100vw, 1024px\" \/><\/figure>\n<\/figure>\n\n\n\n<figure class=\"wp-block-image size-large is-style-rounded\"><img loading=\"lazy\" decoding=\"async\" width=\"1024\" height=\"704\" src=\"http:\/\/insideamateurfussball-ffm.de\/wp-content\/uploads\/2023\/04\/po1-1024x704.jpg\" alt=\"\" class=\"wp-image-7015\" srcset=\"https:\/\/insideamateurfussball-ffm.de\/wp-content\/uploads\/2023\/04\/po1-1024x704.jpg 1024w, https:\/\/insideamateurfussball-ffm.de\/wp-content\/uploads\/2023\/04\/po1-300x206.jpg 300w, https:\/\/insideamateurfussball-ffm.de\/wp-content\/uploads\/2023\/04\/po1-768x528.jpg 768w, https:\/\/insideamateurfussball-ffm.de\/wp-content\/uploads\/2023\/04\/po1.jpg 1090w\" sizes=\"auto, (max-width: 1024px) 100vw, 1024px\" \/><\/figure>\n\n\n\n<figure class=\"wp-block-gallery has-nested-images columns-default is-cropped wp-block-gallery-5 is-layout-flex wp-block-gallery-is-layout-flex\">\n<figure class=\"wp-block-image size-large is-style-rounded\"><img loading=\"lazy\" decoding=\"async\" width=\"1024\" height=\"701\" data-id=\"7016\" src=\"http:\/\/insideamateurfussball-ffm.de\/wp-content\/uploads\/2023\/04\/po9-1024x701.jpg\" alt=\"\" class=\"wp-image-7016\" srcset=\"https:\/\/insideamateurfussball-ffm.de\/wp-content\/uploads\/2023\/04\/po9-1024x701.jpg 1024w, https:\/\/insideamateurfussball-ffm.de\/wp-content\/uploads\/2023\/04\/po9-300x205.jpg 300w, https:\/\/insideamateurfussball-ffm.de\/wp-content\/uploads\/2023\/04\/po9-768x526.jpg 768w, https:\/\/insideamateurfussball-ffm.de\/wp-content\/uploads\/2023\/04\/po9.jpg 1094w\" sizes=\"auto, (max-width: 1024px) 100vw, 1024px\" \/><\/figure>\n<\/figure>\n\n\n\n<figure class=\"wp-block-image size-large is-style-rounded\"><img loading=\"lazy\" decoding=\"async\" width=\"1024\" height=\"713\" src=\"http:\/\/insideamateurfussball-ffm.de\/wp-content\/uploads\/2023\/04\/pok6-3-1024x713.jpg\" alt=\"\" class=\"wp-image-7017\" srcset=\"https:\/\/insideamateurfussball-ffm.de\/wp-content\/uploads\/2023\/04\/pok6-3-1024x713.jpg 1024w, https:\/\/insideamateurfussball-ffm.de\/wp-content\/uploads\/2023\/04\/pok6-3-300x209.jpg 300w, https:\/\/insideamateurfussball-ffm.de\/wp-content\/uploads\/2023\/04\/pok6-3-768x535.jpg 768w, https:\/\/insideamateurfussball-ffm.de\/wp-content\/uploads\/2023\/04\/pok6-3.jpg 1075w\" sizes=\"auto, (max-width: 1024px) 100vw, 1024px\" \/><\/figure>\n\n\n\n<figure class=\"wp-block-gallery has-nested-images columns-default is-cropped wp-block-gallery-6 is-layout-flex wp-block-gallery-is-layout-flex\">\n<figure class=\"wp-block-image size-large is-style-rounded\"><img loading=\"lazy\" decoding=\"async\" width=\"1024\" height=\"702\" data-id=\"7018\" src=\"http:\/\/insideamateurfussball-ffm.de\/wp-content\/uploads\/2023\/04\/pok13-4-1024x702.jpg\" alt=\"\" class=\"wp-image-7018\" srcset=\"https:\/\/insideamateurfussball-ffm.de\/wp-content\/uploads\/2023\/04\/pok13-4-1024x702.jpg 1024w, https:\/\/insideamateurfussball-ffm.de\/wp-content\/uploads\/2023\/04\/pok13-4-300x206.jpg 300w, https:\/\/insideamateurfussball-ffm.de\/wp-content\/uploads\/2023\/04\/pok13-4-768x527.jpg 768w, https:\/\/insideamateurfussball-ffm.de\/wp-content\/uploads\/2023\/04\/pok13-4.jpg 1092w\" sizes=\"auto, (max-width: 1024px) 100vw, 1024px\" \/><\/figure>\n<\/figure>\n","protected":false},"excerpt":{"rendered":"<p>Der FC Kosova hat am Mittwochabend die \u00dcberraschung geschafft und den zwei Klassen h\u00f6her spielenden Verbandsligisten Rot-Weiss Frankfurt im Viertelfinale des Kreispokals ausgeschaltet. Mit 2:1 (1:1) setzte sich der Kreisoberligist durch und trifft im Halbfinale wie im Vorjahr auf den aktuellen Tabellenzweiten der Verbandsliga S\u00fcd, die SG Bornheim\/Gr\u00fcn-Wei\u00df.\u00a0 \u00a0 FC Kosova &#8211; Rot-Weiss Frankfurt 2:1 [&hellip;]<\/p>\n","protected":false},"author":1,"featured_media":7006,"comment_status":"open","ping_status":"open","sticky":false,"template":"","format":"standard","meta":{"footnotes":""},"categories":[9],"tags":[],"class_list":["post-7005","post","type-post","status-publish","format-standard","has-post-thumbnail","hentry","category-kreispokal"],"_links":{"self":[{"href":"https:\/\/insideamateurfussball-ffm.de\/index.php?rest_route=\/wp\/v2\/posts\/7005","targetHints":{"allow":["GET"]}}],"collection":[{"href":"https:\/\/insideamateurfussball-ffm.de\/index.php?rest_route=\/wp\/v2\/posts"}],"about":[{"href":"https:\/\/insideamateurfussball-ffm.de\/index.php?rest_route=\/wp\/v2\/types\/post"}],"author":[{"embeddable":true,"href":"https:\/\/insideamateurfussball-ffm.de\/index.php?rest_route=\/wp\/v2\/users\/1"}],"replies":[{"embeddable":true,"href":"https:\/\/insideamateurfussball-ffm.de\/index.php?rest_route=%2Fwp%2Fv2%2Fcomments&post=7005"}],"version-history":[{"count":1,"href":"https:\/\/insideamateurfussball-ffm.de\/index.php?rest_route=\/wp\/v2\/posts\/7005\/revisions"}],"predecessor-version":[{"id":7019,"href":"https:\/\/insideamateurfussball-ffm.de\/index.php?rest_route=\/wp\/v2\/posts\/7005\/revisions\/7019"}],"wp:featuredmedia":[{"embeddable":true,"href":"https:\/\/insideamateurfussball-ffm.de\/index.php?rest_route=\/wp\/v2\/media\/7006"}],"wp:attachment":[{"href":"https:\/\/insideamateurfussball-ffm.de\/index.php?rest_route=%2Fwp%2Fv2%2Fmedia&parent=7005"}],"wp:term":[{"taxonomy":"category","embeddable":true,"href":"https:\/\/insideamateurfussball-ffm.de\/index.php?rest_route=%2Fwp%2Fv2%2Fcategories&post=7005"},{"taxonomy":"post_tag","embeddable":true,"href":"https:\/\/insideamateurfussball-ffm.de\/index.php?rest_route=%2Fwp%2Fv2%2Ftags&post=7005"}],"curies":[{"name":"wp","href":"https:\/\/api.w.org\/{rel}","templated":true}]}}