{"id":6970,"date":"2023-04-07T18:46:06","date_gmt":"2023-04-07T16:46:06","guid":{"rendered":"http:\/\/insideamateurfussball-ffm.de\/?p=6970"},"modified":"2025-01-25T14:36:49","modified_gmt":"2025-01-25T13:36:49","slug":"50-union-niederrad-deutlich-gegen-westend","status":"publish","type":"post","link":"https:\/\/insideamateurfussball-ffm.de\/?p=6970","title":{"rendered":"5:0! Union Niederrad deutlich gegen Westend"},"content":{"rendered":"<h4>Mit dem 5:0 (1:0) gegen die SG Westend hat Union Niederrad einen weiteren Schritt in Richtung Klassenerhalt in der Kreisoberliga Frankfurt get\u00e4tigt. F\u00fcr den Gruppenliga-Absteiger wird es hingegen immer enger. Der Vorsprung auf den Vorletzten FC Posavina ist mittlerweile auf f\u00fcnf Punkte zusammen geschmolzen.<\/h4>\n<figure id=\"attachment_6971\" aria-describedby=\"caption-attachment-6971\" style=\"width: 1600px\" class=\"wp-caption alignnone\"><img loading=\"lazy\" decoding=\"async\" class=\"wp-image-6971 size-full\" src=\"http:\/\/insideamateurfussball-ffm.de\/wp-content\/uploads\/2023\/04\/unioner6.jpg\" alt=\"\" width=\"1600\" height=\"747\" srcset=\"https:\/\/insideamateurfussball-ffm.de\/wp-content\/uploads\/2023\/04\/unioner6.jpg 1600w, https:\/\/insideamateurfussball-ffm.de\/wp-content\/uploads\/2023\/04\/unioner6-300x140.jpg 300w, https:\/\/insideamateurfussball-ffm.de\/wp-content\/uploads\/2023\/04\/unioner6-1024x478.jpg 1024w, https:\/\/insideamateurfussball-ffm.de\/wp-content\/uploads\/2023\/04\/unioner6-768x359.jpg 768w, https:\/\/insideamateurfussball-ffm.de\/wp-content\/uploads\/2023\/04\/unioner6-1536x717.jpg 1536w\" sizes=\"auto, (max-width: 1600px) 100vw, 1600px\" \/><figcaption id=\"caption-attachment-6971\" class=\"wp-caption-text\">Union Niederrad machte f\u00fcr uns vor dem Spiel ein Temfoto. Foto: Union Niederrad.\u00a0\u00a0<\/figcaption><\/figure>\n<h4>Union Niederrad &#8211; SG Westend 5:0 (1:0)<\/h4>\n<p><img loading=\"lazy\" decoding=\"async\" class=\"alignnone size-full wp-image-38\" src=\"http:\/\/insideamateurfussball-ffm.de\/wp-content\/uploads\/2021\/11\/Union-Niederrad.jpg\" alt=\"\" width=\"80\" height=\"80\" \/><img loading=\"lazy\" decoding=\"async\" class=\"alignnone size-full wp-image-611\" src=\"http:\/\/insideamateurfussball-ffm.de\/wp-content\/uploads\/2022\/06\/Westend.png\" alt=\"\" width=\"69\" height=\"80\" \/><\/p>\n<p>Ein Abwehrfehler der G\u00e4ste beg\u00fcnstigte das 1:0 der Niederr\u00e4der durch Caspar Oechsler (11.). Beide Mannschaften hatten in der Folge Torchancen. &#8222;Wir wussten, dass wir geduldig spielen m\u00fcssen. Wir wollten Westend im Laufe der Zeit den Schneid abkaufen. Das ist uns in der zweiten Halbzeit gelungen&#8220;, erkl\u00e4rte Union-Vorsitzender Khalid Lamjahed.<\/p>\n<p>Er hob Oechsler hervor, der zu den vier weiteren Toren in der Schlussphase die Vorlagen servierte. &#8222;Wir hatten im Laufe der Zeit immer mehr konditionelle und l\u00e4uferische Vorteile. Das haben wir ausgenutzt. So hatten wir unsere Torchancen, um so ein Spiel in dieser H\u00f6he zu gewinnen&#8220;, berichtete Lamjahed.<\/p>\n<blockquote>\n<h4>&#8222;Wir waren gleichwertig, aber am Ende ging uns die Luft aus&#8220; (Westends Sportlicher leiter Thomas Horn)<\/h4>\n<\/blockquote>\n<p>Adam Langhans (77.), zweimal Tobias Pietschek (79.\/81.) und Paul Gundermann (88.) trafen noch f\u00fcr Union Niederrad. &#8222;Ich bin m\u00e4chtig stolz auf die Mannschaft, da wir auch viel laufen und k\u00e4mpfen mussten. Die Mannschaft wei\u00df, worum es geht, da wir den Klassenerhalt noch nicht rechnerisch sicher haben.&#8220;<\/p>\n<p>Westends Sportlicher Leiter Thomas Horn stellte fest: &#8222;Wir waren gleichwertig, aber am Ende ging uns die Luft aus. Wir m\u00fcssen uns nach Ostern dringend zusammensetzen und wieder anfangen zu trainieren.&#8220;<\/p>\n<h4>Schiedsrichter: Mustafa Ayhan (Seckmauern). Zuschauer: 60.<\/h4>\n<h4>Tore: 1:0 Caspar Oechsler (11.), 2:0 Adam Langhans (77.), 3:0, 4:0 Tobias Pietschek (79.\/81.), 5:0 Paul Gundermann (88.).<\/h4>\n","protected":false},"excerpt":{"rendered":"<p>Mit dem 5:0 (1:0) gegen die SG Westend hat Union Niederrad einen weiteren Schritt in Richtung Klassenerhalt in der Kreisoberliga Frankfurt get\u00e4tigt. F\u00fcr den Gruppenliga-Absteiger wird es hingegen immer enger. Der Vorsprung auf den Vorletzten FC Posavina ist mittlerweile auf f\u00fcnf Punkte zusammen geschmolzen. Union Niederrad &#8211; SG Westend 5:0 (1:0) Ein Abwehrfehler der G\u00e4ste [&hellip;]<\/p>\n","protected":false},"author":1,"featured_media":6971,"comment_status":"open","ping_status":"open","sticky":false,"template":"","format":"standard","meta":{"footnotes":""},"categories":[2],"tags":[],"class_list":["post-6970","post","type-post","status-publish","format-standard","has-post-thumbnail","hentry","category-kreisoberliga-frankfurt"],"_links":{"self":[{"href":"https:\/\/insideamateurfussball-ffm.de\/index.php?rest_route=\/wp\/v2\/posts\/6970","targetHints":{"allow":["GET"]}}],"collection":[{"href":"https:\/\/insideamateurfussball-ffm.de\/index.php?rest_route=\/wp\/v2\/posts"}],"about":[{"href":"https:\/\/insideamateurfussball-ffm.de\/index.php?rest_route=\/wp\/v2\/types\/post"}],"author":[{"embeddable":true,"href":"https:\/\/insideamateurfussball-ffm.de\/index.php?rest_route=\/wp\/v2\/users\/1"}],"replies":[{"embeddable":true,"href":"https:\/\/insideamateurfussball-ffm.de\/index.php?rest_route=%2Fwp%2Fv2%2Fcomments&post=6970"}],"version-history":[{"count":3,"href":"https:\/\/insideamateurfussball-ffm.de\/index.php?rest_route=\/wp\/v2\/posts\/6970\/revisions"}],"predecessor-version":[{"id":7004,"href":"https:\/\/insideamateurfussball-ffm.de\/index.php?rest_route=\/wp\/v2\/posts\/6970\/revisions\/7004"}],"wp:featuredmedia":[{"embeddable":true,"href":"https:\/\/insideamateurfussball-ffm.de\/index.php?rest_route=\/wp\/v2\/media\/6971"}],"wp:attachment":[{"href":"https:\/\/insideamateurfussball-ffm.de\/index.php?rest_route=%2Fwp%2Fv2%2Fmedia&parent=6970"}],"wp:term":[{"taxonomy":"category","embeddable":true,"href":"https:\/\/insideamateurfussball-ffm.de\/index.php?rest_route=%2Fwp%2Fv2%2Fcategories&post=6970"},{"taxonomy":"post_tag","embeddable":true,"href":"https:\/\/insideamateurfussball-ffm.de\/index.php?rest_route=%2Fwp%2Fv2%2Ftags&post=6970"}],"curies":[{"name":"wp","href":"https:\/\/api.w.org\/{rel}","templated":true}]}}