{"id":6966,"date":"2023-04-06T17:11:17","date_gmt":"2023-04-06T15:11:17","guid":{"rendered":"http:\/\/insideamateurfussball-ffm.de\/?p=6966"},"modified":"2025-01-25T14:36:54","modified_gmt":"2025-01-25T13:36:54","slug":"griesheim-springt-gluecklich-auf-zweiten-rang","status":"publish","type":"post","link":"https:\/\/insideamateurfussball-ffm.de\/?p=6966","title":{"rendered":"Griesheim springt gl\u00fccklich auf zweiten Rang"},"content":{"rendered":"<h4>Concordia Eschersheim bot der Spvgg. 02 Griesheim am Sonntag in der Kreisoberliga Frankfurt Paroli. Die Concorden unterlagen aber am Rosegger etwas ungl\u00fccklich mit 1:2 (0:1). Die G\u00e4ste sprangen damit den zweiten Platz, der zur Teilnahme an der Relegation zur Gruppenliga Frankfurt West berechtigt und gehen mit einem guten Gef\u00fchl in die Osterpause.<\/h4>\n<figure id=\"attachment_6968\" aria-describedby=\"caption-attachment-6968\" style=\"width: 1440px\" class=\"wp-caption alignnone\"><img loading=\"lazy\" decoding=\"async\" class=\"wp-image-6968 size-full\" src=\"http:\/\/insideamateurfussball-ffm.de\/wp-content\/uploads\/2023\/04\/Team02.jpg\" alt=\"\" width=\"1440\" height=\"1080\" srcset=\"https:\/\/insideamateurfussball-ffm.de\/wp-content\/uploads\/2023\/04\/Team02.jpg 1440w, https:\/\/insideamateurfussball-ffm.de\/wp-content\/uploads\/2023\/04\/Team02-300x225.jpg 300w, https:\/\/insideamateurfussball-ffm.de\/wp-content\/uploads\/2023\/04\/Team02-1024x768.jpg 1024w, https:\/\/insideamateurfussball-ffm.de\/wp-content\/uploads\/2023\/04\/Team02-768x576.jpg 768w\" sizes=\"auto, (max-width: 1440px) 100vw, 1440px\" \/><figcaption id=\"caption-attachment-6968\" class=\"wp-caption-text\">So soll es sein. Teamfoto der Spvgg. Griesheim nach dem Ausw\u00e4rtssieg bei Concordia Eschersheim. Foto: Verein.\u00a0\u00a0<\/figcaption><\/figure>\n<h4>Concordia Eschersheim &#8211; Spvgg. 02 Griesheim 1:2 (0:1)<\/h4>\n<p><img loading=\"lazy\" decoding=\"async\" class=\"alignnone size-full wp-image-37\" src=\"http:\/\/insideamateurfussball-ffm.de\/wp-content\/uploads\/2021\/11\/1sv07_news2_4178_01_01_02.jpg\" alt=\"\" width=\"80\" height=\"80\" \/><img loading=\"lazy\" decoding=\"async\" class=\"alignnone size-full wp-image-14\" src=\"http:\/\/insideamateurfussball-ffm.de\/wp-content\/uploads\/2021\/11\/SpVgg._02_Griesheim_02.jpg\" alt=\"\" width=\"100\" height=\"100\" \/><\/p>\n<p>Concordia-Trainer Andre Winter bedauerte nach dem Abpfiff: &#8222;Eine sehr ungl\u00fcckliche Niederlage. Da w\u00e4re mindestens ein Punkt drin gewesen.&#8220; Griesheim f\u00fchrte durch den aus der Reserve bef\u00f6rderten Daniel Sikorski (29.). &#8222;Nachdem wir sehr gut zur\u00fcckgekommen sind belohnen wir uns am Ende f\u00fcr den Aufwand nicht&#8220;, sagte Winter und meinte damit die Phase nach dem 1:1 durch Justin Mathwig (76.). Statt selbst in F\u00fchrung zu gehen, kassierte die Concordia durch einen Kopfball von Enver Kelmendi noch das 1:2 (82.). In der Nachspielzeit erhielt Heimakteur Averil Ringheim nach einer &#8222;ungl\u00fccklichen Notbremse&#8220; die Rote Karte (90.\/+2).<\/p>\n<p>Dennoch lobte Winter &#8222;den jungen Schiedsrichter, der sehr gut gepfiffen hat. Ohne Beobachter dr\u00fcckt er aber bestimmt ein Auge zu in der letzten Spielsituation, weil es keine Absicht war und nicht klar war, dass Griesheims Spieler noch an den Ball kommt.&#8220; Winter ist aber &#8222;sehr zufrieden mit der Leistungskurve in 2023. Machen wir so weiter, werden wir auf jeden Fall noch die n\u00f6tigen Punkte holen.&#8220; Ein gro\u00dfes Lob richtete Concordia Eschersheims Trainer an seinen jungen Kollegen Marco Santonastaso und die Griesheimer G\u00e4ste: &#8222;Hat man vor zwei oder drei Jahren noch einige Ordner auf dem Platz gebraucht, gehts mittlerweile um Fu\u00dfball, was die Spiele viel interessanter und besser macht.&#8220;<\/p>\n<blockquote>\n<h4>&#8222;Wir wussten, dass es dort gegen eine disziplinierte Mannschaft schwer ist zu gewinnen&#8220; (Griesheims Trainer Marco Santonastaso)<\/h4>\n<\/blockquote>\n<p>Santonastaso gab zu: &#8222;Wir sind tats\u00e4chlich der gl\u00fcckliche Sieger. Concordia hat das Spiel dominiert und besseren Fu\u00dfball gespielt. Zeitweise hat es so ausgesehen, als st\u00fcnde der Gegner auf Rang zwei. Wir wussten, dass es dort gegen eine disziplinierte Mannschaft schwer ist zu gewinnen.&#8220; Am Ende aber z\u00e4hlen eben nur die drei wichtigen Punkte im Rennen um den Relegationsplatz. Santonastaso w\u00fcnscht sich &#8222;Sch\u00fctzenhilfe anderer Vereine, die noch gegen Bornheim II spielen.&#8220;<\/p>\n<p>Denn aus eigener Kraft kann Griesheim den zweiten Rang nicht halten, da die Bornheimer noch ein Spiel mehr zu absolvieren haben. Zur Personalie Sikorski sagte der Coach: &#8222;Da die Zweite Mannschaft wahrscheinlich nicht mehr aufsteigen kann, ist Daniel Sikorski wieder ein Bestandteil der Ersten Mannschaft und hat sich bereit erkl\u00e4rt, bei uns zu helfen. Mit einem richtigen Vollblutst\u00fcrmer agieren wir ganz anders. So ist er eine Verst\u00e4rkung f\u00fcr uns.&#8220;<\/p>\n<h4>Schiedsrichter: Bent Redeker (Frankfurt). Zuschauer: 150.<\/h4>\n<h4>Tore: 0:1 Daniel Sikorski (29.), 1:1 Justin Mathwig (76.), 1:2 Enver Kelmendi (82.).<\/h4>\n","protected":false},"excerpt":{"rendered":"<p>Concordia Eschersheim bot der Spvgg. 02 Griesheim am Sonntag in der Kreisoberliga Frankfurt Paroli. Die Concorden unterlagen aber am Rosegger etwas ungl\u00fccklich mit 1:2 (0:1). Die G\u00e4ste sprangen damit den zweiten Platz, der zur Teilnahme an der Relegation zur Gruppenliga Frankfurt West berechtigt und gehen mit einem guten Gef\u00fchl in die Osterpause. Concordia Eschersheim &#8211; [&hellip;]<\/p>\n","protected":false},"author":1,"featured_media":6968,"comment_status":"open","ping_status":"open","sticky":false,"template":"","format":"standard","meta":{"footnotes":""},"categories":[2],"tags":[],"class_list":["post-6966","post","type-post","status-publish","format-standard","has-post-thumbnail","hentry","category-kreisoberliga-frankfurt"],"_links":{"self":[{"href":"https:\/\/insideamateurfussball-ffm.de\/index.php?rest_route=\/wp\/v2\/posts\/6966","targetHints":{"allow":["GET"]}}],"collection":[{"href":"https:\/\/insideamateurfussball-ffm.de\/index.php?rest_route=\/wp\/v2\/posts"}],"about":[{"href":"https:\/\/insideamateurfussball-ffm.de\/index.php?rest_route=\/wp\/v2\/types\/post"}],"author":[{"embeddable":true,"href":"https:\/\/insideamateurfussball-ffm.de\/index.php?rest_route=\/wp\/v2\/users\/1"}],"replies":[{"embeddable":true,"href":"https:\/\/insideamateurfussball-ffm.de\/index.php?rest_route=%2Fwp%2Fv2%2Fcomments&post=6966"}],"version-history":[{"count":1,"href":"https:\/\/insideamateurfussball-ffm.de\/index.php?rest_route=\/wp\/v2\/posts\/6966\/revisions"}],"predecessor-version":[{"id":6969,"href":"https:\/\/insideamateurfussball-ffm.de\/index.php?rest_route=\/wp\/v2\/posts\/6966\/revisions\/6969"}],"wp:featuredmedia":[{"embeddable":true,"href":"https:\/\/insideamateurfussball-ffm.de\/index.php?rest_route=\/wp\/v2\/media\/6968"}],"wp:attachment":[{"href":"https:\/\/insideamateurfussball-ffm.de\/index.php?rest_route=%2Fwp%2Fv2%2Fmedia&parent=6966"}],"wp:term":[{"taxonomy":"category","embeddable":true,"href":"https:\/\/insideamateurfussball-ffm.de\/index.php?rest_route=%2Fwp%2Fv2%2Fcategories&post=6966"},{"taxonomy":"post_tag","embeddable":true,"href":"https:\/\/insideamateurfussball-ffm.de\/index.php?rest_route=%2Fwp%2Fv2%2Ftags&post=6966"}],"curies":[{"name":"wp","href":"https:\/\/api.w.org\/{rel}","templated":true}]}}