{"id":6944,"date":"2023-04-04T21:01:57","date_gmt":"2023-04-04T19:01:57","guid":{"rendered":"http:\/\/insideamateurfussball-ffm.de\/?p=6944"},"modified":"2025-01-25T14:37:28","modified_gmt":"2025-01-25T13:37:28","slug":"fechenheim-nur-noch-vier-punkte-zu-platz-eins","status":"publish","type":"post","link":"https:\/\/insideamateurfussball-ffm.de\/?p=6944","title":{"rendered":"Fechenheim nur noch vier Punkte zu Platz eins!"},"content":{"rendered":"<h4>Die Spvgg. 03 Fechenheim ist wieder zur\u00fcck in der Erfolgsspur und hat nach der 1:3-Niederlage beim FC Karben eine starke Reaktion gezeigt. Gegen den Tabellenf\u00fcnften T\u00fcrkischer SV Bad Nauheim gewannen die Fechenheimer mit 5:1 (1:0) und liegen jetzt nur noch vier Punkte hinter Tabellenf\u00fchrer Sportfreunde Friedrichsdorf zur\u00fcck, der gegen Karben daheim mit 2:5 unterging.<\/h4>\n<figure id=\"attachment_6945\" aria-describedby=\"caption-attachment-6945\" style=\"width: 1080px\" class=\"wp-caption alignnone\"><img loading=\"lazy\" decoding=\"async\" class=\"wp-image-6945 size-full\" src=\"http:\/\/insideamateurfussball-ffm.de\/wp-content\/uploads\/2023\/04\/fecherf.jpg\" alt=\"\" width=\"1080\" height=\"1350\" srcset=\"https:\/\/insideamateurfussball-ffm.de\/wp-content\/uploads\/2023\/04\/fecherf.jpg 1080w, https:\/\/insideamateurfussball-ffm.de\/wp-content\/uploads\/2023\/04\/fecherf-240x300.jpg 240w, https:\/\/insideamateurfussball-ffm.de\/wp-content\/uploads\/2023\/04\/fecherf-819x1024.jpg 819w, https:\/\/insideamateurfussball-ffm.de\/wp-content\/uploads\/2023\/04\/fecherf-768x960.jpg 768w\" sizes=\"auto, (max-width: 1080px) 100vw, 1080px\" \/><figcaption id=\"caption-attachment-6945\" class=\"wp-caption-text\">Fechenheimer Jubel nach einem der drei Tore von Spielmacher Ouassim Ouass. Foto: Patrick Gawlik.\u00a0<\/figcaption><\/figure>\n<h4>Spvgg. 03 Fechenheim &#8211; T\u00fcrkischer SV Bad Nauheim 5:1 (1:0)<\/h4>\n<p><img loading=\"lazy\" decoding=\"async\" class=\"alignnone size-full wp-image-434\" src=\"http:\/\/insideamateurfussball-ffm.de\/wp-content\/uploads\/2022\/05\/Fech03.jpg\" alt=\"\" width=\"52\" height=\"80\" \/><img loading=\"lazy\" decoding=\"async\" class=\"alignnone size-full wp-image-2300\" src=\"http:\/\/insideamateurfussball-ffm.de\/wp-content\/uploads\/2022\/08\/TSVBN.jpg\" alt=\"\" width=\"80\" height=\"80\" \/><\/p>\n<p>Dass die Fechenheimer wieder in die Erfolgsspur gerieten, verdankten sie auf dem Kunstrasenplatz an der Pfortenstra\u00dfe ihrem Torh\u00fcter Armin Buchholz, der in der Anfangsphase TSV-Chancen durch Noah P\u00f6litz und Tosunoglu parierte. &#8222;Buchholz hat ganz stark gehalten und uns mit seinen Reflexen im Spiel gehalten&#8220;, betonte Fechenheims Vereinschef Reinhold Schmidt. Die Fechenheimer F\u00fchrung zur Pause durch Giovanbattista Pedace (41.) sei gl\u00fccklich gewesen, denn &#8222;die erste H\u00e4lfte geh\u00f6rte Bad Nauheim.&#8220; Nach dem Seitenwechsel lagen die Spielanteile mehr bei den Gastgebern, die durch einen an Pedace verwirkten Foulelfmeter durch Ouassim Ouass erh\u00f6hten (52.).<\/p>\n<h4>\u00dcberragender Ouassim Ouass mit drei Toren<\/h4>\n<p>Auf Zuspiel von Thomas Schmidt-Isermann erh\u00f6hte Kevin Klein auf 3:0 (53.). &#8222;Das waren zwei geniale Momente&#8220;, sagte Schmidt. Den G\u00e4sten gelang au\u00dfer Simon Kammers 3:1 (65.) nicht mehr z\u00e4hlbares. Der \u00fcberragende Ouass legte noch das 4:1 nach (69.) und markierte den Endstand per direktem Freisto\u00df (75.). <span style=\"font-size: revert; color: initial;\">&#8222;Wir stehen zurecht da oben&#8220;, f\u00fcgte Schmidt hinzu, dessen Team nur noch vier Z\u00e4hler hinter Tabellenf\u00fchrer Friedrichsdorf liegt.<\/span><\/p>\n<h4>Schiedsrichter: Nikolas Czypull (TSV Reichenbach). Zuschauer: 103.<\/h4>\n<h4>Tore: 1:0 Giovanbattista Pedace (41.), 2:0 Ouassim Ouass (51.), 3:0 Kevin Klein (52.), 3:1 Simon Kammer (65.), 4:1, 5:1 Ouassim Ouass (75.).<\/h4>\n","protected":false},"excerpt":{"rendered":"<p>Die Spvgg. 03 Fechenheim ist wieder zur\u00fcck in der Erfolgsspur und hat nach der 1:3-Niederlage beim FC Karben eine starke Reaktion gezeigt. Gegen den Tabellenf\u00fcnften T\u00fcrkischer SV Bad Nauheim gewannen die Fechenheimer mit 5:1 (1:0) und liegen jetzt nur noch vier Punkte hinter Tabellenf\u00fchrer Sportfreunde Friedrichsdorf zur\u00fcck, der gegen Karben daheim mit 2:5 unterging. Spvgg. [&hellip;]<\/p>\n","protected":false},"author":1,"featured_media":6945,"comment_status":"open","ping_status":"open","sticky":false,"template":"","format":"standard","meta":{"footnotes":""},"categories":[13],"tags":[],"class_list":["post-6944","post","type-post","status-publish","format-standard","has-post-thumbnail","hentry","category-gruppenliga-frankfurt-west"],"_links":{"self":[{"href":"https:\/\/insideamateurfussball-ffm.de\/index.php?rest_route=\/wp\/v2\/posts\/6944","targetHints":{"allow":["GET"]}}],"collection":[{"href":"https:\/\/insideamateurfussball-ffm.de\/index.php?rest_route=\/wp\/v2\/posts"}],"about":[{"href":"https:\/\/insideamateurfussball-ffm.de\/index.php?rest_route=\/wp\/v2\/types\/post"}],"author":[{"embeddable":true,"href":"https:\/\/insideamateurfussball-ffm.de\/index.php?rest_route=\/wp\/v2\/users\/1"}],"replies":[{"embeddable":true,"href":"https:\/\/insideamateurfussball-ffm.de\/index.php?rest_route=%2Fwp%2Fv2%2Fcomments&post=6944"}],"version-history":[{"count":1,"href":"https:\/\/insideamateurfussball-ffm.de\/index.php?rest_route=\/wp\/v2\/posts\/6944\/revisions"}],"predecessor-version":[{"id":6946,"href":"https:\/\/insideamateurfussball-ffm.de\/index.php?rest_route=\/wp\/v2\/posts\/6944\/revisions\/6946"}],"wp:featuredmedia":[{"embeddable":true,"href":"https:\/\/insideamateurfussball-ffm.de\/index.php?rest_route=\/wp\/v2\/media\/6945"}],"wp:attachment":[{"href":"https:\/\/insideamateurfussball-ffm.de\/index.php?rest_route=%2Fwp%2Fv2%2Fmedia&parent=6944"}],"wp:term":[{"taxonomy":"category","embeddable":true,"href":"https:\/\/insideamateurfussball-ffm.de\/index.php?rest_route=%2Fwp%2Fv2%2Fcategories&post=6944"},{"taxonomy":"post_tag","embeddable":true,"href":"https:\/\/insideamateurfussball-ffm.de\/index.php?rest_route=%2Fwp%2Fv2%2Ftags&post=6944"}],"curies":[{"name":"wp","href":"https:\/\/api.w.org\/{rel}","templated":true}]}}