{"id":6941,"date":"2023-04-04T20:47:06","date_gmt":"2023-04-04T18:47:06","guid":{"rendered":"http:\/\/insideamateurfussball-ffm.de\/?p=6941"},"modified":"2025-01-25T14:29:52","modified_gmt":"2025-01-25T13:29:52","slug":"fg-seckbach-dritter-sieg-in-folge","status":"publish","type":"post","link":"https:\/\/insideamateurfussball-ffm.de\/?p=6941","title":{"rendered":"FG Seckbach: Dritter Sieg in Folge!"},"content":{"rendered":"<h4>Durch drei Siege in Folge steuert die FG Seckbach auf die zw\u00f6lfte Gruppenliga-Saison in Folge zu. Auch gegen den 1. FC-TSG K\u00f6nigstein blieben die Punkte durch den 2:1 (1:0)-Sieg an der Hochst\u00e4dter Stra\u00dfe.<\/h4>\n<figure id=\"attachment_6942\" aria-describedby=\"caption-attachment-6942\" style=\"width: 1440px\" class=\"wp-caption alignnone\"><img loading=\"lazy\" decoding=\"async\" class=\"wp-image-6942 size-full\" src=\"http:\/\/insideamateurfussball-ffm.de\/wp-content\/uploads\/2023\/04\/Seck20.jpg\" alt=\"\" width=\"1440\" height=\"1800\" srcset=\"https:\/\/insideamateurfussball-ffm.de\/wp-content\/uploads\/2023\/04\/Seck20.jpg 1440w, https:\/\/insideamateurfussball-ffm.de\/wp-content\/uploads\/2023\/04\/Seck20-240x300.jpg 240w, https:\/\/insideamateurfussball-ffm.de\/wp-content\/uploads\/2023\/04\/Seck20-819x1024.jpg 819w, https:\/\/insideamateurfussball-ffm.de\/wp-content\/uploads\/2023\/04\/Seck20-768x960.jpg 768w, https:\/\/insideamateurfussball-ffm.de\/wp-content\/uploads\/2023\/04\/Seck20-1229x1536.jpg 1229w\" sizes=\"auto, (max-width: 1440px) 100vw, 1440px\" \/><figcaption id=\"caption-attachment-6942\" class=\"wp-caption-text\">Seckbachs Nummer 20, Amir Reza Chasebi Mamoori, f\u00fchrt den Ball. Foto: Maikel Fuhrmann.<\/figcaption><\/figure>\n<h4>FG Seckbach &#8211; 1. FC-TSG K\u00f6nigstein 2:1 (1:0)<\/h4>\n<p><img loading=\"lazy\" decoding=\"async\" class=\"alignnone size-full wp-image-544\" src=\"http:\/\/insideamateurfussball-ffm.de\/wp-content\/uploads\/2022\/06\/Seckbach.jpg\" alt=\"\" width=\"80\" height=\"80\" \/><img loading=\"lazy\" decoding=\"async\" class=\"alignnone size-full wp-image-1396\" src=\"http:\/\/insideamateurfussball-ffm.de\/wp-content\/uploads\/2022\/07\/koenigstein.png\" alt=\"\" width=\"80\" height=\"72\" \/><\/p>\n<p>2:0 gegen die SG Ober-Erlenbach, 4:2 bei der Usinger TSG und 2:1 gegen den 1. FC-TSG K\u00f6nigstein. Durch neun Punkte in drei Spielen hat sich Seckbach im Abstiegskampf Luft verschafft und sich auf Platz 13 verbessert, der bei einem wahrscheinlichen verminderten Abstieg zum Klassenerhalt langt. Maximilian Waas brachte Seckbach in F\u00fchrung (36.) und sah nach einem Gerangel im zweiten Abschnitt &#8222;Rot&#8220; (73.). K\u00f6nigsteins Gianluca Radtke wurde wegen wiederholten Foulspiels mit &#8222;Gelb-Rot&#8220; des Feldes verwiesen (65.).<\/p>\n<h4>Nach der Osterpause bei Bosnien<\/h4>\n<p>Philip Tielsen glich f\u00fcr den Hochtaunus-Club aus (78.). Am Ende markierte Raphael Sahl aus dem Gew\u00fchl heraus den Siegtreffer der Seckbacher (85.). &#8222;Das war ein extrem wichtiger Sieg&#8220;, atmete Seckbachs Spielertrainer Manuel May kr\u00e4ftig durch. Nach der Osterpause geht es f\u00fcr die Blau-Wei\u00dfen mit einem Frankfurter Duell ausw\u00e4rts beim SV BKC Bosnien weiter.<\/p>\n<h4>Schiedsrichter: Patrick Sierla (KEWA Wachenbuchen). Zuschauer: 120.<\/h4>\n<h4>Tore: 1:0 Maximilian Waas (36.), 1:1 Philip Tielsen (78.), 2:1 Raphael Sahl (85.).<\/h4>\n","protected":false},"excerpt":{"rendered":"<p>Durch drei Siege in Folge steuert die FG Seckbach auf die zw\u00f6lfte Gruppenliga-Saison in Folge zu. Auch gegen den 1. FC-TSG K\u00f6nigstein blieben die Punkte durch den 2:1 (1:0)-Sieg an der Hochst\u00e4dter Stra\u00dfe. FG Seckbach &#8211; 1. FC-TSG K\u00f6nigstein 2:1 (1:0) 2:0 gegen die SG Ober-Erlenbach, 4:2 bei der Usinger TSG und 2:1 gegen den [&hellip;]<\/p>\n","protected":false},"author":1,"featured_media":6942,"comment_status":"open","ping_status":"open","sticky":false,"template":"","format":"standard","meta":{"footnotes":""},"categories":[13],"tags":[],"class_list":["post-6941","post","type-post","status-publish","format-standard","has-post-thumbnail","hentry","category-gruppenliga-frankfurt-west"],"_links":{"self":[{"href":"https:\/\/insideamateurfussball-ffm.de\/index.php?rest_route=\/wp\/v2\/posts\/6941","targetHints":{"allow":["GET"]}}],"collection":[{"href":"https:\/\/insideamateurfussball-ffm.de\/index.php?rest_route=\/wp\/v2\/posts"}],"about":[{"href":"https:\/\/insideamateurfussball-ffm.de\/index.php?rest_route=\/wp\/v2\/types\/post"}],"author":[{"embeddable":true,"href":"https:\/\/insideamateurfussball-ffm.de\/index.php?rest_route=\/wp\/v2\/users\/1"}],"replies":[{"embeddable":true,"href":"https:\/\/insideamateurfussball-ffm.de\/index.php?rest_route=%2Fwp%2Fv2%2Fcomments&post=6941"}],"version-history":[{"count":1,"href":"https:\/\/insideamateurfussball-ffm.de\/index.php?rest_route=\/wp\/v2\/posts\/6941\/revisions"}],"predecessor-version":[{"id":6943,"href":"https:\/\/insideamateurfussball-ffm.de\/index.php?rest_route=\/wp\/v2\/posts\/6941\/revisions\/6943"}],"wp:featuredmedia":[{"embeddable":true,"href":"https:\/\/insideamateurfussball-ffm.de\/index.php?rest_route=\/wp\/v2\/media\/6942"}],"wp:attachment":[{"href":"https:\/\/insideamateurfussball-ffm.de\/index.php?rest_route=%2Fwp%2Fv2%2Fmedia&parent=6941"}],"wp:term":[{"taxonomy":"category","embeddable":true,"href":"https:\/\/insideamateurfussball-ffm.de\/index.php?rest_route=%2Fwp%2Fv2%2Fcategories&post=6941"},{"taxonomy":"post_tag","embeddable":true,"href":"https:\/\/insideamateurfussball-ffm.de\/index.php?rest_route=%2Fwp%2Fv2%2Ftags&post=6941"}],"curies":[{"name":"wp","href":"https:\/\/api.w.org\/{rel}","templated":true}]}}