{"id":694,"date":"2022-06-13T16:51:51","date_gmt":"2022-06-13T16:51:51","guid":{"rendered":"http:\/\/insideamateurfussball-ffm.de\/?p=694"},"modified":"2025-01-03T18:13:41","modified_gmt":"2025-01-03T17:13:41","slug":"fechenheim-auf-rang-fuenf-bester-frankfurter-vertreter","status":"publish","type":"post","link":"https:\/\/insideamateurfussball-ffm.de\/?p=694","title":{"rendered":"Fechenheim auf Rang f\u00fcnf bester Frankfurter Vertreter"},"content":{"rendered":"<h5>Spvgg. 03 Fechenheim &#8211; T\u00fcrkischer SV Bad Nauheim 5:3 (3:2)<\/h5>\n<p><img loading=\"lazy\" decoding=\"async\" class=\"alignnone size-full wp-image-603\" src=\"http:\/\/insideamateurfussball-ffm.de\/wp-content\/uploads\/2022\/06\/Fech03.jpg\" alt=\"\" width=\"52\" height=\"80\" \/><img loading=\"lazy\" decoding=\"async\" class=\"alignnone size-full wp-image-695\" src=\"http:\/\/insideamateurfussball-ffm.de\/wp-content\/uploads\/2022\/06\/TSV-BN.jpg\" alt=\"\" width=\"78\" height=\"80\" \/><\/p>\n<figure id=\"attachment_696\" aria-describedby=\"caption-attachment-696\" style=\"width: 300px\" class=\"wp-caption alignnone\"><img loading=\"lazy\" decoding=\"async\" class=\"wp-image-696 size-medium\" src=\"http:\/\/insideamateurfussball-ffm.de\/wp-content\/uploads\/2022\/06\/SV03-300x225.jpg\" alt=\"\" width=\"300\" height=\"225\" \/><figcaption id=\"caption-attachment-696\" class=\"wp-caption-text\">Alle wurden zwar nicht geschlagen, aber Rang f\u00fcnf kann sich in Fechenheim sehen lassen. Foto: Pedro Acebes.<\/figcaption><\/figure>\n<p>Die Spvgg. 03 Fechenheim war in der abgelaufenen Saison 2021\/22 der beste Vertreter des Kreises Frankfurt in der Gruppenliga Frankfurt West. Mit 66 Punkten belegte die Mannschaft von Trainer Maximilian Schmidt den f\u00fcnften Tabellenplatz. Mit 114 Toren wurden die drittmeisten Treffer erzielt, allerdings auch beachtliche 73 Gegentreffer kassiert. &#8222;Es war eine tolle Saison. Der f\u00fcnfte Platz ist eine tolle Sache&#8220;, sagte der Vorsitzende Reinhold Schmidt nach dem abschlie\u00dfenden 5:3-Heimsieg gegen den T\u00fcrkischen SV Bad Nauheim.<\/p>\n<blockquote><p>&#8222;Es war eine tolle Saison. Der f\u00fcnfte Platz ist eine tolle Sache&#8220; (Fechenheims Vorsitzender Reinhold Schmidt)<\/p><\/blockquote>\n<p>Es ist im vierten Gruppenliga-Jahr in Folge das beste Abschneiden der Fechenheimer. Doch Erfolg weckt Begehrlichkeiten und so m\u00fcssen die 03er nach dem Abgang im Winter von Gallionsfigur Kamil Yikilmaz zu Hessenligist T\u00fcrk G\u00fcc\u00fc Friedberg nun den Abgang von Torj\u00e4ger Vincenzo Borzellino verkraften.<\/p>\n<p>Der Italiener spielte sich mit 32 Toren in den Blickpunkt von Ligakonkurrent Sportfreunde Friedrichsdorf. Immerhin konnte der Verein aber vermelden, dass Kapit\u00e4n Ouassim Ouass und zahlreiche andere Leistungstr\u00e4ger bleiben. Einige Neuzug\u00e4nge, darunter Seckbachs Julen Herrero Cennamo konnten bereits vorgestellt werden.<\/p>\n<p>Im letzten Saisonspiel teilten sich drei Spieler die acht Tore beider Teams auf. David Porras Rodriguez (3) und Giovanbattista Pedace (2) trafen auf dem neuen Kunstrasenplatz an der Pfortenstra\u00dfe f\u00fcr Fechenheim, f\u00fcr Bad Nauheim war Goalgetter Stanley Ike dreimal erfolgreich.<\/p>\n<h5>Tore: 1:0, 2:0 David Porras Rodriguez (20.\/22.), 3:0 Giovanbattista Pedace (36.), 3:1, 3:2 Stanley Ike (43.\/45.), 4:2 Giovanbattista Pedace (63.), 4:3 Stanley Ike (80.), 5:3 Giovanbattista Pedace (81.).<\/h5>\n","protected":false},"excerpt":{"rendered":"<p>Spvgg. 03 Fechenheim &#8211; T\u00fcrkischer SV Bad Nauheim 5:3 (3:2) Die Spvgg. 03 Fechenheim war in der abgelaufenen Saison 2021\/22 der beste Vertreter des Kreises Frankfurt in der Gruppenliga Frankfurt West. Mit 66 Punkten belegte die Mannschaft von Trainer Maximilian Schmidt den f\u00fcnften Tabellenplatz. Mit 114 Toren wurden die drittmeisten Treffer erzielt, allerdings auch beachtliche [&hellip;]<\/p>\n","protected":false},"author":1,"featured_media":0,"comment_status":"open","ping_status":"open","sticky":false,"template":"","format":"standard","meta":{"footnotes":""},"categories":[13],"tags":[],"class_list":["post-694","post","type-post","status-publish","format-standard","hentry","category-gruppenliga-frankfurt-west"],"_links":{"self":[{"href":"https:\/\/insideamateurfussball-ffm.de\/index.php?rest_route=\/wp\/v2\/posts\/694","targetHints":{"allow":["GET"]}}],"collection":[{"href":"https:\/\/insideamateurfussball-ffm.de\/index.php?rest_route=\/wp\/v2\/posts"}],"about":[{"href":"https:\/\/insideamateurfussball-ffm.de\/index.php?rest_route=\/wp\/v2\/types\/post"}],"author":[{"embeddable":true,"href":"https:\/\/insideamateurfussball-ffm.de\/index.php?rest_route=\/wp\/v2\/users\/1"}],"replies":[{"embeddable":true,"href":"https:\/\/insideamateurfussball-ffm.de\/index.php?rest_route=%2Fwp%2Fv2%2Fcomments&post=694"}],"version-history":[{"count":1,"href":"https:\/\/insideamateurfussball-ffm.de\/index.php?rest_route=\/wp\/v2\/posts\/694\/revisions"}],"predecessor-version":[{"id":697,"href":"https:\/\/insideamateurfussball-ffm.de\/index.php?rest_route=\/wp\/v2\/posts\/694\/revisions\/697"}],"wp:attachment":[{"href":"https:\/\/insideamateurfussball-ffm.de\/index.php?rest_route=%2Fwp%2Fv2%2Fmedia&parent=694"}],"wp:term":[{"taxonomy":"category","embeddable":true,"href":"https:\/\/insideamateurfussball-ffm.de\/index.php?rest_route=%2Fwp%2Fv2%2Fcategories&post=694"},{"taxonomy":"post_tag","embeddable":true,"href":"https:\/\/insideamateurfussball-ffm.de\/index.php?rest_route=%2Fwp%2Fv2%2Ftags&post=694"}],"curies":[{"name":"wp","href":"https:\/\/api.w.org\/{rel}","templated":true}]}}