{"id":6939,"date":"2023-04-04T20:25:07","date_gmt":"2023-04-04T18:25:07","guid":{"rendered":"http:\/\/insideamateurfussball-ffm.de\/?p=6939"},"modified":"2025-01-25T14:30:03","modified_gmt":"2025-01-25T13:30:03","slug":"kalbach-muss-sich-mit-22-begnuegen","status":"publish","type":"post","link":"https:\/\/insideamateurfussball-ffm.de\/?p=6939","title":{"rendered":"Kalbach muss sich mit 2:2 begn\u00fcgen"},"content":{"rendered":"<h4>Der FC Kalbach musste sich im Ausw\u00e4rtsspiel der Gruppenliga Frankfurt West bei der Spvgg. 05 Oberrad mit einem 2:2 begn\u00fcgen, obwohl der Tabellendritte zur Halbzeit mit 2:0 f\u00fchrte. Die Gastgeber glichen noch aus und hatten danach sogar noch Siegm\u00f6glichkeiten. Durch die 2:5-Heimniederlage von Tabellenf\u00fchrer Sportfreunde Friedrichsdorf gegen den Rangsechsten FC Karben r\u00fcckte das obere Drittel aber weiter zusammen.<\/h4>\n<figure id=\"attachment_3453\" aria-describedby=\"caption-attachment-3453\" style=\"width: 2560px\" class=\"wp-caption alignnone\"><img loading=\"lazy\" decoding=\"async\" class=\"wp-image-3453 size-full\" src=\"http:\/\/insideamateurfussball-ffm.de\/wp-content\/uploads\/2022\/10\/kalbachvsseckbach-68-scaled.jpg\" alt=\"\" width=\"2560\" height=\"1707\" \/><figcaption id=\"caption-attachment-3453\" class=\"wp-caption-text\">Achraf Gara Ali hat schon 32 Tore in dieser Saison markiert. Foto: Anzzo Sports.\u00a0\u00a0<\/figcaption><\/figure>\n<h4>Spvgg. 05 Oberrad &#8211; FC Kalbach 2:2 (0:2)<\/h4>\n<p><img loading=\"lazy\" decoding=\"async\" class=\"alignnone size-full wp-image-137\" src=\"http:\/\/insideamateurfussball-ffm.de\/wp-content\/uploads\/2022\/05\/Oberrad05.jpg\" alt=\"\" width=\"79\" height=\"80\" \/><img loading=\"lazy\" decoding=\"async\" class=\"alignnone size-full wp-image-16\" src=\"http:\/\/insideamateurfussball-ffm.de\/wp-content\/uploads\/2021\/11\/kalbach-wappen.jpg\" alt=\"\" width=\"80\" height=\"80\" \/><\/p>\n<p>Bei den Kalbachern standen inklusive Trainer Aaz-Dine Zarioh nur 14 Akteure auf dem Spielberichtsbogen. Trotz des letzten Aufgebotes kam der Aufsteiger gut ins Spiel und lag durch Aleksej Radulaski (4.) und dem 32. Saisontor von Goalgetter Achraf Gara Ali (27.) zur Pause mit 2:0 vorne. Nach dem Seitenwechsel \u00fcbernahm Oberrad das Kommando und verk\u00fcrzte auf Vorlage von Todi Vasilev durch Ersan Rovcanin auf 1:2 (67.).<\/p>\n<blockquote>\n<h4>&#8222;Wir waren m\u00fcde gegen l\u00e4uferisch starke Oberr\u00e4der, die uns hoch gepresst haben&#8220; (Kalbachs Trainer Aaz-Dine Zarioh)<\/h4>\n<\/blockquote>\n<p>Rovcanin versenkte einen Freisto\u00df aus 18 Metern zum Ausgleich (76.). In der Schlussminute vergab Gara Ali eine klare M\u00f6glichkeit der G\u00e4ste zum Siegtreffer. Oberrads Trainer Josip Coric lobte die &#8222;gute Teamleistung&#8220;, meinte aber auch: &#8222;Am Ende h\u00e4tten wir gewinnen m\u00fcssen.&#8220; Zarioh stellte hingegen klar: &#8222;Wir waren m\u00fcde gegen l\u00e4uferisch starke Oberr\u00e4der, die uns hoch gepresst haben.&#8220;<\/p>\n<h4>Schiedsrichter: Leonard Martin (VfB Ginsheim). Zuschauer: 60.<\/h4>\n<h4>Tore: 0:1 Aleksej Radulaski (4.), 0:2 Achraf Gara Ali (27.), 1:2, 2:2 Ersan Rovcanin (67.\/76.).<\/h4>\n","protected":false},"excerpt":{"rendered":"<p>Der FC Kalbach musste sich im Ausw\u00e4rtsspiel der Gruppenliga Frankfurt West bei der Spvgg. 05 Oberrad mit einem 2:2 begn\u00fcgen, obwohl der Tabellendritte zur Halbzeit mit 2:0 f\u00fchrte. Die Gastgeber glichen noch aus und hatten danach sogar noch Siegm\u00f6glichkeiten. Durch die 2:5-Heimniederlage von Tabellenf\u00fchrer Sportfreunde Friedrichsdorf gegen den Rangsechsten FC Karben r\u00fcckte das obere Drittel [&hellip;]<\/p>\n","protected":false},"author":1,"featured_media":0,"comment_status":"open","ping_status":"open","sticky":false,"template":"","format":"standard","meta":{"footnotes":""},"categories":[13],"tags":[],"class_list":["post-6939","post","type-post","status-publish","format-standard","hentry","category-gruppenliga-frankfurt-west"],"_links":{"self":[{"href":"https:\/\/insideamateurfussball-ffm.de\/index.php?rest_route=\/wp\/v2\/posts\/6939","targetHints":{"allow":["GET"]}}],"collection":[{"href":"https:\/\/insideamateurfussball-ffm.de\/index.php?rest_route=\/wp\/v2\/posts"}],"about":[{"href":"https:\/\/insideamateurfussball-ffm.de\/index.php?rest_route=\/wp\/v2\/types\/post"}],"author":[{"embeddable":true,"href":"https:\/\/insideamateurfussball-ffm.de\/index.php?rest_route=\/wp\/v2\/users\/1"}],"replies":[{"embeddable":true,"href":"https:\/\/insideamateurfussball-ffm.de\/index.php?rest_route=%2Fwp%2Fv2%2Fcomments&post=6939"}],"version-history":[{"count":1,"href":"https:\/\/insideamateurfussball-ffm.de\/index.php?rest_route=\/wp\/v2\/posts\/6939\/revisions"}],"predecessor-version":[{"id":6940,"href":"https:\/\/insideamateurfussball-ffm.de\/index.php?rest_route=\/wp\/v2\/posts\/6939\/revisions\/6940"}],"wp:attachment":[{"href":"https:\/\/insideamateurfussball-ffm.de\/index.php?rest_route=%2Fwp%2Fv2%2Fmedia&parent=6939"}],"wp:term":[{"taxonomy":"category","embeddable":true,"href":"https:\/\/insideamateurfussball-ffm.de\/index.php?rest_route=%2Fwp%2Fv2%2Fcategories&post=6939"},{"taxonomy":"post_tag","embeddable":true,"href":"https:\/\/insideamateurfussball-ffm.de\/index.php?rest_route=%2Fwp%2Fv2%2Ftags&post=6939"}],"curies":[{"name":"wp","href":"https:\/\/api.w.org\/{rel}","templated":true}]}}