{"id":691,"date":"2022-06-12T21:46:53","date_gmt":"2022-06-12T21:46:53","guid":{"rendered":"http:\/\/insideamateurfussball-ffm.de\/?p=691"},"modified":"2025-01-03T18:13:50","modified_gmt":"2025-01-03T17:13:50","slug":"absteiger-oberrad-ohne-ideen","status":"publish","type":"post","link":"https:\/\/insideamateurfussball-ffm.de\/?p=691","title":{"rendered":"Absteiger Oberrad ohne Ideen"},"content":{"rendered":"<h5>Germania Ober-Roden &#8211; Spvgg. 05 Oberrad 1:0 (0:0)<\/h5>\n<p><img loading=\"lazy\" decoding=\"async\" class=\"alignnone size-full wp-image-258\" src=\"http:\/\/insideamateurfussball-ffm.de\/wp-content\/uploads\/2022\/05\/GermOR.jpg\" alt=\"\" width=\"80\" height=\"78\" \/><img loading=\"lazy\" decoding=\"async\" class=\"alignnone size-full wp-image-137\" src=\"http:\/\/insideamateurfussball-ffm.de\/wp-content\/uploads\/2022\/05\/Oberrad05.jpg\" alt=\"\" width=\"79\" height=\"80\" \/><\/p>\n<figure id=\"attachment_692\" aria-describedby=\"caption-attachment-692\" style=\"width: 300px\" class=\"wp-caption alignnone\"><img loading=\"lazy\" decoding=\"async\" class=\"wp-image-692 size-medium\" src=\"http:\/\/insideamateurfussball-ffm.de\/wp-content\/uploads\/2022\/06\/sach1-300x211.jpg\" alt=\"\" width=\"300\" height=\"211\" \/><figcaption id=\"caption-attachment-692\" class=\"wp-caption-text\">Oberrads Trainer Sascha Amst\u00e4tter. Foto: Mithat G\u00fcrser.<\/figcaption><\/figure>\n<p>F\u00fcr die Spvgg. Oberrad geht es nach zwei Jahren Verbandsliga-Zugeh\u00f6rigkeit wieder eine Etage tiefer in die Gruppenliga. Ein vermeidbarer Abstieg mit einer vom Potenzial her ligatauglichen Mannschaft, der durch eine ein halbes Jahr andauernde Negativserie besiegelt wurde. Noch im November stand die Mannschaft unter der Leitung von Trainer G\u00fcltekin Cagritekin und Co-Trainer Roland Stipp, der dann im Fr\u00fchjahr f\u00fcr vier Wochen die alleinige Verantwortung trug, auf Rang acht und hatte 13 Punkte Vorsprung auf die Abstiegszone.<\/p>\n<p>Dann begann die beispiellose Talfahrt, die auch der erst seit Ende Mai t\u00e4tige neue Coach Sascha Amst\u00e4tter ungeachtet des 4:3-Sieges \u00fcber Rot-Wei\u00df Darmstadt nicht stoppen konnte.<\/p>\n<p>David Stemann markierte im letzten Saisonspiel in der 73. Minute den Treffer f\u00fcr die Gastgeber per Foulelfmeter, nachdem Feritan Yumak Germania-Kapit\u00e4n Marco Christophori-Como zu Fall gebracht hatte. Ober-Roden holte aus den letzten f\u00fcnf Spielen 13 Punkte und beendet die Saison auf Rang sechs. Die Gastgeber agierten diszipliniert in der Verteidigung, w\u00e4hrend Oberrad zu wenige Ideen im Offensivspiel hatte.<\/p>\n<blockquote><p>&#8222;Der letzte Ball wurde oft nicht sauber gespielt&#8220; (Oberrads Trainer Sascha Amst\u00e4tter)<\/p><\/blockquote>\n<p>&#8222;Der letzte Ball wurde oft nicht sauber gespielt, dazu fehlte das Durchsetzungsverm\u00f6gen&#8220;, monierte Trainer Sascha Amst\u00e4tter. Zwei gute Aktionen \u00fcber Bj\u00f6rn Rautenberg waren f\u00fcr den Absteiger zu wenig. Letztlich gab es f\u00fcr die G\u00e4ste keine nennenswerte Torm\u00f6glichkeit zu vermelden.<\/p>\n","protected":false},"excerpt":{"rendered":"<p>Germania Ober-Roden &#8211; Spvgg. 05 Oberrad 1:0 (0:0) F\u00fcr die Spvgg. Oberrad geht es nach zwei Jahren Verbandsliga-Zugeh\u00f6rigkeit wieder eine Etage tiefer in die Gruppenliga. Ein vermeidbarer Abstieg mit einer vom Potenzial her ligatauglichen Mannschaft, der durch eine ein halbes Jahr andauernde Negativserie besiegelt wurde. Noch im November stand die Mannschaft unter der Leitung von [&hellip;]<\/p>\n","protected":false},"author":1,"featured_media":0,"comment_status":"open","ping_status":"open","sticky":false,"template":"","format":"standard","meta":{"footnotes":""},"categories":[10],"tags":[],"class_list":["post-691","post","type-post","status-publish","format-standard","hentry","category-verbandsliga-sued"],"_links":{"self":[{"href":"https:\/\/insideamateurfussball-ffm.de\/index.php?rest_route=\/wp\/v2\/posts\/691","targetHints":{"allow":["GET"]}}],"collection":[{"href":"https:\/\/insideamateurfussball-ffm.de\/index.php?rest_route=\/wp\/v2\/posts"}],"about":[{"href":"https:\/\/insideamateurfussball-ffm.de\/index.php?rest_route=\/wp\/v2\/types\/post"}],"author":[{"embeddable":true,"href":"https:\/\/insideamateurfussball-ffm.de\/index.php?rest_route=\/wp\/v2\/users\/1"}],"replies":[{"embeddable":true,"href":"https:\/\/insideamateurfussball-ffm.de\/index.php?rest_route=%2Fwp%2Fv2%2Fcomments&post=691"}],"version-history":[{"count":1,"href":"https:\/\/insideamateurfussball-ffm.de\/index.php?rest_route=\/wp\/v2\/posts\/691\/revisions"}],"predecessor-version":[{"id":693,"href":"https:\/\/insideamateurfussball-ffm.de\/index.php?rest_route=\/wp\/v2\/posts\/691\/revisions\/693"}],"wp:attachment":[{"href":"https:\/\/insideamateurfussball-ffm.de\/index.php?rest_route=%2Fwp%2Fv2%2Fmedia&parent=691"}],"wp:term":[{"taxonomy":"category","embeddable":true,"href":"https:\/\/insideamateurfussball-ffm.de\/index.php?rest_route=%2Fwp%2Fv2%2Fcategories&post=691"},{"taxonomy":"post_tag","embeddable":true,"href":"https:\/\/insideamateurfussball-ffm.de\/index.php?rest_route=%2Fwp%2Fv2%2Ftags&post=691"}],"curies":[{"name":"wp","href":"https:\/\/api.w.org\/{rel}","templated":true}]}}