{"id":687,"date":"2022-06-12T21:25:16","date_gmt":"2022-06-12T21:25:16","guid":{"rendered":"http:\/\/insideamateurfussball-ffm.de\/?p=687"},"modified":"2025-01-03T18:13:57","modified_gmt":"2025-01-03T17:13:57","slug":"offensivspektakel-der-bosnier-zum-abschied","status":"publish","type":"post","link":"https:\/\/insideamateurfussball-ffm.de\/?p=687","title":{"rendered":"Offensivspektakel der Bosnier zum Abschied"},"content":{"rendered":"<h5>SV BKC Bosnien &#8211; SV Pars Neu-Isenburg 5:4 (3:3)<\/h5>\n<p><img loading=\"lazy\" decoding=\"async\" class=\"alignnone size-full wp-image-139\" src=\"http:\/\/insideamateurfussball-ffm.de\/wp-content\/uploads\/2022\/05\/Bosnien.jpg\" alt=\"\" width=\"79\" height=\"80\" \/><img loading=\"lazy\" decoding=\"async\" class=\"alignnone size-full wp-image-688\" src=\"http:\/\/insideamateurfussball-ffm.de\/wp-content\/uploads\/2022\/06\/pars.png\" alt=\"\" width=\"80\" height=\"78\" \/><\/p>\n<figure id=\"attachment_689\" aria-describedby=\"caption-attachment-689\" style=\"width: 300px\" class=\"wp-caption alignnone\"><img loading=\"lazy\" decoding=\"async\" class=\"wp-image-689 size-medium\" src=\"http:\/\/insideamateurfussball-ffm.de\/wp-content\/uploads\/2022\/06\/oberr6-300x214.jpg\" alt=\"\" width=\"300\" height=\"214\" \/><figcaption id=\"caption-attachment-689\" class=\"wp-caption-text\">Der SV BKC Bosnien &#8211; hier im Spiel gegen Oberrad in orangener Spielkleidung &#8211; verabschiedet sich mit einem 5:4-Sieg aus der Verbandsliga S\u00fcd. Foto: Mithat G\u00fcrser.<\/figcaption><\/figure>\n<p>Nach drei Jahren Verbandsliga-Zugeh\u00f6rigkeit muss der SV BKC Bosnien in die Gruppenliga Frankfurt West absteigen. Gegen Mitabsteiger SV Pars Neu-Isenburg gab es einen 5:4-Sieg. Beide Teams boten den Zuschauern an der Ackermannwiese noch einmal ein Offensivspektakel.<\/p>\n<blockquote><p>&#8222;Ein sch\u00f6nes Spiel ohne taktische Zw\u00e4nge (Bosniens Pressesprecher Admir Malohodzic)<\/p><\/blockquote>\n<p>BKC-Pressesprecher Admir Malohodzic berichtete von &#8222;einem sch\u00f6nen Spiel ohne taktische Zw\u00e4nge beiderseits. Das war eine gute Leistung nach vorne. Wir haben uns auch durch den fr\u00fchen R\u00fcckstand nicht geschlagen gegeben.&#8220; Die Partie bot ein st\u00e4ndiges Auf und Ab mit Chancen en masse auf beiden Seiten.<\/p>\n<p>Im zweiten Abschnitt geriet Bosnien erneut in R\u00fcckstand, glich aber per Foulelfmeter durch Asmir Hajdarovic aus, ehe Hamza Reko zwei Minuten sp\u00e4ter sogar den Siegtreffer markierte. Ein Pars-Akteur musste in der 83. Minute mit der Gelb-Roten Karte den Platz verlassen.<\/p>\n<h5>Tore: 0:1, 0:2 Ensar Bajrami (9.\/17.), 1:2, 2:2 Adis Hacecic (18.\/22., Foulelfmeter), 3:2 Semir Brkic (31.), 3:3 Vladimir Trucic (36.), 3:4 Younes Idrissi (52.), 4:4 Asmir Hajdarovic (72., Foulelfmeter), 5:4 Hamza Reko (74.).<\/h5>\n","protected":false},"excerpt":{"rendered":"<p>SV BKC Bosnien &#8211; SV Pars Neu-Isenburg 5:4 (3:3) Nach drei Jahren Verbandsliga-Zugeh\u00f6rigkeit muss der SV BKC Bosnien in die Gruppenliga Frankfurt West absteigen. Gegen Mitabsteiger SV Pars Neu-Isenburg gab es einen 5:4-Sieg. Beide Teams boten den Zuschauern an der Ackermannwiese noch einmal ein Offensivspektakel. &#8222;Ein sch\u00f6nes Spiel ohne taktische Zw\u00e4nge (Bosniens Pressesprecher Admir Malohodzic) [&hellip;]<\/p>\n","protected":false},"author":1,"featured_media":0,"comment_status":"open","ping_status":"open","sticky":false,"template":"","format":"standard","meta":{"footnotes":""},"categories":[10],"tags":[],"class_list":["post-687","post","type-post","status-publish","format-standard","hentry","category-verbandsliga-sued"],"_links":{"self":[{"href":"https:\/\/insideamateurfussball-ffm.de\/index.php?rest_route=\/wp\/v2\/posts\/687","targetHints":{"allow":["GET"]}}],"collection":[{"href":"https:\/\/insideamateurfussball-ffm.de\/index.php?rest_route=\/wp\/v2\/posts"}],"about":[{"href":"https:\/\/insideamateurfussball-ffm.de\/index.php?rest_route=\/wp\/v2\/types\/post"}],"author":[{"embeddable":true,"href":"https:\/\/insideamateurfussball-ffm.de\/index.php?rest_route=\/wp\/v2\/users\/1"}],"replies":[{"embeddable":true,"href":"https:\/\/insideamateurfussball-ffm.de\/index.php?rest_route=%2Fwp%2Fv2%2Fcomments&post=687"}],"version-history":[{"count":1,"href":"https:\/\/insideamateurfussball-ffm.de\/index.php?rest_route=\/wp\/v2\/posts\/687\/revisions"}],"predecessor-version":[{"id":690,"href":"https:\/\/insideamateurfussball-ffm.de\/index.php?rest_route=\/wp\/v2\/posts\/687\/revisions\/690"}],"wp:attachment":[{"href":"https:\/\/insideamateurfussball-ffm.de\/index.php?rest_route=%2Fwp%2Fv2%2Fmedia&parent=687"}],"wp:term":[{"taxonomy":"category","embeddable":true,"href":"https:\/\/insideamateurfussball-ffm.de\/index.php?rest_route=%2Fwp%2Fv2%2Fcategories&post=687"},{"taxonomy":"post_tag","embeddable":true,"href":"https:\/\/insideamateurfussball-ffm.de\/index.php?rest_route=%2Fwp%2Fv2%2Ftags&post=687"}],"curies":[{"name":"wp","href":"https:\/\/api.w.org\/{rel}","templated":true}]}}