{"id":6857,"date":"2023-04-03T21:46:45","date_gmt":"2023-04-03T19:46:45","guid":{"rendered":"http:\/\/insideamateurfussball-ffm.de\/?p=6857"},"modified":"2025-01-25T14:30:38","modified_gmt":"2025-01-25T13:30:38","slug":"bad-vilbel-holt-11-in-neu-isenburg","status":"publish","type":"post","link":"https:\/\/insideamateurfussball-ffm.de\/?p=6857","title":{"rendered":"Bad Vilbel holt 1:1 in Neu-Isenburg"},"content":{"rendered":"<h4>Wie im Hinspiel trennten sich die Spvgg. 03 Neu-Isenburg und der FV Bad Vilbel in der Verbandsliga S\u00fcd mit einem 1:1 (0:0). Obwohl die G\u00e4ste im ersten Ausw\u00e4rtsspiel unter der Regie von Mustafic-Nachfolger Roland Stipp erst kurz vor Schluss den Ausgleichstreffer hinnehmen mussten, erachteten die Quellenst\u00e4dter das Remis unter dem Strich als &#8222;in Ordnung&#8220; gehend.<\/h4>\n<figure id=\"attachment_6884\" aria-describedby=\"caption-attachment-6884\" style=\"width: 2048px\" class=\"wp-caption alignnone\"><img loading=\"lazy\" decoding=\"async\" class=\"wp-image-6884 size-full\" src=\"http:\/\/insideamateurfussball-ffm.de\/wp-content\/uploads\/2023\/04\/Safari.jpg\" alt=\"\" width=\"2048\" height=\"2048\" srcset=\"https:\/\/insideamateurfussball-ffm.de\/wp-content\/uploads\/2023\/04\/Safari.jpg 2048w, https:\/\/insideamateurfussball-ffm.de\/wp-content\/uploads\/2023\/04\/Safari-300x300.jpg 300w, https:\/\/insideamateurfussball-ffm.de\/wp-content\/uploads\/2023\/04\/Safari-1024x1024.jpg 1024w, https:\/\/insideamateurfussball-ffm.de\/wp-content\/uploads\/2023\/04\/Safari-150x150.jpg 150w, https:\/\/insideamateurfussball-ffm.de\/wp-content\/uploads\/2023\/04\/Safari-768x768.jpg 768w, https:\/\/insideamateurfussball-ffm.de\/wp-content\/uploads\/2023\/04\/Safari-1536x1536.jpg 1536w\" sizes=\"auto, (max-width: 2048px) 100vw, 2048px\" \/><figcaption id=\"caption-attachment-6884\" class=\"wp-caption-text\">Bad Vilbels Visar Gashi gegen Neu-Isenburgs Tom Renner. Foto: Instagram\/FVBV.<\/figcaption><\/figure>\n<h4>Spvgg. 03 Neu-Isenburg &#8211; FV Bad Vilbel 1:1 (0:0)<\/h4>\n<p><img loading=\"lazy\" decoding=\"async\" class=\"alignnone size-full wp-image-329\" src=\"http:\/\/insideamateurfussball-ffm.de\/wp-content\/uploads\/2022\/05\/Neu-Is.jpg\" alt=\"\" width=\"80\" height=\"80\" \/><img loading=\"lazy\" decoding=\"async\" class=\"alignnone size-full wp-image-146\" src=\"http:\/\/insideamateurfussball-ffm.de\/wp-content\/uploads\/2022\/05\/FV-Bad-Vilbel.jpg\" alt=\"\" width=\"80\" height=\"80\" \/><\/p>\n<p>Gespielt wurde aufgrund der ergiebigen Regenf\u00e4lle der Vortage auf dem Kunstrasenplatz im Areal des Sportparks Neu-Isenburg. Die G\u00e4ste standen sicher in der Defensive, auch wenn Neu-Isenburg die erste Chance durch Keano Castiglione verbuchte (3.). Auf der Gegenseite hatten die Gr\u00fcn-Wei\u00dfen mehrmals die Gelegenheit, um in F\u00fchrung zu gehen.<\/p>\n<p>Philipp Schaal, Giorgi Kandelaki, Denis Hadzimusic sowie ein Kopfball von Simeon Stellflug wurden auf Vilbeler Seite notiert. Nach dem Seitenwechsel fand der Ball dann aus Wetterauer Sicht den Weg in das richtige Tor. Nach einem Hadzimusic-Eckball war St\u00fcrmer Niklas Kraus zur Stelle und vollendete zum 1:0 f\u00fcr den FV (52.).<\/p>\n<h4>Gr\u00fcndonnerstag Stadtduell Bad Vilbel &#8211; Dortelweil (19.30 Uhr)<\/h4>\n<p>Weitere G\u00e4stechancen durch Vladimiros Safaridis und Hadzimusic blieben ungenutzt. Die von Nick Janovsky trainierten Hausherren dr\u00e4ngten dann auf den Ausgleich, auf der Gegenseite verpasste es Kraus in der 88. Minute, den Sack zuzumachen.<\/p>\n<p>So segelte noch einmal ein langer Ball in den Vilbeler Strafraum und der ehemalige Offenbacher Profi Christos Stoilas glich zum 1:1 aus (89.). Am Gr\u00fcndonnerstag soll im dritten Versuch das Bad Vilbeler Stadtduell gegen den SC Dortelweil \u00fcber die B\u00fchne gehen. Der Ansto\u00df des Nachholspiels ist f\u00fcr 19.30 Uhr am Niddasportfeld vorgesehen.<\/p>\n<h4>Schiedsrichter: Michele Abbondanza (Wiesbaden). Zuschauer: 92.<\/h4>\n<h4>Tore: 0:1 Niklas Kraus (52.), 1:1 Christos Stoilas (89.).<\/h4>\n","protected":false},"excerpt":{"rendered":"<p>Wie im Hinspiel trennten sich die Spvgg. 03 Neu-Isenburg und der FV Bad Vilbel in der Verbandsliga S\u00fcd mit einem 1:1 (0:0). Obwohl die G\u00e4ste im ersten Ausw\u00e4rtsspiel unter der Regie von Mustafic-Nachfolger Roland Stipp erst kurz vor Schluss den Ausgleichstreffer hinnehmen mussten, erachteten die Quellenst\u00e4dter das Remis unter dem Strich als &#8222;in Ordnung&#8220; gehend. [&hellip;]<\/p>\n","protected":false},"author":1,"featured_media":6884,"comment_status":"open","ping_status":"open","sticky":false,"template":"","format":"standard","meta":{"footnotes":""},"categories":[10],"tags":[],"class_list":["post-6857","post","type-post","status-publish","format-standard","has-post-thumbnail","hentry","category-verbandsliga-sued"],"_links":{"self":[{"href":"https:\/\/insideamateurfussball-ffm.de\/index.php?rest_route=\/wp\/v2\/posts\/6857","targetHints":{"allow":["GET"]}}],"collection":[{"href":"https:\/\/insideamateurfussball-ffm.de\/index.php?rest_route=\/wp\/v2\/posts"}],"about":[{"href":"https:\/\/insideamateurfussball-ffm.de\/index.php?rest_route=\/wp\/v2\/types\/post"}],"author":[{"embeddable":true,"href":"https:\/\/insideamateurfussball-ffm.de\/index.php?rest_route=\/wp\/v2\/users\/1"}],"replies":[{"embeddable":true,"href":"https:\/\/insideamateurfussball-ffm.de\/index.php?rest_route=%2Fwp%2Fv2%2Fcomments&post=6857"}],"version-history":[{"count":2,"href":"https:\/\/insideamateurfussball-ffm.de\/index.php?rest_route=\/wp\/v2\/posts\/6857\/revisions"}],"predecessor-version":[{"id":6886,"href":"https:\/\/insideamateurfussball-ffm.de\/index.php?rest_route=\/wp\/v2\/posts\/6857\/revisions\/6886"}],"wp:featuredmedia":[{"embeddable":true,"href":"https:\/\/insideamateurfussball-ffm.de\/index.php?rest_route=\/wp\/v2\/media\/6884"}],"wp:attachment":[{"href":"https:\/\/insideamateurfussball-ffm.de\/index.php?rest_route=%2Fwp%2Fv2%2Fmedia&parent=6857"}],"wp:term":[{"taxonomy":"category","embeddable":true,"href":"https:\/\/insideamateurfussball-ffm.de\/index.php?rest_route=%2Fwp%2Fv2%2Fcategories&post=6857"},{"taxonomy":"post_tag","embeddable":true,"href":"https:\/\/insideamateurfussball-ffm.de\/index.php?rest_route=%2Fwp%2Fv2%2Ftags&post=6857"}],"curies":[{"name":"wp","href":"https:\/\/api.w.org\/{rel}","templated":true}]}}