{"id":6852,"date":"2023-04-03T20:55:00","date_gmt":"2023-04-03T18:55:00","guid":{"rendered":"http:\/\/insideamateurfussball-ffm.de\/?p=6852"},"modified":"2025-01-25T14:30:44","modified_gmt":"2025-01-25T13:30:44","slug":"eintracht-ii-auf-nacho-ist-weiter-verlass","status":"publish","type":"post","link":"https:\/\/insideamateurfussball-ffm.de\/?p=6852","title":{"rendered":"Eintracht II: Auf Nacho ist weiter Verlass"},"content":{"rendered":"<h4>Eintracht Frankfurt II hat am Sonntag das schwere Ausw\u00e4rtsspiel bei Rot-Wei\u00df Walldorf mit 2:0 (1:0) gewonnen und damit die Tabellenf\u00fchrung in der Hessenliga weiter ausgebaut, da die Konkurrenten FC Gie\u00dfen (2:2 gegen den SV Steinbach) und T\u00fcrk G\u00fcc\u00fc Friedberg (1:1 gegen den KSV Baunatal) jeweils nicht \u00fcber ein Heimremis hinaus kamen.<\/h4>\n<figure id=\"attachment_4669\" aria-describedby=\"caption-attachment-4669\" style=\"width: 2560px\" class=\"wp-caption alignnone\"><img loading=\"lazy\" decoding=\"async\" class=\"wp-image-4669 size-full\" src=\"http:\/\/insideamateurfussball-ffm.de\/wp-content\/uploads\/2023\/01\/SGB-SGEU21-343-scaled.jpg\" alt=\"\" width=\"2560\" height=\"1707\" srcset=\"https:\/\/insideamateurfussball-ffm.de\/wp-content\/uploads\/2023\/01\/SGB-SGEU21-343-scaled.jpg 2560w, https:\/\/insideamateurfussball-ffm.de\/wp-content\/uploads\/2023\/01\/SGB-SGEU21-343-300x200.jpg 300w, https:\/\/insideamateurfussball-ffm.de\/wp-content\/uploads\/2023\/01\/SGB-SGEU21-343-1024x683.jpg 1024w, https:\/\/insideamateurfussball-ffm.de\/wp-content\/uploads\/2023\/01\/SGB-SGEU21-343-768x512.jpg 768w, https:\/\/insideamateurfussball-ffm.de\/wp-content\/uploads\/2023\/01\/SGB-SGEU21-343-1536x1024.jpg 1536w, https:\/\/insideamateurfussball-ffm.de\/wp-content\/uploads\/2023\/01\/SGB-SGEU21-343-2048x1365.jpg 2048w\" sizes=\"auto, (max-width: 2560px) 100vw, 2560px\" \/><figcaption id=\"caption-attachment-4669\" class=\"wp-caption-text\">Der Spanier &#8222;Nacho&#8220; Ferri traf in Walldorf zweimal. Foto: Andre Sturmeit.<\/figcaption><\/figure>\n<h4>SV Rot-Wei\u00df Walldorf &#8211; Eintracht Frankfurt II 0:2 (0:1)<\/h4>\n<p><img loading=\"lazy\" decoding=\"async\" class=\"alignnone size-full wp-image-1074\" src=\"http:\/\/insideamateurfussball-ffm.de\/wp-content\/uploads\/2022\/07\/Walldorf.jpg\" alt=\"\" width=\"80\" height=\"80\" \/><img loading=\"lazy\" decoding=\"async\" class=\"alignnone size-full wp-image-836\" src=\"http:\/\/insideamateurfussball-ffm.de\/wp-content\/uploads\/2022\/06\/SGE.jpg\" alt=\"\" width=\"79\" height=\"80\" \/><\/p>\n<p>Das Hinspiel hatte das Team des Walldorfer Trainers Artur Lemm im September spektakul\u00e4r mit 4:3 gewonnen und auch im R\u00fcckspiel war es auf dem engen Kunstrasenplatz vor einer herausragenden Kulisse von 1300 Zuschauern nicht einfach f\u00fcr die U21 des Bundesligisten. Entscheidend waren nat\u00fcrlich die beiden Tore von Ignacio Ferri Julia (8.\/88.), wie der 19-j\u00e4hrige Iberer b\u00fcrgerlich hei\u00dft. Aber auch der gehaltene Foulelfmeter von Torh\u00fcter Matteo Bignetti gegen den Walldorfer Routinier Christian Matheisen (80.) trug dazu bei, dass das Team von Trainer Kristijan Glibo ihrem Saisonziel Meisterschaft und dem damit verbundenen direkten Aufstieg in die Regionalliga S\u00fcdwest einen Schritt n\u00e4her kam. Die heimstarken Gastgeber hatten ihrem Tabellenplatz sechs entsprechend ein gutes Spiel abgeliefert und das starke Positionsspiel der G\u00e4ste mit Anlaufen und dem Schlie\u00dfen von entstandenen L\u00fccken gest\u00f6rt.<\/p>\n<p>Meist spielte Walldorf weite und hohe B\u00e4lle, es kam auf dem kleinen Platz wie fast immer zu sehr vielen Einwurfsituationen. Im zweiten Abschnitt brachten die Rot-Wei\u00dfen die Eintracht U21 sogar einige Male in Bedr\u00e4ngnis. Durch einen abgef\u00e4lschten Freisto\u00df von Nikola Mladenovic, den Bignetti stark parierte oder als Mikael Neway den mitgelaufenen Mehdi Menatgir \u00fcbersah. Dann gab es den Elfmeter, den Dario Gebuhr unn\u00f6tig gegen Maximilian Thomasberger verschuldete. Bignetti hielt die Eintracht im Spiel und dann war &#8222;Nacho&#8220; erneut zur Stelle und verwertete einen Abpraller vom Lattentreffer von Marc Wachs zum 2:0.<\/p>\n<blockquote>\n<h4>&#8222;Walldorf war sehr giftig in den Zweik\u00e4mpfen&#8220; (Eintracht-Trainer Kristijan Glibo)<\/h4>\n<\/blockquote>\n<p>Auf der Pressekonferenz nach dem Spiel analysierten beide Trainer den Spielverlauf. Kristijan Glibo sagte: &#8222;Wir wussten, dass die Partie sehr schwierig werden wird. Es war ein absolutes Kampfspiel, in dem viele B\u00e4lle \u00fcber die Mittelfeldreihe gespielt wurden, das mussten wir heute annehmen. Walldorf war sehr giftig auf die zweiten B\u00e4lle und gut in den Zweik\u00e4mpfen, aber unsere letzte Reihe hat es insgesamt sehr gut weg verteidigt. Wir m\u00fcssen den Sack fr\u00fcher zumachen, also Zubayr Amiri aufs allein Tor l\u00e4uft. Anschlie\u00dfend hatten wir nat\u00fcrlich das Gl\u00fcck auf unserer Seite, als Matteo Bignetti den Elfmeter klasse h\u00e4lt. Es gibt solche Spiele, in die du dich noch mehr reink\u00e4mpfen musst und in denen das Fu\u00dfballspielen demgegen\u00fcber etwas verloren geht \u2013 das war heute \u00fcber weite Strecken der Fall. Ich bin mir sicher, dass hier einige Mannschaften noch Punkte liegen lassen werden. Wir haben heute 2:0 gewonnen \u2013 dementsprechend k\u00f6nnen wir zufrieden sein.\u201c<\/p>\n<p>Heimcoach Artur Lemm sah die Partie so: &#8222;Dieses Spiel hat es schon hergegeben, dass wir mit einem positiven Ergebnis rausgehen k\u00f6nnen. Aus meiner Sicht hat die Effizienz vor dem Tor das Spiel entschieden. Es hat nicht viele klare M\u00f6glichkeiten gegeben, weder f\u00fcr die Eintracht noch f\u00fcr uns. Die klarste M\u00f6glichkeit, die man in einem Fu\u00dfballspiel haben kann, n\u00e4mlich den Elfmeter, haben wir leider nicht genutzt. Wir haben eine der Spitzenmannschaften der Liga dazu gezwungen, viel zu reagieren, das haben wir gut gemacht. Wir haben gut durchgeschoben und waren sehr wach. Um ein Spiel zu gewinnen, brauchst du aber auch Tore. Da haben wir dann in der Offensive zu wenig aus den Situationen gemacht.\u201c Bereits in der Karwoche geht es in der Hessenliga mit dem n\u00e4chsten Spieltag weiter. Es handelt sich um die R\u00fcckspiele vom ersten Spieltag Ende Juli, die jetzt erst &#8211; \u00fcber acht Monate sp\u00e4ter &#8211; auf dem Spielplan stehen. Rot-Wei\u00df Walldorf erwartet in einem S\u00fcd-Duell Viktoria Griesheim am Mittwoch (20 Uhr). Die Eintracht Frankfurt U21 empf\u00e4ngt am Gr\u00fcndonnerstag (19 Uhr) den FC Bayern Alzenau.<\/p>\n<h4>Schiedsrichter: Alexander Hauser (FC Waldbrunn). Zuschauer: 1300.<\/h4>\n<h4>Tore: 0:1, 0:2 Ignacio Ferri Julia &#8222;Nacho&#8220; (8.\/88.).<\/h4>\n","protected":false},"excerpt":{"rendered":"<p>Eintracht Frankfurt II hat am Sonntag das schwere Ausw\u00e4rtsspiel bei Rot-Wei\u00df Walldorf mit 2:0 (1:0) gewonnen und damit die Tabellenf\u00fchrung in der Hessenliga weiter ausgebaut, da die Konkurrenten FC Gie\u00dfen (2:2 gegen den SV Steinbach) und T\u00fcrk G\u00fcc\u00fc Friedberg (1:1 gegen den KSV Baunatal) jeweils nicht \u00fcber ein Heimremis hinaus kamen. SV Rot-Wei\u00df Walldorf &#8211; [&hellip;]<\/p>\n","protected":false},"author":1,"featured_media":4669,"comment_status":"open","ping_status":"open","sticky":false,"template":"","format":"standard","meta":{"footnotes":""},"categories":[8],"tags":[],"class_list":["post-6852","post","type-post","status-publish","format-standard","has-post-thumbnail","hentry","category-hessenliga"],"_links":{"self":[{"href":"https:\/\/insideamateurfussball-ffm.de\/index.php?rest_route=\/wp\/v2\/posts\/6852","targetHints":{"allow":["GET"]}}],"collection":[{"href":"https:\/\/insideamateurfussball-ffm.de\/index.php?rest_route=\/wp\/v2\/posts"}],"about":[{"href":"https:\/\/insideamateurfussball-ffm.de\/index.php?rest_route=\/wp\/v2\/types\/post"}],"author":[{"embeddable":true,"href":"https:\/\/insideamateurfussball-ffm.de\/index.php?rest_route=\/wp\/v2\/users\/1"}],"replies":[{"embeddable":true,"href":"https:\/\/insideamateurfussball-ffm.de\/index.php?rest_route=%2Fwp%2Fv2%2Fcomments&post=6852"}],"version-history":[{"count":3,"href":"https:\/\/insideamateurfussball-ffm.de\/index.php?rest_route=\/wp\/v2\/posts\/6852\/revisions"}],"predecessor-version":[{"id":6856,"href":"https:\/\/insideamateurfussball-ffm.de\/index.php?rest_route=\/wp\/v2\/posts\/6852\/revisions\/6856"}],"wp:featuredmedia":[{"embeddable":true,"href":"https:\/\/insideamateurfussball-ffm.de\/index.php?rest_route=\/wp\/v2\/media\/4669"}],"wp:attachment":[{"href":"https:\/\/insideamateurfussball-ffm.de\/index.php?rest_route=%2Fwp%2Fv2%2Fmedia&parent=6852"}],"wp:term":[{"taxonomy":"category","embeddable":true,"href":"https:\/\/insideamateurfussball-ffm.de\/index.php?rest_route=%2Fwp%2Fv2%2Fcategories&post=6852"},{"taxonomy":"post_tag","embeddable":true,"href":"https:\/\/insideamateurfussball-ffm.de\/index.php?rest_route=%2Fwp%2Fv2%2Ftags&post=6852"}],"curies":[{"name":"wp","href":"https:\/\/api.w.org\/{rel}","templated":true}]}}