{"id":6848,"date":"2023-04-03T20:10:40","date_gmt":"2023-04-03T18:10:40","guid":{"rendered":"http:\/\/insideamateurfussball-ffm.de\/?p=6848"},"modified":"2025-01-25T14:30:50","modified_gmt":"2025-01-25T13:30:50","slug":"zeilsheim-laesst-in-kinzenbach-unnoetig-punkte-liegen","status":"publish","type":"post","link":"https:\/\/insideamateurfussball-ffm.de\/?p=6848","title":{"rendered":"Zeilsheim l\u00e4sst in Kinzenbach unn\u00f6tig Punkte liegen"},"content":{"rendered":"<h4>Bereits am Freitagabend lie\u00df der SV Zeilsheim in der Verbandsliga Mitte unn\u00f6tig Punkte beim designierten Absteiger SG Kinzenbach liegen. Beim Vorletzten der Tabelle reichte es f\u00fcr den Hessenliga-Absteiger nur zu einem 2:2-Unentschieden.<\/h4>\n<figure id=\"attachment_6849\" aria-describedby=\"caption-attachment-6849\" style=\"width: 309px\" class=\"wp-caption alignnone\"><img loading=\"lazy\" decoding=\"async\" class=\"wp-image-6849\" src=\"http:\/\/insideamateurfussball-ffm.de\/wp-content\/uploads\/2023\/04\/28-Juergen-Bufi-brachte-den-SV-in-Fuehrung-300x252.jpg\" alt=\"\" width=\"309\" height=\"260\" srcset=\"https:\/\/insideamateurfussball-ffm.de\/wp-content\/uploads\/2023\/04\/28-Juergen-Bufi-brachte-den-SV-in-Fuehrung-300x252.jpg 300w, https:\/\/insideamateurfussball-ffm.de\/wp-content\/uploads\/2023\/04\/28-Juergen-Bufi-brachte-den-SV-in-Fuehrung-768x646.jpg 768w, https:\/\/insideamateurfussball-ffm.de\/wp-content\/uploads\/2023\/04\/28-Juergen-Bufi-brachte-den-SV-in-Fuehrung.jpg 890w\" sizes=\"auto, (max-width: 309px) 100vw, 309px\" \/><figcaption id=\"caption-attachment-6849\" class=\"wp-caption-text\">J\u00fcrgen Bufi (links) brachte Zeilsheim in F\u00fchrung. Foto: Peter Strauch.\u00a0\u00a0<\/figcaption><\/figure>\n<h4>SG Kinzenbach &#8211; SV Zeilsheim 2:2 (1:0)<\/h4>\n<p><img loading=\"lazy\" decoding=\"async\" class=\"alignnone size-full wp-image-2647\" src=\"http:\/\/insideamateurfussball-ffm.de\/wp-content\/uploads\/2022\/09\/kinzenbach.jpg\" alt=\"\" width=\"80\" height=\"76\" \/><img loading=\"lazy\" decoding=\"async\" class=\"alignnone size-full wp-image-1153\" src=\"http:\/\/insideamateurfussball-ffm.de\/wp-content\/uploads\/2022\/07\/SVZe.jpg\" alt=\"\" width=\"68\" height=\"80\" \/><\/p>\n<div data-canvas-width=\"593.8973333333336\">Im Freitagabendspiel kam der SV Zeilsheim in Kinzenbach nicht \u00fcber eine 2:2 hinaus. Aus Sicht von Peter Strauch zu wenig gegen die abstiegsgef\u00e4hrdeten Gastgeber. Der langj\u00e4hrige Pr\u00e4sident h\u00e4tte sich gerne weiter von der Abstiegszone abgesetzt und sah die Vorteile bei seiner Mannschaft, die aber nicht entschlossen genug war.<\/div>\n<div data-canvas-width=\"593.8973333333336\"><\/div>\n<div data-canvas-width=\"593.8973333333336\">Schon zu Beginn des Spiels besa\u00dfen die Zeilsheimer klarste Torchancen, die jedoch nicht genutzt wurden. Auf der Gegenseite f\u00fchrte die erste Torchance zur F\u00fchrung Kinzenbachs. Robin Sajonz wurde nicht entschlossen gest\u00f6rt, sodass er aus 20 Metern den \u00fcberraschenden F\u00fchrungstreffer (32.) erzielen konnte. Nach dem Seitenwechsel steigerte sich der SV deutlich. Auf einmal lief es.<\/div>\n<h4 data-canvas-width=\"593.8973333333336\">Viele gute M\u00f6glichkeiten liegen gelassen, das r\u00e4chte sich<\/h4>\n<div data-canvas-width=\"593.8973333333336\">Nach einer fr\u00fchen Balleroberung legte Santiago Babovic auf Leonardo Bianco quer, der keine M\u00fche hatte den Ausgleich zu erzielen (64.). Und Zeilsheim setzte nach. Nach einem Eckball von Andre Schneider nickte der eingewechselte J\u00fcrgen Bufi (76.) zur verdienten F\u00fchrung ein. In der Folgezeit lie\u00df der SV viele gute M\u00f6glichkeiten liegen, was sich r\u00e4chen sollte.<\/div>\n<div data-canvas-width=\"593.8973333333336\"><\/div>\n<div data-canvas-width=\"593.8973333333336\">Nach einem Befreiungsschlag aus der Abwehr der SGK stand Mittelst\u00fcrmer Ahmet Marankoz blank, der wenig M\u00fche hatte SV-Keeper Josip Galic mit einem Heber zu \u00fcberwinden. Nach der Osterpause empf\u00e4ngt der SVZ am Sonntag, 16.04.2023 um 15:00 Uhr den FC Waldbrunn an der Lenzenbergstra\u00dfe und k\u00f6nnte sich mit einem Sieg endg\u00fcltig aus dem Abstiegsbereich verabschieden.<\/div>\n<h4 data-canvas-width=\"593.8973333333336\">Tore: 1:0 Robin Sajonz (37.), 1:1 Leonardo Bianco (75.), 1:2 J\u00fcrgen Bufi (75.), 2:2 Ahmet Marankoz (86.).<\/h4>\n","protected":false},"excerpt":{"rendered":"<p>Bereits am Freitagabend lie\u00df der SV Zeilsheim in der Verbandsliga Mitte unn\u00f6tig Punkte beim designierten Absteiger SG Kinzenbach liegen. Beim Vorletzten der Tabelle reichte es f\u00fcr den Hessenliga-Absteiger nur zu einem 2:2-Unentschieden. SG Kinzenbach &#8211; SV Zeilsheim 2:2 (1:0) Im Freitagabendspiel kam der SV Zeilsheim in Kinzenbach nicht \u00fcber eine 2:2 hinaus. Aus Sicht von [&hellip;]<\/p>\n","protected":false},"author":1,"featured_media":6849,"comment_status":"open","ping_status":"open","sticky":false,"template":"","format":"standard","meta":{"footnotes":""},"categories":[32],"tags":[],"class_list":["post-6848","post","type-post","status-publish","format-standard","has-post-thumbnail","hentry","category-verbandsliga-mitte"],"_links":{"self":[{"href":"https:\/\/insideamateurfussball-ffm.de\/index.php?rest_route=\/wp\/v2\/posts\/6848","targetHints":{"allow":["GET"]}}],"collection":[{"href":"https:\/\/insideamateurfussball-ffm.de\/index.php?rest_route=\/wp\/v2\/posts"}],"about":[{"href":"https:\/\/insideamateurfussball-ffm.de\/index.php?rest_route=\/wp\/v2\/types\/post"}],"author":[{"embeddable":true,"href":"https:\/\/insideamateurfussball-ffm.de\/index.php?rest_route=\/wp\/v2\/users\/1"}],"replies":[{"embeddable":true,"href":"https:\/\/insideamateurfussball-ffm.de\/index.php?rest_route=%2Fwp%2Fv2%2Fcomments&post=6848"}],"version-history":[{"count":1,"href":"https:\/\/insideamateurfussball-ffm.de\/index.php?rest_route=\/wp\/v2\/posts\/6848\/revisions"}],"predecessor-version":[{"id":6850,"href":"https:\/\/insideamateurfussball-ffm.de\/index.php?rest_route=\/wp\/v2\/posts\/6848\/revisions\/6850"}],"wp:featuredmedia":[{"embeddable":true,"href":"https:\/\/insideamateurfussball-ffm.de\/index.php?rest_route=\/wp\/v2\/media\/6849"}],"wp:attachment":[{"href":"https:\/\/insideamateurfussball-ffm.de\/index.php?rest_route=%2Fwp%2Fv2%2Fmedia&parent=6848"}],"wp:term":[{"taxonomy":"category","embeddable":true,"href":"https:\/\/insideamateurfussball-ffm.de\/index.php?rest_route=%2Fwp%2Fv2%2Fcategories&post=6848"},{"taxonomy":"post_tag","embeddable":true,"href":"https:\/\/insideamateurfussball-ffm.de\/index.php?rest_route=%2Fwp%2Fv2%2Ftags&post=6848"}],"curies":[{"name":"wp","href":"https:\/\/api.w.org\/{rel}","templated":true}]}}