{"id":6844,"date":"2023-04-02T01:38:25","date_gmt":"2023-04-01T23:38:25","guid":{"rendered":"http:\/\/insideamateurfussball-ffm.de\/?p=6844"},"modified":"2025-01-25T14:30:56","modified_gmt":"2025-01-25T13:30:56","slug":"dortelweil-nachfolger-fuer-ziegler-gesucht","status":"publish","type":"post","link":"https:\/\/insideamateurfussball-ffm.de\/?p=6844","title":{"rendered":"Dortelweil: Nachfolger f\u00fcr Ziegler gesucht"},"content":{"rendered":"<h4>Nach vier Jahren Trainert\u00e4tigkeit legt Frank Ziegler beim Verbandsligisten SC Dortelweil sein Amt zum Saisonende nieder. Der Verein von der Bad Vilbeler Untergasse steht schon in Verhandlungen mit potenziellen Nachfolgern.<\/h4>\n<figure id=\"attachment_6845\" aria-describedby=\"caption-attachment-6845\" style=\"width: 300px\" class=\"wp-caption alignnone\"><img loading=\"lazy\" decoding=\"async\" class=\"wp-image-6845\" src=\"http:\/\/insideamateurfussball-ffm.de\/wp-content\/uploads\/2023\/04\/dort19-300x215.jpg\" alt=\"\" width=\"300\" height=\"215\" srcset=\"https:\/\/insideamateurfussball-ffm.de\/wp-content\/uploads\/2023\/04\/dort19-300x215.jpg 300w, https:\/\/insideamateurfussball-ffm.de\/wp-content\/uploads\/2023\/04\/dort19-768x551.jpg 768w, https:\/\/insideamateurfussball-ffm.de\/wp-content\/uploads\/2023\/04\/dort19.jpg 964w\" sizes=\"auto, (max-width: 300px) 100vw, 300px\" \/><figcaption id=\"caption-attachment-6845\" class=\"wp-caption-text\">Frank Ziegler h\u00f6rt zum Saisonende beim SC Dortelweil auf. Foto: Mithat G\u00fcrser.<\/figcaption><\/figure>\n<p><img loading=\"lazy\" decoding=\"async\" class=\"alignnone size-full wp-image-435\" src=\"http:\/\/insideamateurfussball-ffm.de\/wp-content\/uploads\/2022\/05\/Dortelweil.jpg\" alt=\"\" width=\"80\" height=\"80\" \/><\/p>\n<p>Der Sportliche Leiter Hans Wrage verk\u00fcndete am Freitag, dass Frank Ziegler das Traineramt nach vierj\u00e4hriger T\u00e4tigkeit zum Saisonende aus privaten Gr\u00fcnden niederlegt. Das ist in Dortelweil kein allt\u00e4glicher Vorgang, in den letzten 30 Jahren gab es im Vilbeler Ortsteil in der ersten Mannschaft nur vier verschiedene Trainer. Ziegler hatte im Sommer 2019 das Amt von Ex-Profi Markus Beierle \u00fcbernommen und den SCD in der letzten Saison als Gruppenliga-Meister in die Verbandsliga gef\u00fchrt.<\/p>\n<blockquote>\n<h4>&#8222;In 14 Tagen k\u00f6nnte es schon eine L\u00f6sung geben&#8220; (Dortelweils Sportlicher Leiter Hans Wrage)<\/h4>\n<\/blockquote>\n<p>&#8222;Wir h\u00e4tten gerne mit Ziegler weiter gemacht. Die Trennung schmerzt beide Seiten&#8220;, betont Wrage. Aktuell befinde man sich in weit fortgeschrittenen Gespr\u00e4chen mit einem Kandidaten f\u00fcr Zieglers Nachfolge, auch mit zwei weiteren Bewerbern gebe es noch Verhandlungen. &#8222;In 14 Tagen k\u00f6nnte es schon eine L\u00f6sung geben&#8220;, so Wrage. Mit Yannick R\u00fchl, Marvin Strenger, Dennis Geh und Oliver Steffen haben vier Leistungstr\u00e4ger bereits verl\u00e4ngert.<\/p>\n","protected":false},"excerpt":{"rendered":"<p>Nach vier Jahren Trainert\u00e4tigkeit legt Frank Ziegler beim Verbandsligisten SC Dortelweil sein Amt zum Saisonende nieder. Der Verein von der Bad Vilbeler Untergasse steht schon in Verhandlungen mit potenziellen Nachfolgern. Der Sportliche Leiter Hans Wrage verk\u00fcndete am Freitag, dass Frank Ziegler das Traineramt nach vierj\u00e4hriger T\u00e4tigkeit zum Saisonende aus privaten Gr\u00fcnden niederlegt. Das ist in [&hellip;]<\/p>\n","protected":false},"author":1,"featured_media":6845,"comment_status":"open","ping_status":"open","sticky":false,"template":"","format":"standard","meta":{"footnotes":""},"categories":[10],"tags":[],"class_list":["post-6844","post","type-post","status-publish","format-standard","has-post-thumbnail","hentry","category-verbandsliga-sued"],"_links":{"self":[{"href":"https:\/\/insideamateurfussball-ffm.de\/index.php?rest_route=\/wp\/v2\/posts\/6844","targetHints":{"allow":["GET"]}}],"collection":[{"href":"https:\/\/insideamateurfussball-ffm.de\/index.php?rest_route=\/wp\/v2\/posts"}],"about":[{"href":"https:\/\/insideamateurfussball-ffm.de\/index.php?rest_route=\/wp\/v2\/types\/post"}],"author":[{"embeddable":true,"href":"https:\/\/insideamateurfussball-ffm.de\/index.php?rest_route=\/wp\/v2\/users\/1"}],"replies":[{"embeddable":true,"href":"https:\/\/insideamateurfussball-ffm.de\/index.php?rest_route=%2Fwp%2Fv2%2Fcomments&post=6844"}],"version-history":[{"count":2,"href":"https:\/\/insideamateurfussball-ffm.de\/index.php?rest_route=\/wp\/v2\/posts\/6844\/revisions"}],"predecessor-version":[{"id":6847,"href":"https:\/\/insideamateurfussball-ffm.de\/index.php?rest_route=\/wp\/v2\/posts\/6844\/revisions\/6847"}],"wp:featuredmedia":[{"embeddable":true,"href":"https:\/\/insideamateurfussball-ffm.de\/index.php?rest_route=\/wp\/v2\/media\/6845"}],"wp:attachment":[{"href":"https:\/\/insideamateurfussball-ffm.de\/index.php?rest_route=%2Fwp%2Fv2%2Fmedia&parent=6844"}],"wp:term":[{"taxonomy":"category","embeddable":true,"href":"https:\/\/insideamateurfussball-ffm.de\/index.php?rest_route=%2Fwp%2Fv2%2Fcategories&post=6844"},{"taxonomy":"post_tag","embeddable":true,"href":"https:\/\/insideamateurfussball-ffm.de\/index.php?rest_route=%2Fwp%2Fv2%2Ftags&post=6844"}],"curies":[{"name":"wp","href":"https:\/\/api.w.org\/{rel}","templated":true}]}}