{"id":6841,"date":"2023-04-02T01:17:37","date_gmt":"2023-04-01T23:17:37","guid":{"rendered":"http:\/\/insideamateurfussball-ffm.de\/?p=6841"},"modified":"2025-01-25T14:31:06","modified_gmt":"2025-01-25T13:31:06","slug":"oezbakir-ruecktritt-zum-saisonende","status":"publish","type":"post","link":"https:\/\/insideamateurfussball-ffm.de\/?p=6841","title":{"rendered":"\u00d6zbakir: R\u00fccktritt zum Saisonende"},"content":{"rendered":"<h4>Vor dem Verbandsliga-Derby gegen die SG Bornheim\/Gr\u00fcn-Wei\u00df k\u00fcndigt FFV-Trainer Artug \u00d6zbakir seinen R\u00fccktritt zum Saisonende an. Topspieler wie Torj\u00e4ger Giuseppe Signorelli werden im Sommer nicht zu halten sein. Der Verein muss sich bis zum Stichtag 15. Mai bekennen, ob und wie es in der Verbandsliga S\u00fcd weiter gehen soll oder ein freiwilliger Abstieg um eine oder zwei Klassen in Betracht kommt.<\/h4>\n<figure id=\"attachment_6842\" aria-describedby=\"caption-attachment-6842\" style=\"width: 309px\" class=\"wp-caption alignnone\"><img loading=\"lazy\" decoding=\"async\" class=\"wp-image-6842\" src=\"http:\/\/insideamateurfussball-ffm.de\/wp-content\/uploads\/2023\/04\/0-300x225.jpg\" alt=\"\" width=\"309\" height=\"232\" srcset=\"https:\/\/insideamateurfussball-ffm.de\/wp-content\/uploads\/2023\/04\/0-300x225.jpg 300w, https:\/\/insideamateurfussball-ffm.de\/wp-content\/uploads\/2023\/04\/0-768x576.jpg 768w, https:\/\/insideamateurfussball-ffm.de\/wp-content\/uploads\/2023\/04\/0.jpg 923w\" sizes=\"auto, (max-width: 309px) 100vw, 309px\" \/><figcaption id=\"caption-attachment-6842\" class=\"wp-caption-text\">Artug \u00d6zbakir (rechts) hat seinen R\u00fccktritt zum Saisonende angek\u00fcndigt. Foto: J\u00f6rg Schulz.<\/figcaption><\/figure>\n<h4>FFV Sportfreunde 04 &#8211; SG Bornheim\/Gr\u00fcn-Wei\u00df (Sonntag, 15.30 Uhr)<\/h4>\n<p><img loading=\"lazy\" decoding=\"async\" class=\"alignnone size-full wp-image-141\" src=\"http:\/\/insideamateurfussball-ffm.de\/wp-content\/uploads\/2022\/05\/Speuzer.jpg\" alt=\"\" width=\"80\" height=\"80\" \/><img loading=\"lazy\" decoding=\"async\" class=\"alignnone size-full wp-image-119\" src=\"http:\/\/insideamateurfussball-ffm.de\/wp-content\/uploads\/2022\/05\/Bornheim.jpg\" alt=\"\" width=\"80\" height=\"80\" \/><\/p>\n<p>In der Verbandsliga S\u00fcd steht am Sonntag nur eine Begegnung mit Frankfurter Beteiligung an, da Rot-Weiss Frankfurt spielfrei aussetzt. Diese Partie hat es jedoch in sich, da die beiden Rivalen FFV Sportfreunde und SG Bornheim\/Gr\u00fcn-Wei\u00df zum Stadtduell gegeneinander antreten. Bei den &#8222;Speuzern&#8220; fallen Kapit\u00e4n Aziz Bidou (Rotsperre aus dem Pokalspiel in Oberrad) und Torj\u00e4ger Giuseppe Signorelli mit einem Au\u00dfenbandanriss aus.<\/p>\n<p>Zudem hat Trainer Artug \u00d6zbakir dem Vorstand seinen R\u00fccktritt zum Saisonende mitgeteilt. &#8222;Wir spielen unter erschwerten Bedingungen eine hervorragende Runde. F\u00fcr die kommende Saison konnten wir uns nicht mehr auf eine weitere Zusammenarbeit einigen&#8220;, erkl\u00e4rte der langj\u00e4hrige Oberliga-Fu\u00dfballer, der im Sommer 2021 die Nachfolge von Mehmet Somun \u00fcbernahm und zuvor die TSG Niederrad von der A-Klasse in die Gruppenliga Frankfurt West gef\u00fchrt hatte. &#8222;Meine Jungs haben Charakter und spielen die Saison ordentlich zu Ende&#8220;, betonte \u00d6zbakir.<\/p>\n<blockquote>\n<h4>&#8222;Das ist ein gut organisierter Verein, der immer ein gern gesehener Gast ist&#8220; (FFV-Trainer Artug \u00d6zbakir zu Gegner Bornheim)<\/h4>\n<\/blockquote>\n<p>Nach dem 1:1 beim Tabellendritten Rot-Wei\u00df Darmstadt will \u00d6zbakir mit seinem Team auch die ambitionierten Bornheimer stoppen, die auf Rang zwei stehend gute Chancen auf die Teilnahme an der Aufstiegsrelegation zur Hessenliga besitzen. &#8222;Es treffen zwei spielstarke Teams aufeinander. Wir freuen uns auf die Bornheimer. Das ist ein gut organisierter Verein, der immer ein gern gesehener Gast ist&#8220;, so \u00d6zbakir.<\/p>\n<p>Die Bornheimer mussten sich letzten Sonntag im Heimspiel gegen den SC Dortelweil mit einem 0:0 zufrieden geben. &#8222;Da haben uns \u00fcber die 90 Minuten einige Prozentpunkte gefehlt in den vielen Aktionen&#8220;, erkl\u00e4rte Bornheims Trainer Sascha Volk. Im Hinblick auf das Spiel bei den Sportfreunden erwartet der Coach eine andere Spielweise: &#8222;Wir m\u00fcssen es in unserem Spiel besser machen, m\u00fcssen \u00fcberzeugter und klarer sein. Wir werden uns auf jeden Fall auf einen hei\u00dfen Tanz bei den Speuzern einstellen m\u00fcssen&#8220;, so Volk vor dem Derby.<\/p>\n","protected":false},"excerpt":{"rendered":"<p>Vor dem Verbandsliga-Derby gegen die SG Bornheim\/Gr\u00fcn-Wei\u00df k\u00fcndigt FFV-Trainer Artug \u00d6zbakir seinen R\u00fccktritt zum Saisonende an. Topspieler wie Torj\u00e4ger Giuseppe Signorelli werden im Sommer nicht zu halten sein. Der Verein muss sich bis zum Stichtag 15. Mai bekennen, ob und wie es in der Verbandsliga S\u00fcd weiter gehen soll oder ein freiwilliger Abstieg um eine [&hellip;]<\/p>\n","protected":false},"author":1,"featured_media":6842,"comment_status":"open","ping_status":"open","sticky":false,"template":"","format":"standard","meta":{"footnotes":""},"categories":[10],"tags":[],"class_list":["post-6841","post","type-post","status-publish","format-standard","has-post-thumbnail","hentry","category-verbandsliga-sued"],"_links":{"self":[{"href":"https:\/\/insideamateurfussball-ffm.de\/index.php?rest_route=\/wp\/v2\/posts\/6841","targetHints":{"allow":["GET"]}}],"collection":[{"href":"https:\/\/insideamateurfussball-ffm.de\/index.php?rest_route=\/wp\/v2\/posts"}],"about":[{"href":"https:\/\/insideamateurfussball-ffm.de\/index.php?rest_route=\/wp\/v2\/types\/post"}],"author":[{"embeddable":true,"href":"https:\/\/insideamateurfussball-ffm.de\/index.php?rest_route=\/wp\/v2\/users\/1"}],"replies":[{"embeddable":true,"href":"https:\/\/insideamateurfussball-ffm.de\/index.php?rest_route=%2Fwp%2Fv2%2Fcomments&post=6841"}],"version-history":[{"count":1,"href":"https:\/\/insideamateurfussball-ffm.de\/index.php?rest_route=\/wp\/v2\/posts\/6841\/revisions"}],"predecessor-version":[{"id":6843,"href":"https:\/\/insideamateurfussball-ffm.de\/index.php?rest_route=\/wp\/v2\/posts\/6841\/revisions\/6843"}],"wp:featuredmedia":[{"embeddable":true,"href":"https:\/\/insideamateurfussball-ffm.de\/index.php?rest_route=\/wp\/v2\/media\/6842"}],"wp:attachment":[{"href":"https:\/\/insideamateurfussball-ffm.de\/index.php?rest_route=%2Fwp%2Fv2%2Fmedia&parent=6841"}],"wp:term":[{"taxonomy":"category","embeddable":true,"href":"https:\/\/insideamateurfussball-ffm.de\/index.php?rest_route=%2Fwp%2Fv2%2Fcategories&post=6841"},{"taxonomy":"post_tag","embeddable":true,"href":"https:\/\/insideamateurfussball-ffm.de\/index.php?rest_route=%2Fwp%2Fv2%2Ftags&post=6841"}],"curies":[{"name":"wp","href":"https:\/\/api.w.org\/{rel}","templated":true}]}}