{"id":6837,"date":"2023-04-02T00:57:17","date_gmt":"2023-04-01T22:57:17","guid":{"rendered":"http:\/\/insideamateurfussball-ffm.de\/?p=6837"},"modified":"2025-01-25T14:31:13","modified_gmt":"2025-01-25T13:31:13","slug":"beinheim-besiegt-oberrad-bosnien-spiel-faellt-aus","status":"publish","type":"post","link":"https:\/\/insideamateurfussball-ffm.de\/?p=6837","title":{"rendered":"Beinheim besiegt Oberrad &#8211; Bosnien-Spiel f\u00e4llt aus"},"content":{"rendered":"<h4>In der Gruppenliga Frankfurt West unterlag die Spvgg. 05 Oberrad am Donnerstagabend in einem Nachholspiel beim SKV Beienheim mit 0:4 (0:2) und erwartet am Sonntag zum Stadtduell den auf Rang drei stehenden Aufsteiger FC Kalbach.<\/h4>\n<figure id=\"attachment_6838\" aria-describedby=\"caption-attachment-6838\" style=\"width: 309px\" class=\"wp-caption alignnone\"><img loading=\"lazy\" decoding=\"async\" class=\"wp-image-6838\" src=\"http:\/\/insideamateurfussball-ffm.de\/wp-content\/uploads\/2023\/04\/beinh2-300x206.jpg\" alt=\"\" width=\"309\" height=\"212\" srcset=\"https:\/\/insideamateurfussball-ffm.de\/wp-content\/uploads\/2023\/04\/beinh2-300x206.jpg 300w, https:\/\/insideamateurfussball-ffm.de\/wp-content\/uploads\/2023\/04\/beinh2-768x527.jpg 768w, https:\/\/insideamateurfussball-ffm.de\/wp-content\/uploads\/2023\/04\/beinh2.jpg 945w\" sizes=\"auto, (max-width: 309px) 100vw, 309px\" \/><figcaption id=\"caption-attachment-6838\" class=\"wp-caption-text\">Der SKV Beienheim besiegte die Spvgg. Oberrad mit 4:0. Am Sonntag f\u00e4llt das Spiel gegen Bosnien aus. Arvhivfoto: Mithat G\u00fcrser.\u00a0\u00a0<\/figcaption><\/figure>\n<h4>SKV Beienheim &#8211; Spvgg. 05 Oberrad 4:0 (2:0)<\/h4>\n<p><img loading=\"lazy\" decoding=\"async\" class=\"alignnone size-full wp-image-545\" src=\"http:\/\/insideamateurfussball-ffm.de\/wp-content\/uploads\/2022\/06\/SKV-Beienh.jpg\" alt=\"\" width=\"79\" height=\"80\" \/><img loading=\"lazy\" decoding=\"async\" class=\"alignnone size-full wp-image-137\" src=\"http:\/\/insideamateurfussball-ffm.de\/wp-content\/uploads\/2022\/05\/Oberrad05.jpg\" alt=\"\" width=\"79\" height=\"80\" \/><\/p>\n<p>Die Spvgg. Oberrad kassierte die Gegentore auf dem durch den Dauerregen aufgeweichten Rasenplatz im Reichelsheimer Ortsteil Beienheim zu ung\u00fcnstigen Zeitpunkten. Nachdem die Partie 40 Minuten lang ausgeglichen verlief, erzielten die Wetterauer durch Owen Hare (42.) und Dominik Reichardt (45.+2) eine 2:0-Pausenf\u00fchrung, die Hare nach dem Seitenwechsel erweiterte (53.). In der Nachspielzeit musste Oberrad auch noch den vierten Gegentreffer durch Jean Louis Blockus hinnehmen (90.+2), sodass Trainer Josip Coric nach der zweiten Niederlage in Folge unter seiner Regie von einer &#8222;verdienten Niederlage&#8220; sprach.<\/p>\n<h4>Schiedsrichter: Tobias Rockel (SV Hopfgarten).<\/h4>\n<h4>Tore: 1:0 Owen Hare (42.), 2:0 Dominik Reichardt (45.\/+2), 3:0 Owen Hare (53.), 4:0 Jean Louis Blockus (90.\/+2).<\/h4>\n<h4>Spvgg. 05 Oberrad &#8211; FC Kalbach (Sonntag, 15.30 Uhr)<\/h4>\n<p><img loading=\"lazy\" decoding=\"async\" class=\"alignnone size-full wp-image-137\" src=\"http:\/\/insideamateurfussball-ffm.de\/wp-content\/uploads\/2022\/05\/Oberrad05.jpg\" alt=\"\" width=\"79\" height=\"80\" \/><img loading=\"lazy\" decoding=\"async\" class=\"alignnone size-full wp-image-16\" src=\"http:\/\/insideamateurfussball-ffm.de\/wp-content\/uploads\/2021\/11\/kalbach-wappen.jpg\" alt=\"\" width=\"80\" height=\"80\" \/><\/p>\n<p>Gegen den FC Kalbach hofft Coric in einem &#8222;schwierigen Spiel auf Wiedergutmachung. Sie leben nat\u00fcrlich stark von den Toren ihres Torj\u00e4gers Achraf Gara Ali, aber wir wollen gewinnen.&#8220; Manfred Meyer, der Sportliche Leiter des FC Kalbach, hat Respekt vor den Oberr\u00e4dern: &#8222;Wir werden da einen ordentlichen Aufwand betreiben m\u00fcssen, um die Punkte mitzunehmen. In der Vergangenheit war da auch von Seiten der Zuschauer immer etwas an Stimmung.&#8220; Oliver Pauls, laut Meyer &#8222;die Seele des Spiels&#8220; f\u00e4llt aus privaten Gr\u00fcnden aus. Dazu fehlt Noel L\u00f6bner aufgrund einer Knieblessur.<\/p>\n<h4>SKV Beienheim &#8211; SV BKC Bosnien f\u00e4llt aus<\/h4>\n<p><img loading=\"lazy\" decoding=\"async\" class=\"alignnone size-full wp-image-545\" src=\"http:\/\/insideamateurfussball-ffm.de\/wp-content\/uploads\/2022\/06\/SKV-Beienh.jpg\" alt=\"\" width=\"79\" height=\"80\" \/><img loading=\"lazy\" decoding=\"async\" class=\"alignnone size-full wp-image-139\" src=\"http:\/\/insideamateurfussball-ffm.de\/wp-content\/uploads\/2022\/05\/Bosnien.jpg\" alt=\"\" width=\"79\" height=\"80\" \/><\/p>\n<p>Es war klar, dass sich der Zustand des Rasenplatzes im Reichelsheimer Ortsteil nach dem Oberrad-Spiel vom Donnerstagabend und angesichts der ergiebigen Regenf\u00e4lle vom Freitag und Samstag eher verschlechtern w\u00fcrde. Von daher \u00fcberraschte die Absage am Samstag nicht mehr. Ein neuer Termin steht noch nicht fest.<\/p>\n","protected":false},"excerpt":{"rendered":"<p>In der Gruppenliga Frankfurt West unterlag die Spvgg. 05 Oberrad am Donnerstagabend in einem Nachholspiel beim SKV Beienheim mit 0:4 (0:2) und erwartet am Sonntag zum Stadtduell den auf Rang drei stehenden Aufsteiger FC Kalbach. SKV Beienheim &#8211; Spvgg. 05 Oberrad 4:0 (2:0) Die Spvgg. Oberrad kassierte die Gegentore auf dem durch den Dauerregen aufgeweichten [&hellip;]<\/p>\n","protected":false},"author":1,"featured_media":6838,"comment_status":"open","ping_status":"open","sticky":false,"template":"","format":"standard","meta":{"footnotes":""},"categories":[13],"tags":[],"class_list":["post-6837","post","type-post","status-publish","format-standard","has-post-thumbnail","hentry","category-gruppenliga-frankfurt-west"],"_links":{"self":[{"href":"https:\/\/insideamateurfussball-ffm.de\/index.php?rest_route=\/wp\/v2\/posts\/6837","targetHints":{"allow":["GET"]}}],"collection":[{"href":"https:\/\/insideamateurfussball-ffm.de\/index.php?rest_route=\/wp\/v2\/posts"}],"about":[{"href":"https:\/\/insideamateurfussball-ffm.de\/index.php?rest_route=\/wp\/v2\/types\/post"}],"author":[{"embeddable":true,"href":"https:\/\/insideamateurfussball-ffm.de\/index.php?rest_route=\/wp\/v2\/users\/1"}],"replies":[{"embeddable":true,"href":"https:\/\/insideamateurfussball-ffm.de\/index.php?rest_route=%2Fwp%2Fv2%2Fcomments&post=6837"}],"version-history":[{"count":2,"href":"https:\/\/insideamateurfussball-ffm.de\/index.php?rest_route=\/wp\/v2\/posts\/6837\/revisions"}],"predecessor-version":[{"id":6840,"href":"https:\/\/insideamateurfussball-ffm.de\/index.php?rest_route=\/wp\/v2\/posts\/6837\/revisions\/6840"}],"wp:featuredmedia":[{"embeddable":true,"href":"https:\/\/insideamateurfussball-ffm.de\/index.php?rest_route=\/wp\/v2\/media\/6838"}],"wp:attachment":[{"href":"https:\/\/insideamateurfussball-ffm.de\/index.php?rest_route=%2Fwp%2Fv2%2Fmedia&parent=6837"}],"wp:term":[{"taxonomy":"category","embeddable":true,"href":"https:\/\/insideamateurfussball-ffm.de\/index.php?rest_route=%2Fwp%2Fv2%2Fcategories&post=6837"},{"taxonomy":"post_tag","embeddable":true,"href":"https:\/\/insideamateurfussball-ffm.de\/index.php?rest_route=%2Fwp%2Fv2%2Ftags&post=6837"}],"curies":[{"name":"wp","href":"https:\/\/api.w.org\/{rel}","templated":true}]}}